{"id":56579,"date":"2021-05-20T09:39:00","date_gmt":"2021-05-20T12:39:00","guid":{"rendered":"http:\/\/blogdoeloiltoncajuhy.com.br\/site\/?p=56579"},"modified":"2021-05-20T09:39:02","modified_gmt":"2021-05-20T12:39:02","slug":"paciente-recebe-alta-depois-de-51-dias-internada-com-a-covid-19-e-um-parto-antecipado","status":"publish","type":"post","link":"https:\/\/blogdoeloiltoncajuhy.com.br\/site\/paciente-recebe-alta-depois-de-51-dias-internada-com-a-covid-19-e-um-parto-antecipado\/","title":{"rendered":"Paciente recebe alta depois de 51 dias internada com a Covid-19 e um parto antecipado"},"content":{"rendered":"\n<div class=\"wp-block-image\"><figure class=\"aligncenter size-large\"><a href=\"https:\/\/i0.wp.com\/blogdoeloiltoncajuhy.com.br\/site\/wp-content\/uploads\/2021\/05\/GestantePetrolina-01.jpg\"><img data-recalc-dims=\"1\" fetchpriority=\"high\" decoding=\"async\" width=\"800\" height=\"748\" src=\"https:\/\/i0.wp.com\/blogdoeloiltoncajuhy.com.br\/site\/wp-content\/uploads\/2021\/05\/GestantePetrolina-01.jpg?resize=800%2C748\" alt=\"\" class=\"wp-image-56580\" srcset=\"https:\/\/i0.wp.com\/blogdoeloiltoncajuhy.com.br\/site\/wp-content\/uploads\/2021\/05\/GestantePetrolina-01.jpg?resize=1024%2C957&amp;ssl=1 1024w, https:\/\/i0.wp.com\/blogdoeloiltoncajuhy.com.br\/site\/wp-content\/uploads\/2021\/05\/GestantePetrolina-01.jpg?resize=300%2C280&amp;ssl=1 300w, https:\/\/i0.wp.com\/blogdoeloiltoncajuhy.com.br\/site\/wp-content\/uploads\/2021\/05\/GestantePetrolina-01.jpg?resize=768%2C718&amp;ssl=1 768w, https:\/\/i0.wp.com\/blogdoeloiltoncajuhy.com.br\/site\/wp-content\/uploads\/2021\/05\/GestantePetrolina-01.jpg?w=1280&amp;ssl=1 1280w\" sizes=\"(max-width: 800px) 100vw, 800px\" \/><\/a><\/figure><\/div>\n\n\n\n<p>Alegria, ora\u00e7\u00f5es, agradecimentos e um encontro emocionante entre m\u00e3e e filho, marcaram o final da tarde desta ter\u00e7a-feira (18) em Petrolina, Sert\u00e3o de Pernambuco. Depois de 51 dias internada no Hospital da Unimed com sintomas da Covid\u201319 e muitas complica\u00e7\u00f5es, a paciente Amanda Lisboa, de 32 anos, recebeu alta m\u00e9dica e p\u00f4de pegar nos bra\u00e7os o pequeno Robertinho, depois de um m\u00eas e 19 dias de nascido.<\/p>\n\n\n\n<p>A administradora de empresas, Amanda Lisboa, deu entrada no hospital no \u00faltimo dia 28 de mar\u00e7o, gestante de 30 semanas e com sintomas gripais. Ap\u00f3s a confirma\u00e7\u00e3o da Covid\u201319, teve uma piora no padr\u00e3o respirat\u00f3rio e queda de oxigena\u00e7\u00e3o. Dois dias depois da transfer\u00eancia para a UTI, foi entubada.<\/p>\n\n\n\n<p>De acordo com o diretor cl\u00ednico do Hospital da Unimed de Petrolina, Fernando Fran\u00e7a, uma equipe multidisciplinar se revezou diariamente na realiza\u00e7\u00e3o dos procedimentos necess\u00e1rios incluindo aqueles de alta complexidade. <em>\u201cPara o cuidado adequado com as v\u00e1rias complica\u00e7\u00f5es por que passou a paciente, antecipamos o parto do beb\u00ea Robertinho, que ficou internado na Unidade de Terapia Intensiva Neonatal\u201d<\/em>, ressaltou.<\/p>\n\n\n\n<p>Lembrando que a paciente saiu da ventila\u00e7\u00e3o mec\u00e2nica no \u00faltimo dia 9 e vai continuar fazendo fisioterapia, acompanhamento cardiol\u00f3gico e pulmonar, o diretor acrescentou que a alta hospitalar de Amanda Lisboa foi um verdadeiro milagre da ci\u00eancia. <em>\u201cO enfrentamento da Covid\u201319 tem sido um dos maiores desafios para a sa\u00fade no Brasil e no mundo e a nossa equipe m\u00e9dica se fortalece a cada conquista com o restabelecimento da sa\u00fade dos nossos pacientes\u201d<\/em>, pontuou.<\/p>\n\n\n\n<p>Reconhecida pelos profissionais de sa\u00fade pela \u201cincr\u00edvel for\u00e7a de vontade\u201d, Amanda agradeceu \u00e0s manifesta\u00e7\u00f5es de f\u00e9, palmas, mensagens expressas nos cartazes e as m\u00fasicas cantadas na sa\u00edda do hospital. <em>\u201cAgradecemos em primeiro lugar a Deus e depois a essa equipe m\u00e9dica super atenciosa e competente, al\u00e9m de todos os grupos de ora\u00e7\u00f5es que permaneceram em vig\u00edlia durante minha vit\u00f3ria contra a doen\u00e7a e o nascimento do meu filho\u201d<\/em>, concluiu.<\/p>\n\n\n\n<div class=\"wp-block-image\"><figure class=\"aligncenter size-large\"><a href=\"https:\/\/i0.wp.com\/blogdoeloiltoncajuhy.com.br\/site\/wp-content\/uploads\/2021\/05\/GestantePetrolina-02.jpg\"><img data-recalc-dims=\"1\" decoding=\"async\" width=\"800\" height=\"533\" src=\"https:\/\/i0.wp.com\/blogdoeloiltoncajuhy.com.br\/site\/wp-content\/uploads\/2021\/05\/GestantePetrolina-02.jpg?resize=800%2C533\" alt=\"\" class=\"wp-image-56581\" srcset=\"https:\/\/i0.wp.com\/blogdoeloiltoncajuhy.com.br\/site\/wp-content\/uploads\/2021\/05\/GestantePetrolina-02.jpg?resize=1024%2C682&amp;ssl=1 1024w, https:\/\/i0.wp.com\/blogdoeloiltoncajuhy.com.br\/site\/wp-content\/uploads\/2021\/05\/GestantePetrolina-02.jpg?resize=300%2C200&amp;ssl=1 300w, https:\/\/i0.wp.com\/blogdoeloiltoncajuhy.com.br\/site\/wp-content\/uploads\/2021\/05\/GestantePetrolina-02.jpg?resize=768%2C512&amp;ssl=1 768w, https:\/\/i0.wp.com\/blogdoeloiltoncajuhy.com.br\/site\/wp-content\/uploads\/2021\/05\/GestantePetrolina-02.jpg?w=1280&amp;ssl=1 1280w\" sizes=\"(max-width: 800px) 100vw, 800px\" \/><\/a><\/figure><\/div>\n","protected":false},"excerpt":{"rendered":"<p>Alegria, ora\u00e7\u00f5es, agradecimentos e um encontro emocionante entre m\u00e3e e filho, marcaram o final da tarde desta ter\u00e7a-feira (18) em Petrolina, Sert\u00e3o de Pernambuco. Depois de 51 dias internada no Hospital da Unimed com sintomas da Covid\u201319 e muitas complica\u00e7\u00f5es, a paciente Amanda Lisboa, de 32 anos, recebeu alta m\u00e9dica e p\u00f4de pegar nos bra\u00e7os [&hellip;]<\/p>\n","protected":false},"author":2,"featured_media":56580,"comment_status":"open","ping_status":"open","sticky":false,"template":"","format":"standard","meta":{"_acf_changed":false,"_monsterinsights_skip_tracking":false,"_monsterinsights_sitenote_active":false,"_monsterinsights_sitenote_note":"","_monsterinsights_sitenote_category":0,"_jetpack_memberships_contains_paid_content":false,"footnotes":"","jetpack_publicize_message":"","jetpack_publicize_feature_enabled":true,"jetpack_social_post_already_shared":false,"jetpack_social_options":{"image_generator_settings":{"template":"highway","default_image_id":0,"font":"","enabled":false},"version":2}},"categories":[7],"tags":[],"class_list":["post-56579","post","type-post","status-publish","format-standard","has-post-thumbnail","hentry","category-saude"],"acf":[],"jetpack_publicize_connections":[],"jetpack_featured_media_url":"https:\/\/i0.wp.com\/blogdoeloiltoncajuhy.com.br\/site\/wp-content\/uploads\/2021\/05\/GestantePetrolina-01.jpg?fit=1280%2C1196&ssl=1","jetpack_sharing_enabled":true,"publishpress_future_workflow_manual_trigger":{"enabledWorkflows":[]},"_links":{"self":[{"href":"https:\/\/blogdoeloiltoncajuhy.com.br\/site\/wp-json\/wp\/v2\/posts\/56579","targetHints":{"allow":["GET"]}}],"collection":[{"href":"https:\/\/blogdoeloiltoncajuhy.com.br\/site\/wp-json\/wp\/v2\/posts"}],"about":[{"href":"https:\/\/blogdoeloiltoncajuhy.com.br\/site\/wp-json\/wp\/v2\/types\/post"}],"author":[{"embeddable":true,"href":"https:\/\/blogdoeloiltoncajuhy.com.br\/site\/wp-json\/wp\/v2\/users\/2"}],"replies":[{"embeddable":true,"href":"https:\/\/blogdoeloiltoncajuhy.com.br\/site\/wp-json\/wp\/v2\/comments?post=56579"}],"version-history":[{"count":2,"href":"https:\/\/blogdoeloiltoncajuhy.com.br\/site\/wp-json\/wp\/v2\/posts\/56579\/revisions"}],"predecessor-version":[{"id":56583,"href":"https:\/\/blogdoeloiltoncajuhy.com.br\/site\/wp-json\/wp\/v2\/posts\/56579\/revisions\/56583"}],"wp:featuredmedia":[{"embeddable":true,"href":"https:\/\/blogdoeloiltoncajuhy.com.br\/site\/wp-json\/wp\/v2\/media\/56580"}],"wp:attachment":[{"href":"https:\/\/blogdoeloiltoncajuhy.com.br\/site\/wp-json\/wp\/v2\/media?parent=56579"}],"wp:term":[{"taxonomy":"category","embeddable":true,"href":"https:\/\/blogdoeloiltoncajuhy.com.br\/site\/wp-json\/wp\/v2\/categories?post=56579"},{"taxonomy":"post_tag","embeddable":true,"href":"https:\/\/blogdoeloiltoncajuhy.com.br\/site\/wp-json\/wp\/v2\/tags?post=56579"}],"curies":[{"name":"wp","href":"https:\/\/api.w.org\/{rel}","templated":true}]}}