{"id":56575,"date":"2021-05-20T09:14:38","date_gmt":"2021-05-20T12:14:38","guid":{"rendered":"http:\/\/blogdoeloiltoncajuhy.com.br\/site\/?p=56575"},"modified":"2021-05-20T09:19:34","modified_gmt":"2021-05-20T12:19:34","slug":"para-celebrar-seus-14-anos-hemoba-de-senhor-do-bonfim-fara-o-sabadao-solidario","status":"publish","type":"post","link":"https:\/\/blogdoeloiltoncajuhy.com.br\/site\/para-celebrar-seus-14-anos-hemoba-de-senhor-do-bonfim-fara-o-sabadao-solidario\/","title":{"rendered":"Para celebrar seus 14 anos, Hemoba de Senhor do Bonfim far\u00e1 o &#8220;Sabad\u00e3o Solid\u00e1rio&#8221;"},"content":{"rendered":"\n<div class=\"wp-block-image\"><figure class=\"aligncenter size-full is-resized\"><a href=\"https:\/\/i0.wp.com\/blogdoeloiltoncajuhy.com.br\/site\/wp-content\/uploads\/2015\/11\/hemoba-logo.jpg\"><img data-recalc-dims=\"1\" fetchpriority=\"high\" decoding=\"async\" src=\"https:\/\/i0.wp.com\/blogdoeloiltoncajuhy.com.br\/site\/wp-content\/uploads\/2015\/11\/hemoba-logo.jpg?resize=610%2C253\" alt=\"\" class=\"wp-image-5930\" width=\"610\" height=\"253\" srcset=\"https:\/\/i0.wp.com\/blogdoeloiltoncajuhy.com.br\/site\/wp-content\/uploads\/2015\/11\/hemoba-logo.jpg?w=610&amp;ssl=1 610w, https:\/\/i0.wp.com\/blogdoeloiltoncajuhy.com.br\/site\/wp-content\/uploads\/2015\/11\/hemoba-logo.jpg?resize=300%2C124&amp;ssl=1 300w, https:\/\/i0.wp.com\/blogdoeloiltoncajuhy.com.br\/site\/wp-content\/uploads\/2015\/11\/hemoba-logo.jpg?resize=250%2C104&amp;ssl=1 250w\" sizes=\"(max-width: 610px) 100vw, 610px\" \/><\/a><\/figure><\/div>\n\n\n\n<p>O pr\u00f3ximo s\u00e1bado ser\u00e1 de celebra\u00e7\u00e3o nas unidades da Hemoba. Dois dos 28 pontos de coleta festejam anivers\u00e1rio esta semana: <strong>Senhor do Bonfim comemora 14 anos de unidade<\/strong>, enquanto o Hemocentro Regional de Barreiras completa tr\u00eas anos. Em Salvador e em Itapetinga, o <strong><em>\u2018Sabad\u00e3o Solid\u00e1rio\u2019<\/em><\/strong> estende o hor\u00e1rio de atendimento das unidades neste s\u00e1bado (22).<\/p>\n\n\n\n<p>Em todas as unidades, os atendimentos ser\u00e3o realizados por ordem de chegada, respeitando a demanda espont\u00e2nea de doadores, ou por agendamento. Em Barreiras e em Itapetinga, os volunt\u00e1rios poder\u00e3o doar das 8h \u00e0s 12h. Os agendamentos podem ser realizados por meio dos telefones (77) 3613-3799 e (77) 3261-7697, respectivamente. <strong>Em Senhor do Bonfim, o atendimento ser\u00e1 das 8h \u00e0s 13h e pode ser agendado pelo telefone (74) 3541-3256.<\/strong><\/p>\n\n\n\n<p>Em Salvador, a sede da Hemoba, na Vasco da Gama, atender\u00e1 doadores de 12 motoclubes, mobilizados pelos moto grupos Pedra Angular, Mortalha Negra e Abutres, neste s\u00e1bado (22), e o p\u00fablico geral das 7h \u00e0s 12h30. Os agendamentos podem ser realizados pelo site da Hemoba, e-mail horamarcada@hemoba.ba.gov.br ou telefone (71) 3116-5643. J\u00e1 nos postos de coleta do Salvador Shopping e Salvador Norte Shopping, o atendimento ocorre por demanda espont\u00e2nea, das 10h \u00e0s 18h.<\/p>\n\n\n\n<p class=\"has-black-color has-text-color has-medium-font-size\"><strong>Sobre a doa\u00e7\u00e3o<\/strong><\/p>\n\n\n\n<p>Para doar sangue, o volunt\u00e1rio deve estar de m\u00e1scara, em boas condi\u00e7\u00f5es de sa\u00fade, sem sintomas virais, pesar mais de 50 quilos, estar bem alimentado, ter dormido pelo menos 6h, n\u00e3o ter ingerido bebida alco\u00f3lica nas \u00faltimas 12h, n\u00e3o fumar por, pelo menos, duas horas, e ter entre 16 e 69 anos incompletos. Menores de 18 anos precisam estar acompanhados de um respons\u00e1vel legal, e apresentar documento original com foto, emitido por \u00f3rg\u00e3o oficial e v\u00e1lido em todo o territ\u00f3rio nacional.<\/p>\n\n\n\n<p>Pessoas que se vacinaram contra a Covid-19 com a vacina da Coronavac, poder\u00e3o doar sangue ap\u00f3s 48 horas. No caso do imunizante da AstraZeneca e Pfizer, as pessoas podem doar ap\u00f3s sete dias da vacina\u00e7\u00e3o. Durante a pandemia, a recomenda\u00e7\u00e3o \u00e9 de que pessoas com mais de 60 anos permane\u00e7am em casa.<\/p>\n","protected":false},"excerpt":{"rendered":"<p>O pr\u00f3ximo s\u00e1bado ser\u00e1 de celebra\u00e7\u00e3o nas unidades da Hemoba. Dois dos 28 pontos de coleta festejam anivers\u00e1rio esta semana: Senhor do Bonfim comemora 14 anos de unidade, enquanto o Hemocentro Regional de Barreiras completa tr\u00eas anos. Em Salvador e em Itapetinga, o \u2018Sabad\u00e3o Solid\u00e1rio\u2019 estende o hor\u00e1rio de atendimento das unidades neste s\u00e1bado (22). [&hellip;]<\/p>\n","protected":false},"author":2,"featured_media":5930,"comment_status":"open","ping_status":"open","sticky":false,"template":"","format":"standard","meta":{"_acf_changed":false,"_monsterinsights_skip_tracking":false,"_monsterinsights_sitenote_active":false,"_monsterinsights_sitenote_note":"","_monsterinsights_sitenote_category":0,"_jetpack_memberships_contains_paid_content":false,"footnotes":"","jetpack_publicize_message":"","jetpack_publicize_feature_enabled":true,"jetpack_social_post_already_shared":false,"jetpack_social_options":{"image_generator_settings":{"template":"highway","default_image_id":0,"font":"","enabled":false},"version":2}},"categories":[4],"tags":[],"class_list":["post-56575","post","type-post","status-publish","format-standard","has-post-thumbnail","hentry","category-local"],"acf":[],"jetpack_publicize_connections":[],"jetpack_featured_media_url":"https:\/\/i0.wp.com\/blogdoeloiltoncajuhy.com.br\/site\/wp-content\/uploads\/2015\/11\/hemoba-logo.jpg?fit=610%2C253&ssl=1","jetpack_sharing_enabled":true,"publishpress_future_workflow_manual_trigger":{"enabledWorkflows":[]},"_links":{"self":[{"href":"https:\/\/blogdoeloiltoncajuhy.com.br\/site\/wp-json\/wp\/v2\/posts\/56575","targetHints":{"allow":["GET"]}}],"collection":[{"href":"https:\/\/blogdoeloiltoncajuhy.com.br\/site\/wp-json\/wp\/v2\/posts"}],"about":[{"href":"https:\/\/blogdoeloiltoncajuhy.com.br\/site\/wp-json\/wp\/v2\/types\/post"}],"author":[{"embeddable":true,"href":"https:\/\/blogdoeloiltoncajuhy.com.br\/site\/wp-json\/wp\/v2\/users\/2"}],"replies":[{"embeddable":true,"href":"https:\/\/blogdoeloiltoncajuhy.com.br\/site\/wp-json\/wp\/v2\/comments?post=56575"}],"version-history":[{"count":3,"href":"https:\/\/blogdoeloiltoncajuhy.com.br\/site\/wp-json\/wp\/v2\/posts\/56575\/revisions"}],"predecessor-version":[{"id":56578,"href":"https:\/\/blogdoeloiltoncajuhy.com.br\/site\/wp-json\/wp\/v2\/posts\/56575\/revisions\/56578"}],"wp:featuredmedia":[{"embeddable":true,"href":"https:\/\/blogdoeloiltoncajuhy.com.br\/site\/wp-json\/wp\/v2\/media\/5930"}],"wp:attachment":[{"href":"https:\/\/blogdoeloiltoncajuhy.com.br\/site\/wp-json\/wp\/v2\/media?parent=56575"}],"wp:term":[{"taxonomy":"category","embeddable":true,"href":"https:\/\/blogdoeloiltoncajuhy.com.br\/site\/wp-json\/wp\/v2\/categories?post=56575"},{"taxonomy":"post_tag","embeddable":true,"href":"https:\/\/blogdoeloiltoncajuhy.com.br\/site\/wp-json\/wp\/v2\/tags?post=56575"}],"curies":[{"name":"wp","href":"https:\/\/api.w.org\/{rel}","templated":true}]}}