{"id":56571,"date":"2021-05-20T08:57:12","date_gmt":"2021-05-20T11:57:12","guid":{"rendered":"http:\/\/blogdoeloiltoncajuhy.com.br\/site\/?p=56571"},"modified":"2021-05-20T08:57:14","modified_gmt":"2021-05-20T11:57:14","slug":"crianca-de-9-anos-que-foi-sequestrada-em-miguel-calmon-e-encontrada-em-feira-de-santana","status":"publish","type":"post","link":"https:\/\/blogdoeloiltoncajuhy.com.br\/site\/crianca-de-9-anos-que-foi-sequestrada-em-miguel-calmon-e-encontrada-em-feira-de-santana\/","title":{"rendered":"Crian\u00e7a de 9 anos que foi sequestrada em Miguel Calmon \u00e9 encontrada em Feira de Santana"},"content":{"rendered":"\n<h5 class=\"has-text-align-center wp-block-heading\"><em>Menino foi levado na manh\u00e3 de segunda-feira (17), enquanto brincava em uma pra\u00e7a da cidade. Tr\u00eas suspeitos foram presos e outras tr\u00eas s\u00e3o procuradas pela pol\u00edcia<\/em><\/h5>\n\n\n\n<div class=\"wp-block-image\"><figure class=\"aligncenter size-large\"><a href=\"https:\/\/i0.wp.com\/blogdoeloiltoncajuhy.com.br\/site\/wp-content\/uploads\/2021\/05\/Menino-sequestrado-Miguel-Calmon.jpg\"><img data-recalc-dims=\"1\" fetchpriority=\"high\" decoding=\"async\" width=\"800\" height=\"492\" src=\"https:\/\/i0.wp.com\/blogdoeloiltoncajuhy.com.br\/site\/wp-content\/uploads\/2021\/05\/Menino-sequestrado-Miguel-Calmon.jpg?resize=800%2C492\" alt=\"\" class=\"wp-image-56572\" srcset=\"https:\/\/i0.wp.com\/blogdoeloiltoncajuhy.com.br\/site\/wp-content\/uploads\/2021\/05\/Menino-sequestrado-Miguel-Calmon.jpg?w=984&amp;ssl=1 984w, https:\/\/i0.wp.com\/blogdoeloiltoncajuhy.com.br\/site\/wp-content\/uploads\/2021\/05\/Menino-sequestrado-Miguel-Calmon.jpg?resize=300%2C184&amp;ssl=1 300w, https:\/\/i0.wp.com\/blogdoeloiltoncajuhy.com.br\/site\/wp-content\/uploads\/2021\/05\/Menino-sequestrado-Miguel-Calmon.jpg?resize=768%2C472&amp;ssl=1 768w\" sizes=\"(max-width: 800px) 100vw, 800px\" \/><\/a><figcaption><em><sub>Uma c\u00e2mera registrou quando dois homens pegam a crian\u00e7a, que brincava em uma pra\u00e7a em frente \u00e0 casa da m\u00e3e, em Miguel Calmon \u2014 Foto: Reprodu\u00e7\u00e3o\/TV Bahia<\/sub><\/em><\/figcaption><\/figure><\/div>\n\n\n\n<p>O menino de 9 anos que foi sequestrado na cidade de Miguel Calmon, no norte da Bahia, foi encontrado em Feira de Santana. Nesta quinta-feira (20), a crian\u00e7a j\u00e1 est\u00e1 com a fam\u00edlia.<\/p>\n\n\n\n<p>A crian\u00e7a foi sequestrada na manh\u00e3 de segunda-feira (17), enquanto brincava em uma pra\u00e7a. Uma c\u00e2mera de seguran\u00e7a do local registrou a a\u00e7\u00e3o.<\/p>\n\n\n\n<p>Na ter\u00e7a-feira (18) tr\u00eas pessoas, duas mulheres e um homem, foram presas por envolvimento no caso. Segundo a pol\u00edcia, os presos s\u00e3o Em\u00edlia Lima Magalh\u00e3es, Sebasti\u00e3o Gama Barreto e Poliana Miranda. Outras tr\u00eas pessoas est\u00e3o sendo procuradas.<\/p>\n\n\n\n<p>A pol\u00edcia n\u00e3o informou se houve pedido de resgate, nem se a fam\u00edlia pagou. Ainda n\u00e3o h\u00e1 detalhes de como a crian\u00e7a foi encontrada.<\/p>\n\n\n\n<p class=\"has-black-color has-text-color has-medium-font-size\"><strong>Caso<\/strong><\/p>\n\n\n\n<p>Nas imagens do sequestro, gravadas por uma c\u00e2mera de seguran\u00e7a, \u00e9 poss\u00edvel ver que um carro preto se aproximou do garoto, que brincava em frente \u00e0 casa da m\u00e3e. O ve\u00edculo parou e dois homens foram at\u00e9 o menino. Em seguida, os suspeitos colocaram ele dentro do carro.<\/p>\n\n\n\n<p>O carro usado na a\u00e7\u00e3o foi encontrado horas depois, na zona rural de Miguel Calmon, com os pneus furados. Dos tr\u00eas presos, um deles estava com uma arma e confessou ter participa\u00e7\u00e3o no sequestro. A pol\u00edcia n\u00e3o detalhou qual dos tr\u00eas.<\/p>\n\n\n\n<p>A m\u00e3e do menino, que faz parte de uma fam\u00edlia de ciganos, informou que n\u00e3o sabe o motivo do sequestro. O Governo da Bahia chegou a disponibilizar um helic\u00f3ptero para auxiliar nas buscas.<\/p>\n","protected":false},"excerpt":{"rendered":"<p>Menino foi levado na manh\u00e3 de segunda-feira (17), enquanto brincava em uma pra\u00e7a da cidade. Tr\u00eas suspeitos foram presos e outras tr\u00eas s\u00e3o procuradas pela pol\u00edcia O menino de 9 anos que foi sequestrado na cidade de Miguel Calmon, no norte da Bahia, foi encontrado em Feira de Santana. Nesta quinta-feira (20), a crian\u00e7a j\u00e1 [&hellip;]<\/p>\n","protected":false},"author":2,"featured_media":3229,"comment_status":"open","ping_status":"open","sticky":false,"template":"","format":"standard","meta":{"_acf_changed":false,"_monsterinsights_skip_tracking":false,"_monsterinsights_sitenote_active":false,"_monsterinsights_sitenote_note":"","_monsterinsights_sitenote_category":0,"_jetpack_memberships_contains_paid_content":false,"footnotes":"","jetpack_publicize_message":"","jetpack_publicize_feature_enabled":true,"jetpack_social_post_already_shared":false,"jetpack_social_options":{"image_generator_settings":{"template":"highway","default_image_id":0,"font":"","enabled":false},"version":2}},"categories":[15],"tags":[],"class_list":["post-56571","post","type-post","status-publish","format-standard","has-post-thumbnail","hentry","category-policia"],"acf":[],"jetpack_publicize_connections":[],"jetpack_featured_media_url":"https:\/\/i0.wp.com\/blogdoeloiltoncajuhy.com.br\/site\/wp-content\/uploads\/2015\/08\/Plant%C3%A3o-de-Pol%C3%ADcia1.jpg?fit=640%2C329&ssl=1","jetpack_sharing_enabled":true,"publishpress_future_workflow_manual_trigger":{"enabledWorkflows":[]},"_links":{"self":[{"href":"https:\/\/blogdoeloiltoncajuhy.com.br\/site\/wp-json\/wp\/v2\/posts\/56571","targetHints":{"allow":["GET"]}}],"collection":[{"href":"https:\/\/blogdoeloiltoncajuhy.com.br\/site\/wp-json\/wp\/v2\/posts"}],"about":[{"href":"https:\/\/blogdoeloiltoncajuhy.com.br\/site\/wp-json\/wp\/v2\/types\/post"}],"author":[{"embeddable":true,"href":"https:\/\/blogdoeloiltoncajuhy.com.br\/site\/wp-json\/wp\/v2\/users\/2"}],"replies":[{"embeddable":true,"href":"https:\/\/blogdoeloiltoncajuhy.com.br\/site\/wp-json\/wp\/v2\/comments?post=56571"}],"version-history":[{"count":2,"href":"https:\/\/blogdoeloiltoncajuhy.com.br\/site\/wp-json\/wp\/v2\/posts\/56571\/revisions"}],"predecessor-version":[{"id":56574,"href":"https:\/\/blogdoeloiltoncajuhy.com.br\/site\/wp-json\/wp\/v2\/posts\/56571\/revisions\/56574"}],"wp:featuredmedia":[{"embeddable":true,"href":"https:\/\/blogdoeloiltoncajuhy.com.br\/site\/wp-json\/wp\/v2\/media\/3229"}],"wp:attachment":[{"href":"https:\/\/blogdoeloiltoncajuhy.com.br\/site\/wp-json\/wp\/v2\/media?parent=56571"}],"wp:term":[{"taxonomy":"category","embeddable":true,"href":"https:\/\/blogdoeloiltoncajuhy.com.br\/site\/wp-json\/wp\/v2\/categories?post=56571"},{"taxonomy":"post_tag","embeddable":true,"href":"https:\/\/blogdoeloiltoncajuhy.com.br\/site\/wp-json\/wp\/v2\/tags?post=56571"}],"curies":[{"name":"wp","href":"https:\/\/api.w.org\/{rel}","templated":true}]}}