{"id":56559,"date":"2021-05-20T07:24:14","date_gmt":"2021-05-20T10:24:14","guid":{"rendered":"http:\/\/blogdoeloiltoncajuhy.com.br\/site\/?p=56559"},"modified":"2021-05-20T07:24:16","modified_gmt":"2021-05-20T10:24:16","slug":"sempre-e-tempo-de-praticar-a-generosidade","status":"publish","type":"post","link":"https:\/\/blogdoeloiltoncajuhy.com.br\/site\/sempre-e-tempo-de-praticar-a-generosidade\/","title":{"rendered":"Sempre \u00e9 tempo de praticar a generosidade"},"content":{"rendered":"\n<div class=\"wp-block-image\"><figure class=\"aligncenter size-large\"><a href=\"https:\/\/i0.wp.com\/blogdoeloiltoncajuhy.com.br\/site\/wp-content\/uploads\/2020\/08\/pexels-photo-370799.jpeg\"><img data-recalc-dims=\"1\" fetchpriority=\"high\" decoding=\"async\" width=\"800\" height=\"500\" src=\"https:\/\/i0.wp.com\/blogdoeloiltoncajuhy.com.br\/site\/wp-content\/uploads\/2020\/08\/pexels-photo-370799.jpeg?resize=800%2C500\" alt=\"abstract art background blue\" class=\"wp-image-48274\" srcset=\"https:\/\/i0.wp.com\/blogdoeloiltoncajuhy.com.br\/site\/wp-content\/uploads\/2020\/08\/pexels-photo-370799.jpeg?resize=1024%2C640&amp;ssl=1 1024w, https:\/\/i0.wp.com\/blogdoeloiltoncajuhy.com.br\/site\/wp-content\/uploads\/2020\/08\/pexels-photo-370799.jpeg?resize=300%2C188&amp;ssl=1 300w, https:\/\/i0.wp.com\/blogdoeloiltoncajuhy.com.br\/site\/wp-content\/uploads\/2020\/08\/pexels-photo-370799.jpeg?resize=768%2C480&amp;ssl=1 768w, https:\/\/i0.wp.com\/blogdoeloiltoncajuhy.com.br\/site\/wp-content\/uploads\/2020\/08\/pexels-photo-370799.jpeg?resize=1536%2C960&amp;ssl=1 1536w, https:\/\/i0.wp.com\/blogdoeloiltoncajuhy.com.br\/site\/wp-content\/uploads\/2020\/08\/pexels-photo-370799.jpeg?w=1880&amp;ssl=1 1880w, https:\/\/i0.wp.com\/blogdoeloiltoncajuhy.com.br\/site\/wp-content\/uploads\/2020\/08\/pexels-photo-370799.jpeg?w=1600 1600w\" sizes=\"(max-width: 800px) 100vw, 800px\" \/><\/a><figcaption><em><sub>Photo by Dana Tentis on <a rel=\"nofollow\" href=\"https:\/\/www.pexels.com\/photo\/abstract-art-background-blue-370799\/\">Pexels.com<\/a><\/sub><\/em><\/figcaption><\/figure><\/div>\n\n\n\n<p>Numa crise, seja ela global ou individual, como voc\u00ea age em rela\u00e7\u00e3o \u00e0s outras pessoas?<\/p>\n\n\n\n<p>O comportamento natural do ser humano \u00e9 o de sobreviv\u00eancia, o que o leva a tomar atitudes pensando apenas nos seus interesses para sua pr\u00f3pria preserva\u00e7\u00e3o e a da sua fam\u00edlia. Quando o \u201ccalo aperta\u201d, ele n\u00e3o sabe lidar com isso e coloca os olhos somente em si, deixando de pensar na necessidade do outro.<\/p>\n\n\n\n<p>Quer um exemplo? O que fazem as pessoas ao receberem uma not\u00edcia alarmante sobre uma paralisa\u00e7\u00e3o ou alguma calamidade que possa comprometer o abastecimento de alimentos? Correm para o mercado e lotam seus carrinhos com tantos itens de um mesmo produto, que inviabilizam outra fam\u00edlia comprar. Sem a consci\u00eancia da generosidade e inseguras, elas nem pensam que o seu exagero vai fazer outra pessoa ficar sem.<\/p>\n\n\n\n<p>Mas e a Igreja, como deve agir? Jesus, no seu momento de maior agonia no corpo e na alma, quando estava na cruz, morrendo no nosso lugar, ainda deu mais um ensinamento ao se preocupar em quem cuidaria de Maria, sua m\u00e3e, pedindo que Jo\u00e3o fizesse isso.<\/p>\n\n\n\n<p>Como filhos de Deus, temos uma alian\u00e7a eterna com Ele, que \u00e9 o autor da vida, o Criador e dono de todas as coisas. Ele nos prometeu que nada nos faltaria! Temos a Sua garantia!<\/p>\n\n\n\n<p>Por isso, precisamos ter equil\u00edbrio cuidando da nossa casa, mas tamb\u00e9m ajudando o nosso pr\u00f3ximo. N\u00e3o existe uma f\u00f3rmula pronta, mas existe um cora\u00e7\u00e3o dispon\u00edvel e sens\u00edvel \u00e0 dire\u00e7\u00e3o que o Esp\u00edrito Santo aponta.<\/p>\n\n\n\n<p>Um dia, voc\u00ea ajuda algu\u00e9m. No outro, voc\u00ea \u00e9 ajudado. Em tempos de necessidade, pratique a generosidade. N\u00e3o \u00e9 tempo de pensar s\u00f3 em si mesmo, mas de transbordar o amor de Deus, que est\u00e1 em n\u00f3s, de forma pr\u00e1tica.<\/p>\n","protected":false},"excerpt":{"rendered":"<p>Numa crise, seja ela global ou individual, como voc\u00ea age em rela\u00e7\u00e3o \u00e0s outras pessoas? O comportamento natural do ser humano \u00e9 o de sobreviv\u00eancia, o que o leva a tomar atitudes pensando apenas nos seus interesses para sua pr\u00f3pria preserva\u00e7\u00e3o e a da sua fam\u00edlia. Quando o \u201ccalo aperta\u201d, ele n\u00e3o sabe lidar com [&hellip;]<\/p>\n","protected":false},"author":2,"featured_media":48274,"comment_status":"open","ping_status":"open","sticky":false,"template":"","format":"standard","meta":{"_acf_changed":false,"_monsterinsights_skip_tracking":false,"_monsterinsights_sitenote_active":false,"_monsterinsights_sitenote_note":"","_monsterinsights_sitenote_category":0,"_jetpack_memberships_contains_paid_content":false,"footnotes":"","jetpack_publicize_message":"","jetpack_publicize_feature_enabled":true,"jetpack_social_post_already_shared":false,"jetpack_social_options":{"image_generator_settings":{"template":"highway","default_image_id":0,"font":"","enabled":false},"version":2}},"categories":[9],"tags":[],"class_list":["post-56559","post","type-post","status-publish","format-standard","has-post-thumbnail","hentry","category-reflexao"],"acf":[],"jetpack_publicize_connections":[],"jetpack_featured_media_url":"https:\/\/i0.wp.com\/blogdoeloiltoncajuhy.com.br\/site\/wp-content\/uploads\/2020\/08\/pexels-photo-370799.jpeg?fit=1880%2C1175&ssl=1","jetpack_sharing_enabled":true,"publishpress_future_workflow_manual_trigger":{"enabledWorkflows":[]},"_links":{"self":[{"href":"https:\/\/blogdoeloiltoncajuhy.com.br\/site\/wp-json\/wp\/v2\/posts\/56559","targetHints":{"allow":["GET"]}}],"collection":[{"href":"https:\/\/blogdoeloiltoncajuhy.com.br\/site\/wp-json\/wp\/v2\/posts"}],"about":[{"href":"https:\/\/blogdoeloiltoncajuhy.com.br\/site\/wp-json\/wp\/v2\/types\/post"}],"author":[{"embeddable":true,"href":"https:\/\/blogdoeloiltoncajuhy.com.br\/site\/wp-json\/wp\/v2\/users\/2"}],"replies":[{"embeddable":true,"href":"https:\/\/blogdoeloiltoncajuhy.com.br\/site\/wp-json\/wp\/v2\/comments?post=56559"}],"version-history":[{"count":2,"href":"https:\/\/blogdoeloiltoncajuhy.com.br\/site\/wp-json\/wp\/v2\/posts\/56559\/revisions"}],"predecessor-version":[{"id":56561,"href":"https:\/\/blogdoeloiltoncajuhy.com.br\/site\/wp-json\/wp\/v2\/posts\/56559\/revisions\/56561"}],"wp:featuredmedia":[{"embeddable":true,"href":"https:\/\/blogdoeloiltoncajuhy.com.br\/site\/wp-json\/wp\/v2\/media\/48274"}],"wp:attachment":[{"href":"https:\/\/blogdoeloiltoncajuhy.com.br\/site\/wp-json\/wp\/v2\/media?parent=56559"}],"wp:term":[{"taxonomy":"category","embeddable":true,"href":"https:\/\/blogdoeloiltoncajuhy.com.br\/site\/wp-json\/wp\/v2\/categories?post=56559"},{"taxonomy":"post_tag","embeddable":true,"href":"https:\/\/blogdoeloiltoncajuhy.com.br\/site\/wp-json\/wp\/v2\/tags?post=56559"}],"curies":[{"name":"wp","href":"https:\/\/api.w.org\/{rel}","templated":true}]}}