{"id":56554,"date":"2021-05-19T09:05:38","date_gmt":"2021-05-19T12:05:38","guid":{"rendered":"http:\/\/blogdoeloiltoncajuhy.com.br\/site\/?p=56554"},"modified":"2021-05-19T09:05:39","modified_gmt":"2021-05-19T12:05:39","slug":"enfermeira-denuncia-que-homem-nao-deixou-ela-aplicar-vacina-contra-covid-19-por-ser-negra-nao-tive-reacao","status":"publish","type":"post","link":"https:\/\/blogdoeloiltoncajuhy.com.br\/site\/enfermeira-denuncia-que-homem-nao-deixou-ela-aplicar-vacina-contra-covid-19-por-ser-negra-nao-tive-reacao\/","title":{"rendered":"Enfermeira denuncia que homem n\u00e3o deixou ela aplicar vacina contra Covid-19 por ser negra: &#8216;N\u00e3o tive rea\u00e7\u00e3o&#8217;"},"content":{"rendered":"\n<h5 class=\"has-text-align-center wp-block-heading\"><em>Caso aconteceu em Ilh\u00e9us, no sul da Bahia. Estudante est\u00e1 concluindo curso de enfermagem e atua, de forma volunt\u00e1ria, na vacina\u00e7\u00e3o contra o coronav\u00edrus em um Cras da cidade<\/em><\/h5>\n\n\n\n<div class=\"wp-block-image\"><figure class=\"aligncenter size-large\"><a href=\"https:\/\/i0.wp.com\/blogdoeloiltoncajuhy.com.br\/site\/wp-content\/uploads\/2021\/05\/Thais-Carvalho-01.jpg\"><img data-recalc-dims=\"1\" fetchpriority=\"high\" decoding=\"async\" width=\"800\" height=\"683\" src=\"https:\/\/i0.wp.com\/blogdoeloiltoncajuhy.com.br\/site\/wp-content\/uploads\/2021\/05\/Thais-Carvalho-01.jpg?resize=800%2C683\" alt=\"\" class=\"wp-image-56555\" srcset=\"https:\/\/i0.wp.com\/blogdoeloiltoncajuhy.com.br\/site\/wp-content\/uploads\/2021\/05\/Thais-Carvalho-01.jpg?w=984&amp;ssl=1 984w, https:\/\/i0.wp.com\/blogdoeloiltoncajuhy.com.br\/site\/wp-content\/uploads\/2021\/05\/Thais-Carvalho-01.jpg?resize=300%2C256&amp;ssl=1 300w, https:\/\/i0.wp.com\/blogdoeloiltoncajuhy.com.br\/site\/wp-content\/uploads\/2021\/05\/Thais-Carvalho-01.jpg?resize=768%2C656&amp;ssl=1 768w\" sizes=\"(max-width: 800px) 100vw, 800px\" \/><\/a><figcaption><em><sub>Enfermeira volunt\u00e1ria relata que homem se negou a tomar vacina contra Covid-19 porque ela \u00e9 negra \u2014 Foto: Reprodu\u00e7\u00e3o \/ TV Santa Cruz<\/sub><\/em><\/figcaption><\/figure><\/div>\n\n\n\n<p>Uma enfermeira volunt\u00e1ria denunciou um homem que se recusou a ser vacinado contra a Covid-19, porque ela, a vacinadora, era negra. O caso aconteceu na cidade de Ilh\u00e9us, no sul da Bahia, na segunda-feira (17).<\/p>\n\n\n\n<p>A estudante Tha\u00eds Carvalho est\u00e1 concluindo curso de enfermagem. Ela tamb\u00e9m \u00e9 maquiadora e todos os dias, ajuda, de forma volunt\u00e1ria, a vacinar pessoas no Cras Norte, no bairro Jardim Savoia.<\/p>\n\n\n\n<p><em>&#8216;O senhor, que estava acompanhado da filha dele, e ela pediu para que a gente fosse vacin\u00e1-lo no carro. Eu falei assim: &#8220;&#8216;O senhor quer que eu te vacine logo? O senhor \u00e9 o pr\u00f3ximo&#8217;. Ele falou que n\u00e3o. A\u00ed eu perguntei: &#8216;O senhor j\u00e1 fez a ficha?&#8217; Ele: &#8216;Meu filho est\u00e1 fazendo a ficha, mas voc\u00ea n\u00e3o&#8217;. A\u00ed eu abaixei na dire\u00e7\u00e3o dele e perguntei o motivo. A\u00ed ele virou para mim e disse: &#8216;Porque voc\u00ea \u00e9 negra'&#8221;<\/em>, contou a enfermeira volunt\u00e1ria.<\/p>\n\n\n\n<figure class=\"wp-block-pullquote\"><blockquote><p><strong><em>&#8220;Na hora, n\u00e3o tive rea\u00e7\u00e3o. Eu sempre pensei que se isso acontecesse comigo, eu ia reagir de tal maneira, mas n\u00e3o consegui. Eu me senti totalmente impotente&#8221;<\/em>.<\/strong><\/p><\/blockquote><\/figure>\n\n\n\n<div class=\"wp-block-image\"><figure class=\"aligncenter size-large\"><a href=\"https:\/\/i0.wp.com\/blogdoeloiltoncajuhy.com.br\/site\/wp-content\/uploads\/2021\/05\/Thais-Carvalho-02.jpg\"><img data-recalc-dims=\"1\" decoding=\"async\" width=\"800\" height=\"646\" src=\"https:\/\/i0.wp.com\/blogdoeloiltoncajuhy.com.br\/site\/wp-content\/uploads\/2021\/05\/Thais-Carvalho-02.jpg?resize=800%2C646\" alt=\"\" class=\"wp-image-56556\" srcset=\"https:\/\/i0.wp.com\/blogdoeloiltoncajuhy.com.br\/site\/wp-content\/uploads\/2021\/05\/Thais-Carvalho-02.jpg?w=984&amp;ssl=1 984w, https:\/\/i0.wp.com\/blogdoeloiltoncajuhy.com.br\/site\/wp-content\/uploads\/2021\/05\/Thais-Carvalho-02.jpg?resize=300%2C242&amp;ssl=1 300w, https:\/\/i0.wp.com\/blogdoeloiltoncajuhy.com.br\/site\/wp-content\/uploads\/2021\/05\/Thais-Carvalho-02.jpg?resize=768%2C620&amp;ssl=1 768w\" sizes=\"(max-width: 800px) 100vw, 800px\" \/><\/a><figcaption><em><sub>Enfermeira volunt\u00e1ria relata que homem se negou a tomar vacina contra Covid-19 porque ela \u00e9 negra \u2014 Foto: Reprodu\u00e7\u00e3o \/ TV Santa Cruz<\/sub><\/em><\/figcaption><\/figure><\/div>\n\n\n\n<p>Tha\u00eds Carvalho n\u00e3o conseguiu identificar o paciente, pois somente na segunda-feira (17), foram vacinadas mais de 500 pessoas no local. Mesmo assim, ela vai at\u00e9 uma delegacia de pol\u00edcia registrar boletim de ocorr\u00eancia sobre o caso, na tentativa de que ele seja identificado e punido.<\/p>\n\n\n\n<p><em>&#8220;Eu fiz a vacina\u00e7\u00e3o e voltei. Ele j\u00e1 tinha sa\u00eddo da sala de vacina, tomado a vacina dele&#8221;<\/em>, detalhou a jovem. Ap\u00f3s o caso ser notificado na Secretaria Municipal de Sa\u00fade (SMS), o secret\u00e1rio de Sa\u00fade Geraldo Magela, repudiou o fato e agradeceu Tha\u00eds Carvalho por se oferecer para participar da vacina\u00e7\u00e3o de forma volunt\u00e1ria.<\/p>\n\n\n\n<p><em>&#8220;Mesmo em um pa\u00eds miscigenado, com uma popula\u00e7\u00e3o bastante miscigenada, a gente ainda observa comportamentos como esses, que deveriam ser abolidos da sociedade. N\u00f3s devemos apoiar totalmente essa funcion\u00e1ria e agradec\u00ea-la por estar como volunt\u00e1ria no processo de vacina\u00e7\u00e3o&#8221;<\/em>, disse o secret\u00e1rio de Sa\u00fade.<\/p>\n\n\n\n<p>Nas redes sociais, Tha\u00eds Carvalho recebeu muitas mensagens de apoio, palavras de carinho, conforto, que tem ajudado a superar o momento.<\/p>\n\n\n\n<p><em>&#8220;Como eu sou estudante de enfermagem, eu sei a necessidade que nosso pa\u00eds est\u00e1 tendo com a vacina\u00e7\u00e3o. Por isso, decidi me doar a isso&#8221;<\/em>, disse a jovem, que prometeu seguir o trabalho no Cras.<\/p>\n","protected":false},"excerpt":{"rendered":"<p>Caso aconteceu em Ilh\u00e9us, no sul da Bahia. Estudante est\u00e1 concluindo curso de enfermagem e atua, de forma volunt\u00e1ria, na vacina\u00e7\u00e3o contra o coronav\u00edrus em um Cras da cidade Uma enfermeira volunt\u00e1ria denunciou um homem que se recusou a ser vacinado contra a Covid-19, porque ela, a vacinadora, era negra. O caso aconteceu na cidade [&hellip;]<\/p>\n","protected":false},"author":2,"featured_media":56556,"comment_status":"open","ping_status":"open","sticky":false,"template":"","format":"standard","meta":{"_acf_changed":false,"_monsterinsights_skip_tracking":false,"_monsterinsights_sitenote_active":false,"_monsterinsights_sitenote_note":"","_monsterinsights_sitenote_category":0,"_jetpack_memberships_contains_paid_content":false,"footnotes":"","jetpack_publicize_message":"","jetpack_publicize_feature_enabled":true,"jetpack_social_post_already_shared":false,"jetpack_social_options":{"image_generator_settings":{"template":"highway","default_image_id":0,"font":"","enabled":false},"version":2}},"categories":[1],"tags":[],"class_list":["post-56554","post","type-post","status-publish","format-standard","has-post-thumbnail","hentry","category-noticias"],"acf":[],"jetpack_publicize_connections":[],"jetpack_featured_media_url":"https:\/\/i0.wp.com\/blogdoeloiltoncajuhy.com.br\/site\/wp-content\/uploads\/2021\/05\/Thais-Carvalho-02.jpg?fit=984%2C795&ssl=1","jetpack_sharing_enabled":true,"publishpress_future_workflow_manual_trigger":{"enabledWorkflows":[]},"_links":{"self":[{"href":"https:\/\/blogdoeloiltoncajuhy.com.br\/site\/wp-json\/wp\/v2\/posts\/56554","targetHints":{"allow":["GET"]}}],"collection":[{"href":"https:\/\/blogdoeloiltoncajuhy.com.br\/site\/wp-json\/wp\/v2\/posts"}],"about":[{"href":"https:\/\/blogdoeloiltoncajuhy.com.br\/site\/wp-json\/wp\/v2\/types\/post"}],"author":[{"embeddable":true,"href":"https:\/\/blogdoeloiltoncajuhy.com.br\/site\/wp-json\/wp\/v2\/users\/2"}],"replies":[{"embeddable":true,"href":"https:\/\/blogdoeloiltoncajuhy.com.br\/site\/wp-json\/wp\/v2\/comments?post=56554"}],"version-history":[{"count":1,"href":"https:\/\/blogdoeloiltoncajuhy.com.br\/site\/wp-json\/wp\/v2\/posts\/56554\/revisions"}],"predecessor-version":[{"id":56557,"href":"https:\/\/blogdoeloiltoncajuhy.com.br\/site\/wp-json\/wp\/v2\/posts\/56554\/revisions\/56557"}],"wp:featuredmedia":[{"embeddable":true,"href":"https:\/\/blogdoeloiltoncajuhy.com.br\/site\/wp-json\/wp\/v2\/media\/56556"}],"wp:attachment":[{"href":"https:\/\/blogdoeloiltoncajuhy.com.br\/site\/wp-json\/wp\/v2\/media?parent=56554"}],"wp:term":[{"taxonomy":"category","embeddable":true,"href":"https:\/\/blogdoeloiltoncajuhy.com.br\/site\/wp-json\/wp\/v2\/categories?post=56554"},{"taxonomy":"post_tag","embeddable":true,"href":"https:\/\/blogdoeloiltoncajuhy.com.br\/site\/wp-json\/wp\/v2\/tags?post=56554"}],"curies":[{"name":"wp","href":"https:\/\/api.w.org\/{rel}","templated":true}]}}