{"id":56547,"date":"2021-05-19T08:41:43","date_gmt":"2021-05-19T11:41:43","guid":{"rendered":"http:\/\/blogdoeloiltoncajuhy.com.br\/site\/?p=56547"},"modified":"2021-05-19T08:41:44","modified_gmt":"2021-05-19T11:41:44","slug":"a-historia-da-cruz-do-deserto","status":"publish","type":"post","link":"https:\/\/blogdoeloiltoncajuhy.com.br\/site\/a-historia-da-cruz-do-deserto\/","title":{"rendered":"A hist\u00f3ria da Cruz do Deserto"},"content":{"rendered":"\n<div class=\"wp-block-image\"><figure class=\"aligncenter size-large\"><a href=\"https:\/\/i0.wp.com\/blogdoeloiltoncajuhy.com.br\/site\/wp-content\/uploads\/2021\/05\/MC_A-historia-da-Cruz-do-Deserto.jpeg\"><img data-recalc-dims=\"1\" fetchpriority=\"high\" decoding=\"async\" width=\"720\" height=\"540\" src=\"https:\/\/i0.wp.com\/blogdoeloiltoncajuhy.com.br\/site\/wp-content\/uploads\/2021\/05\/MC_A-historia-da-Cruz-do-Deserto.jpeg?resize=720%2C540\" alt=\"\" class=\"wp-image-56548\" srcset=\"https:\/\/i0.wp.com\/blogdoeloiltoncajuhy.com.br\/site\/wp-content\/uploads\/2021\/05\/MC_A-historia-da-Cruz-do-Deserto.jpeg?w=720&amp;ssl=1 720w, https:\/\/i0.wp.com\/blogdoeloiltoncajuhy.com.br\/site\/wp-content\/uploads\/2021\/05\/MC_A-historia-da-Cruz-do-Deserto.jpeg?resize=300%2C225&amp;ssl=1 300w\" sizes=\"(max-width: 720px) 100vw, 720px\" \/><\/a><\/figure><\/div>\n\n\n\n<p>Conta a hist\u00f3ria que, durante a Seca de 1932, um retirante apareceu pedindo esmolas na esta\u00e7\u00e3o do povoado de Tiririca, atual distrito de Quic\u00e9. Ap\u00f3s pernoitar no lugarejo, o andarilho seguiu viagem pela linha f\u00e9rrea, no sentido \u00e0 cidade de Iti\u00faba. Dias depois, cerca de sete quil\u00f4metros da vila, garimpeiros e trabalhadores da ferrovia encontraram o esmoler morto, sentado em uma pedra, debaixo de um p\u00e9 de inc\u00f3.<\/p>\n\n\n\n<p>O homem foi enterrado naquele local, onde colocaram uma cruz de ferro para sinalizar a cova. Com o passar do tempo foram surgindo rumores de gra\u00e7as alcan\u00e7adas aos pedidos feitos ali, na ent\u00e3o chamada Cruz do Velho. Tempos depois foi erguido um cruzeiro e constru\u00edda uma pequena capela, que passou a ser um recanto de f\u00e9 e ora\u00e7\u00f5es, atraindo centenas de romeiros que acreditam nos milagres da Santa Cruz do Deserto.<\/p>\n\n\n\n<p>Essa hist\u00f3ria ser\u00e1 o enredo do filme A Cruz do Deserto, produ\u00e7\u00e3o do cineasta e radialista Tito Rocha e protagonizado por Jackson Santana. O longa metragem, rodado em Senhor do Bonfim e Ant\u00f4nio Gon\u00e7alves, tem no elenco os bonfinenses Jeorge Catatau, Zecrinha Batista, Armindo Pereira, Miguel Ara\u00fajo e Jos\u00e9 Am\u00e9rico Arag\u00e3o.<\/p>\n\n\n\n<p class=\"has-black-color has-text-color\"><strong><em>Foto &amp; Fonte: Tito Rocha<br>Colabora\u00e7\u00e3o: @quice_ba<\/em><\/strong><\/p>\n","protected":false},"excerpt":{"rendered":"<p>Conta a hist\u00f3ria que, durante a Seca de 1932, um retirante apareceu pedindo esmolas na esta\u00e7\u00e3o do povoado de Tiririca, atual distrito de Quic\u00e9. Ap\u00f3s pernoitar no lugarejo, o andarilho seguiu viagem pela linha f\u00e9rrea, no sentido \u00e0 cidade de Iti\u00faba. Dias depois, cerca de sete quil\u00f4metros da vila, garimpeiros e trabalhadores da ferrovia encontraram [&hellip;]<\/p>\n","protected":false},"author":2,"featured_media":56548,"comment_status":"open","ping_status":"open","sticky":false,"template":"","format":"standard","meta":{"_acf_changed":false,"_monsterinsights_skip_tracking":false,"_monsterinsights_sitenote_active":false,"_monsterinsights_sitenote_note":"","_monsterinsights_sitenote_category":0,"_jetpack_memberships_contains_paid_content":false,"footnotes":"","jetpack_publicize_message":"","jetpack_publicize_feature_enabled":true,"jetpack_social_post_already_shared":false,"jetpack_social_options":{"image_generator_settings":{"template":"highway","default_image_id":0,"font":"","enabled":false},"version":2}},"categories":[4],"tags":[],"class_list":["post-56547","post","type-post","status-publish","format-standard","has-post-thumbnail","hentry","category-local"],"acf":[],"jetpack_publicize_connections":[],"jetpack_featured_media_url":"https:\/\/i0.wp.com\/blogdoeloiltoncajuhy.com.br\/site\/wp-content\/uploads\/2021\/05\/MC_A-historia-da-Cruz-do-Deserto.jpeg?fit=720%2C540&ssl=1","jetpack_sharing_enabled":true,"publishpress_future_workflow_manual_trigger":{"enabledWorkflows":[]},"_links":{"self":[{"href":"https:\/\/blogdoeloiltoncajuhy.com.br\/site\/wp-json\/wp\/v2\/posts\/56547","targetHints":{"allow":["GET"]}}],"collection":[{"href":"https:\/\/blogdoeloiltoncajuhy.com.br\/site\/wp-json\/wp\/v2\/posts"}],"about":[{"href":"https:\/\/blogdoeloiltoncajuhy.com.br\/site\/wp-json\/wp\/v2\/types\/post"}],"author":[{"embeddable":true,"href":"https:\/\/blogdoeloiltoncajuhy.com.br\/site\/wp-json\/wp\/v2\/users\/2"}],"replies":[{"embeddable":true,"href":"https:\/\/blogdoeloiltoncajuhy.com.br\/site\/wp-json\/wp\/v2\/comments?post=56547"}],"version-history":[{"count":2,"href":"https:\/\/blogdoeloiltoncajuhy.com.br\/site\/wp-json\/wp\/v2\/posts\/56547\/revisions"}],"predecessor-version":[{"id":56550,"href":"https:\/\/blogdoeloiltoncajuhy.com.br\/site\/wp-json\/wp\/v2\/posts\/56547\/revisions\/56550"}],"wp:featuredmedia":[{"embeddable":true,"href":"https:\/\/blogdoeloiltoncajuhy.com.br\/site\/wp-json\/wp\/v2\/media\/56548"}],"wp:attachment":[{"href":"https:\/\/blogdoeloiltoncajuhy.com.br\/site\/wp-json\/wp\/v2\/media?parent=56547"}],"wp:term":[{"taxonomy":"category","embeddable":true,"href":"https:\/\/blogdoeloiltoncajuhy.com.br\/site\/wp-json\/wp\/v2\/categories?post=56547"},{"taxonomy":"post_tag","embeddable":true,"href":"https:\/\/blogdoeloiltoncajuhy.com.br\/site\/wp-json\/wp\/v2\/tags?post=56547"}],"curies":[{"name":"wp","href":"https:\/\/api.w.org\/{rel}","templated":true}]}}