{"id":56544,"date":"2021-05-19T08:11:34","date_gmt":"2021-05-19T11:11:34","guid":{"rendered":"http:\/\/blogdoeloiltoncajuhy.com.br\/site\/?p=56544"},"modified":"2021-05-19T08:11:36","modified_gmt":"2021-05-19T11:11:36","slug":"senhor-do-bonfim-herdeiros-de-dr-paulo-hilariao-divulgam-nota-de-esclarecimento","status":"publish","type":"post","link":"https:\/\/blogdoeloiltoncajuhy.com.br\/site\/senhor-do-bonfim-herdeiros-de-dr-paulo-hilariao-divulgam-nota-de-esclarecimento\/","title":{"rendered":"Senhor do Bonfim: Herdeiros de Dr. Paulo Hilari\u00e3o divulgam nota de esclarecimento"},"content":{"rendered":"\n<div class=\"wp-block-image\"><figure class=\"aligncenter size-full is-resized\"><a href=\"https:\/\/i0.wp.com\/blogdoeloiltoncajuhy.com.br\/site\/wp-content\/uploads\/2016\/09\/nota-de-esclarecimento-e1473718150436.jpg\"><img data-recalc-dims=\"1\" fetchpriority=\"high\" decoding=\"async\" src=\"https:\/\/i0.wp.com\/blogdoeloiltoncajuhy.com.br\/site\/wp-content\/uploads\/2016\/09\/nota-de-esclarecimento-e1473718150436.jpg?resize=718%2C390\" alt=\"\" class=\"wp-image-12240\" width=\"718\" height=\"390\"\/><\/a><\/figure><\/div>\n\n\n\n<p>Familiares do saudoso m\u00e9dico Dr. Paulo Hilari\u00e3o divulgaram nota de esclarecimento nesta ter\u00e7a-feira (18) sobre o pol\u00eamico fechamento da unidade hospitalar, localizada na Pra\u00e7a Nova do Congresso em Senhor do Bonfim, que leva o seu nome.<\/p>\n\n\n\n<p>Na nota, divulgada no <strong>Blog do Walterley Kuhim<\/strong>, os herdeiros do m\u00e9dico, que faleceu em fevereiro deste ano, v\u00edtima da Covid-19, afirmam n\u00e3o se responsabilizarem pelo fechamento do Hospital e Maternidade Dr. Paulo Hilari\u00e3o.<\/p>\n\n\n\n<p class=\"has-black-color has-text-color has-medium-font-size\"><strong>Confira a \u00edntegra da nota:<\/strong><\/p>\n\n\n\n<p><em>Os leg\u00edtimos herdeiros de Dr. PAULO HILARI\u00c3O v\u00eam a p\u00fablico esclarecer \u00e0 popula\u00e7\u00e3o da querida Senhor do Bonfim que eles N\u00c3O s\u00e3o os respons\u00e1veis pelo encerramento das atividades e fechamento do HOSPITAL E MATERNIDADE DR. PAULO HILARIAO LTDA e a consequente dispensa de funcion\u00e1rios.<\/em><\/p>\n\n\n\n<p><em>Em verdade, o Hospital fora vendido pelo saudoso Dr. Paulo Hilari\u00e3o, ainda em vida, por meio do Contrato de Compra e Venda de Quotas de Sociedade Empres\u00e1ria, firmado em 08\/02\/2019, como j\u00e1 \u00e9 de conhecimento p\u00fablico.<\/em><\/p>\n\n\n\n<p><em>Os herdeiros informam ainda que todas as obriga\u00e7\u00f5es contra\u00eddas, desde aquela data, s\u00e3o de inteira responsabilidade dos novos propriet\u00e1rios, representados pelo Dr. ANDR\u00c9 SOUZA BRITO OLIVEIRA, propriet\u00e1rio e dirigente do Hospital.<\/em><\/p>\n\n\n\n<p><em>Os herdeiros lamentam que os novos propriet\u00e1rios tenham optado pelo fechamento do Hospital, ao tempo em que se solidarizam com a situa\u00e7\u00e3o dos ex-funcion\u00e1rios e esperam que os atuais propriet\u00e1rios assumam a sua responsabilidade honrando com suas obriga\u00e7\u00f5es.<\/em><\/p>\n","protected":false},"excerpt":{"rendered":"<p>Familiares do saudoso m\u00e9dico Dr. Paulo Hilari\u00e3o divulgaram nota de esclarecimento nesta ter\u00e7a-feira (18) sobre o pol\u00eamico fechamento da unidade hospitalar, localizada na Pra\u00e7a Nova do Congresso em Senhor do Bonfim, que leva o seu nome. Na nota, divulgada no Blog do Walterley Kuhim, os herdeiros do m\u00e9dico, que faleceu em fevereiro deste ano, v\u00edtima [&hellip;]<\/p>\n","protected":false},"author":2,"featured_media":12240,"comment_status":"open","ping_status":"open","sticky":false,"template":"","format":"standard","meta":{"_acf_changed":false,"_monsterinsights_skip_tracking":false,"_monsterinsights_sitenote_active":false,"_monsterinsights_sitenote_note":"","_monsterinsights_sitenote_category":0,"_jetpack_memberships_contains_paid_content":false,"footnotes":"","jetpack_publicize_message":"","jetpack_publicize_feature_enabled":true,"jetpack_social_post_already_shared":false,"jetpack_social_options":{"image_generator_settings":{"template":"highway","default_image_id":0,"font":"","enabled":false},"version":2}},"categories":[4],"tags":[],"class_list":["post-56544","post","type-post","status-publish","format-standard","has-post-thumbnail","hentry","category-local"],"acf":[],"jetpack_publicize_connections":[],"jetpack_featured_media_url":"https:\/\/i0.wp.com\/blogdoeloiltoncajuhy.com.br\/site\/wp-content\/uploads\/2016\/09\/nota-de-esclarecimento-e1473718150436.jpg?fit=480%2C261&ssl=1","jetpack_sharing_enabled":true,"publishpress_future_workflow_manual_trigger":{"enabledWorkflows":[]},"_links":{"self":[{"href":"https:\/\/blogdoeloiltoncajuhy.com.br\/site\/wp-json\/wp\/v2\/posts\/56544","targetHints":{"allow":["GET"]}}],"collection":[{"href":"https:\/\/blogdoeloiltoncajuhy.com.br\/site\/wp-json\/wp\/v2\/posts"}],"about":[{"href":"https:\/\/blogdoeloiltoncajuhy.com.br\/site\/wp-json\/wp\/v2\/types\/post"}],"author":[{"embeddable":true,"href":"https:\/\/blogdoeloiltoncajuhy.com.br\/site\/wp-json\/wp\/v2\/users\/2"}],"replies":[{"embeddable":true,"href":"https:\/\/blogdoeloiltoncajuhy.com.br\/site\/wp-json\/wp\/v2\/comments?post=56544"}],"version-history":[{"count":2,"href":"https:\/\/blogdoeloiltoncajuhy.com.br\/site\/wp-json\/wp\/v2\/posts\/56544\/revisions"}],"predecessor-version":[{"id":56546,"href":"https:\/\/blogdoeloiltoncajuhy.com.br\/site\/wp-json\/wp\/v2\/posts\/56544\/revisions\/56546"}],"wp:featuredmedia":[{"embeddable":true,"href":"https:\/\/blogdoeloiltoncajuhy.com.br\/site\/wp-json\/wp\/v2\/media\/12240"}],"wp:attachment":[{"href":"https:\/\/blogdoeloiltoncajuhy.com.br\/site\/wp-json\/wp\/v2\/media?parent=56544"}],"wp:term":[{"taxonomy":"category","embeddable":true,"href":"https:\/\/blogdoeloiltoncajuhy.com.br\/site\/wp-json\/wp\/v2\/categories?post=56544"},{"taxonomy":"post_tag","embeddable":true,"href":"https:\/\/blogdoeloiltoncajuhy.com.br\/site\/wp-json\/wp\/v2\/tags?post=56544"}],"curies":[{"name":"wp","href":"https:\/\/api.w.org\/{rel}","templated":true}]}}