{"id":56539,"date":"2021-05-19T07:22:09","date_gmt":"2021-05-19T10:22:09","guid":{"rendered":"http:\/\/blogdoeloiltoncajuhy.com.br\/site\/?p=56539"},"modified":"2021-05-19T07:22:10","modified_gmt":"2021-05-19T10:22:10","slug":"entenda-a-polemica-heranca-de-agnaldo-timoteo","status":"publish","type":"post","link":"https:\/\/blogdoeloiltoncajuhy.com.br\/site\/entenda-a-polemica-heranca-de-agnaldo-timoteo\/","title":{"rendered":"Entenda a pol\u00eamica heran\u00e7a de Agnaldo Tim\u00f3teo!"},"content":{"rendered":"\n<div class=\"wp-block-image\"><figure class=\"aligncenter size-full is-resized\"><a href=\"https:\/\/i0.wp.com\/blogdoeloiltoncajuhy.com.br\/site\/wp-content\/uploads\/2021\/04\/AgnaldoMorreu-2.jpg\"><img data-recalc-dims=\"1\" fetchpriority=\"high\" decoding=\"async\" src=\"https:\/\/i0.wp.com\/blogdoeloiltoncajuhy.com.br\/site\/wp-content\/uploads\/2021\/04\/AgnaldoMorreu-2.jpg?resize=620%2C450\" alt=\"\" class=\"wp-image-55325\" width=\"620\" height=\"450\" srcset=\"https:\/\/i0.wp.com\/blogdoeloiltoncajuhy.com.br\/site\/wp-content\/uploads\/2021\/04\/AgnaldoMorreu-2.jpg?w=620&amp;ssl=1 620w, https:\/\/i0.wp.com\/blogdoeloiltoncajuhy.com.br\/site\/wp-content\/uploads\/2021\/04\/AgnaldoMorreu-2.jpg?resize=300%2C218&amp;ssl=1 300w\" sizes=\"(max-width: 620px) 100vw, 620px\" \/><\/a><\/figure><\/div>\n\n\n\n<p>A morte de Agnaldo Tim\u00f3teo, aos 84 anos de idade, em abril deste ano, v\u00edtima da Covid-19, segue rendendo assunto at\u00e9 hoje! Isso porque, os familiares do cantor e pol\u00edtico n\u00e3o s\u00f3 lamentam a perda, como tamb\u00e9m brigam pela heran\u00e7a deixada por ele, causando o maior furor dentro e fora das redes sociais! O dinheiro est\u00e1 avaliado em nada menos que 16 milh\u00f5es de reais, segundo o jornal Extra. <strong>A seguir, entenda a pol\u00eamica!<\/strong><\/p>\n\n\n\n<p>Sidney Lobo Pedroso, amigo de Agnaldo h\u00e1 45 anos, se tornou respons\u00e1vel pelo testamento, que foi assinado no dia 4 de mar\u00e7o pelo cantor, que foi internado em decorr\u00eancia da Covid-19 no dia 17 daquele m\u00eas. &#8211; <em>Assinei minha despreocupa\u00e7\u00e3o. Minha preocupa\u00e7\u00e3o alucinante \u00e9 minha filha, desde mar\u00e7o de 2008, Keyty Evelyn Cologne, que a partir de hoje eu espero que se chame Keyty Evelyn Tim\u00f3teo<\/em>, afirmou o artista na ocasi\u00e3o, segundo o Domingo Espetacular.<\/p>\n\n\n\n<p>Logo ap\u00f3s a morte do m\u00fasico, familiares do cantor iniciaram as movimenta\u00e7\u00f5es pra ver com quem ficaria toda a heran\u00e7a. A maior parte do dinheiro foi deixada para a filha adotiva dele, Keyty Evelyn. Hoje, Keyty Evelyn est\u00e1 com 14 anos de idade, mas foi criada pelo cantor desde os dois anos e meio. Apesar do amor que tinha pela filha, a ado\u00e7\u00e3o n\u00e3o chegou a ser formalizada enquanto o cantor ainda estava com vida. A advogada Maria Lucia Vieira Lobo est\u00e1 trabalhando na ado\u00e7\u00e3o p\u00f3stuma da menina. &#8211; <em>Ela tem os direitos garantidos dela, por exemplo, na pens\u00e3o por morte. \u00c9 um valor que vai entrar enquanto n\u00e3o encerra o processo de invent\u00e1rio, porque pode demorar at\u00e9 que ela tenha acesso ao patrim\u00f4nio. Enquanto isso ela ser\u00e1 mantida com a pens\u00e3o por morte<\/em>, disse a advogada para o Domingo Espetacular.<\/p>\n\n\n\n<p>Segundo o documento de testamento, metade de toda heran\u00e7a material e parte de suas obras, Agnaldo deixou para Keyty Evelyn. A outra metade dos bens foi dividida entre os afilhados e irm\u00e3os do m\u00fasico. Al\u00e9m disso, o documento tamb\u00e9m determina que Keyty n\u00e3o poder\u00e1 se desfazer de qualquer bem antes de completar 40 anos de idade. Segundo o Extra, alguns dos bens s\u00e3o uma casa na Barra da Tijuca, onde ele morava com Keyty e que agora est\u00e1 fechada, um apartamento em Vila Valqueire, uma sala comercial em Copacabana, um im\u00f3vel em S\u00e3o Paulo, alguns carros e direitos autorais.<\/p>\n\n\n\n<p>Ainda de acordo com a mat\u00e9ria, Ruth, uma das irm\u00e3s de Agnaldo, pensou em solicitar a anula\u00e7\u00e3o do testamento do cantor, alegando que ele estava confuso. Ela chegou a apresentar aos advogados um atestado m\u00e9dico do hospital onde Agnaldo foi internado em mar\u00e7o, com quadro grave. O atestado afirma que o cantor estava desorientado, sem ter como responder pelos seus atos. Entretanto, Agnaldo assinou o testamento duas semanas antes de saber que tinha contra\u00eddo a Covid-19. Al\u00e9m disso, ap\u00f3s a morte do cantor, Ruth teria reunido todos os pertences pessoais do irm\u00e3o em um quarto e trancado, deixando Keyty sem acesso a v\u00e1rios c\u00f4modos da casa em que vivia com Agnaldo.<\/p>\n\n\n\n<div class=\"wp-block-image\"><figure class=\"aligncenter size-large\"><a href=\"https:\/\/i0.wp.com\/blogdoeloiltoncajuhy.com.br\/site\/wp-content\/uploads\/2021\/05\/Agnaldo-Heranca-01.jpg\"><img data-recalc-dims=\"1\" decoding=\"async\" width=\"800\" height=\"526\" src=\"https:\/\/i0.wp.com\/blogdoeloiltoncajuhy.com.br\/site\/wp-content\/uploads\/2021\/05\/Agnaldo-Heranca-01.jpg?resize=800%2C526\" alt=\"\" class=\"wp-image-56540\" srcset=\"https:\/\/i0.wp.com\/blogdoeloiltoncajuhy.com.br\/site\/wp-content\/uploads\/2021\/05\/Agnaldo-Heranca-01.jpg?w=886&amp;ssl=1 886w, https:\/\/i0.wp.com\/blogdoeloiltoncajuhy.com.br\/site\/wp-content\/uploads\/2021\/05\/Agnaldo-Heranca-01.jpg?resize=300%2C197&amp;ssl=1 300w, https:\/\/i0.wp.com\/blogdoeloiltoncajuhy.com.br\/site\/wp-content\/uploads\/2021\/05\/Agnaldo-Heranca-01.jpg?resize=768%2C504&amp;ssl=1 768w\" sizes=\"(max-width: 800px) 100vw, 800px\" \/><\/a><\/figure><\/div>\n\n\n\n<p>O tutor de Keyty, ali\u00e1s, seria Sidney. De acordo com o jornal Extra, o cantor teria feito a solicitando ao amigo. &#8211; <em>Como inventariante, s\u00f3 quero que a vontade de Agnaldo seja respeitada, me colocando como tutor da menina, para que eu cuidasse dela at\u00e9 os 18 anos. O primeiro pedido do Agnaldo foi que eu fosse o tutor da Keyty. Tutor volunt\u00e1rio, eu n\u00e3o recebo um centavo para ser tutor dela. Ele me deixou tamb\u00e9m como inventariante. Ao mesmo tempo, abrimos uma a\u00e7\u00e3o de testamento para saber quem s\u00e3o os beneficiados<\/em>, revelou ela.<\/p>\n\n\n\n<p>Atualmente, a filha de Agnaldo est\u00e1 morando com a av\u00f3 materna em S\u00e3o Paulo. Uma amiga do cantor, que frequentava sua casa h\u00e1 25 anos, relata que Ruth tratou a menina com descaso ap\u00f3s a morte do artista. &#8211; <em>Ela disse a seguinte frase: A Keyty tinha vindo do lixo, e pro lixo ia voltar. Essa menina era tudo na vida do Agnaldo, e isso me deixou muito triste<\/em>.<\/p>\n\n\n\n<p>Timotinho, sobrinho e ex-assessor do cantor, contou que Keyty nunca foi bem aceita pelos irm\u00e3os de Agnaldo. &#8211; <em>Os irm\u00e3os de Agnaldo nunca aceitaram a menina. E agora, depois de todo esse epis\u00f3dio de saber que ela tem direito a 50% do patrim\u00f4nio dele, e que, possivelmente, conclu\u00edda a ado\u00e7\u00e3o, ela, possivelmente, pode levar 100% dos bens, os irm\u00e3os est\u00e3o querendo dificultar<\/em>.<\/p>\n\n\n\n<p>Mas parece que n\u00e3o s\u00e3o apenas os irm\u00e3os de Tim\u00f3teo que est\u00e3o interessados na heran\u00e7a! Segundo o Extra, o pai biol\u00f3gico de Keyty reapareceu e estaria interessado em se aproximar da menina depois que soube que ela poderia herdar uma bolada! Lazarus, nigeriano que mora em S\u00e3o Paulo, tenta contato com a menina &#8211; que est\u00e1 sob tutela do advogado do cantor, Sidney Lobo Pedroso. O cantor conheceu Keyty em 2008, quando ainda era vereador. A menina tinha dois anos de idade e a m\u00e3e, moradora de rua, procurou ajuda no gabinete dele.<\/p>\n\n\n\n<p>Agnaldo acabou alugando um local para m\u00e3e e filha morarem, no entanto, a m\u00e3e tem problemas mentais e voltou para a rua com a menina. A av\u00f3 de Keyty acabou conseguindo a guarda da neta, que foi passada de forma informal para o cantor. Ele chegou a iniciar o processo de ado\u00e7\u00e3o da menina antes de morrer, como conta o sobrinho do cantor, Timotinho: &#8211; <em>Quando ele teve o AVC, em 2019, ele j\u00e1 estava com isso na cabe\u00e7a de oficializar a ado\u00e7\u00e3o dela. Quando ele foi internado, a fam\u00edlia dele dificultou muitas coisas para a menina, e eu tive que cuidar dela. Ela era a paix\u00e3o dele. Ele cuidava muito bem dela e n\u00e3o queria deix\u00e1-la desamparada<\/em>.<\/p>\n\n\n\n<div class=\"wp-block-image\"><figure class=\"aligncenter size-large\"><a href=\"https:\/\/i0.wp.com\/blogdoeloiltoncajuhy.com.br\/site\/wp-content\/uploads\/2021\/05\/Agnaldo-Heranca-02.jpg\"><img data-recalc-dims=\"1\" decoding=\"async\" width=\"609\" height=\"582\" src=\"https:\/\/i0.wp.com\/blogdoeloiltoncajuhy.com.br\/site\/wp-content\/uploads\/2021\/05\/Agnaldo-Heranca-02.jpg?resize=609%2C582\" alt=\"\" class=\"wp-image-56541\" srcset=\"https:\/\/i0.wp.com\/blogdoeloiltoncajuhy.com.br\/site\/wp-content\/uploads\/2021\/05\/Agnaldo-Heranca-02.jpg?w=609&amp;ssl=1 609w, https:\/\/i0.wp.com\/blogdoeloiltoncajuhy.com.br\/site\/wp-content\/uploads\/2021\/05\/Agnaldo-Heranca-02.jpg?resize=300%2C287&amp;ssl=1 300w\" sizes=\"(max-width: 609px) 100vw, 609px\" \/><\/a><\/figure><\/div>\n\n\n\n<p>Segundo F\u00e1biola Reipert, o processo de ado\u00e7\u00e3o por parte de Agnaldo Tim\u00f3teo teve um laudo favor\u00e1vel ao cantor e a ado\u00e7\u00e3o deve ser formalizada mesmo ap\u00f3s a morte dele, garantindo assim que a heran\u00e7a seja da garota.<\/p>\n\n\n\n<p>Em meio a tudo isso, o Cidade Alerta revelou \u00e1udios que supostamente foram gravados com um microfone escondido na casa de Tim\u00f3teo. E segundo o programa, o artista est\u00e1 falando no \u00e1udio desta grava\u00e7\u00e3o que prefere dormir com a porta do quarto trancada porque diz ter sono pesado e que se sente muito mais confort\u00e1vel. Na continua\u00e7\u00e3o do \u00e1udio, Agnaldo Tim\u00f3teo revela que pessoas j\u00e1 entraram no quarto enquanto ele dormia e ele acabou demonstrando um certo tipo de preocupa\u00e7\u00e3o relacionado a isso.<\/p>\n\n\n\n<p>Durante a conversa com a m\u00e3e de Keyty, ela demonstra ficar bem preocupada com ele dormindo trancado porque por acaso ele n\u00e3o se sentisse bem, a porta estaria trancada impossibilitando assim o socorro. Finalizando o \u00e1udio, a m\u00e3e da garota tamb\u00e9m comenta sobre as acusa\u00e7\u00f5es de roubo feitas contra ela e o cantor revela que nunca a acusou. Parece que essa novela ainda vai ter mais cap\u00edtulos, n\u00e9?<\/p>\n","protected":false},"excerpt":{"rendered":"<p>A morte de Agnaldo Tim\u00f3teo, aos 84 anos de idade, em abril deste ano, v\u00edtima da Covid-19, segue rendendo assunto at\u00e9 hoje! Isso porque, os familiares do cantor e pol\u00edtico n\u00e3o s\u00f3 lamentam a perda, como tamb\u00e9m brigam pela heran\u00e7a deixada por ele, causando o maior furor dentro e fora das redes sociais! O dinheiro [&hellip;]<\/p>\n","protected":false},"author":2,"featured_media":56541,"comment_status":"open","ping_status":"open","sticky":false,"template":"","format":"standard","meta":{"_acf_changed":false,"_monsterinsights_skip_tracking":false,"_monsterinsights_sitenote_active":false,"_monsterinsights_sitenote_note":"","_monsterinsights_sitenote_category":0,"_jetpack_memberships_contains_paid_content":false,"footnotes":"","jetpack_publicize_message":"","jetpack_publicize_feature_enabled":true,"jetpack_social_post_already_shared":false,"jetpack_social_options":{"image_generator_settings":{"template":"highway","default_image_id":0,"font":"","enabled":false},"version":2}},"categories":[8],"tags":[],"class_list":["post-56539","post","type-post","status-publish","format-standard","has-post-thumbnail","hentry","category-cultura"],"acf":[],"jetpack_publicize_connections":[],"jetpack_featured_media_url":"https:\/\/i0.wp.com\/blogdoeloiltoncajuhy.com.br\/site\/wp-content\/uploads\/2021\/05\/Agnaldo-Heranca-02.jpg?fit=609%2C582&ssl=1","jetpack_sharing_enabled":true,"publishpress_future_workflow_manual_trigger":{"enabledWorkflows":[]},"_links":{"self":[{"href":"https:\/\/blogdoeloiltoncajuhy.com.br\/site\/wp-json\/wp\/v2\/posts\/56539","targetHints":{"allow":["GET"]}}],"collection":[{"href":"https:\/\/blogdoeloiltoncajuhy.com.br\/site\/wp-json\/wp\/v2\/posts"}],"about":[{"href":"https:\/\/blogdoeloiltoncajuhy.com.br\/site\/wp-json\/wp\/v2\/types\/post"}],"author":[{"embeddable":true,"href":"https:\/\/blogdoeloiltoncajuhy.com.br\/site\/wp-json\/wp\/v2\/users\/2"}],"replies":[{"embeddable":true,"href":"https:\/\/blogdoeloiltoncajuhy.com.br\/site\/wp-json\/wp\/v2\/comments?post=56539"}],"version-history":[{"count":2,"href":"https:\/\/blogdoeloiltoncajuhy.com.br\/site\/wp-json\/wp\/v2\/posts\/56539\/revisions"}],"predecessor-version":[{"id":56543,"href":"https:\/\/blogdoeloiltoncajuhy.com.br\/site\/wp-json\/wp\/v2\/posts\/56539\/revisions\/56543"}],"wp:featuredmedia":[{"embeddable":true,"href":"https:\/\/blogdoeloiltoncajuhy.com.br\/site\/wp-json\/wp\/v2\/media\/56541"}],"wp:attachment":[{"href":"https:\/\/blogdoeloiltoncajuhy.com.br\/site\/wp-json\/wp\/v2\/media?parent=56539"}],"wp:term":[{"taxonomy":"category","embeddable":true,"href":"https:\/\/blogdoeloiltoncajuhy.com.br\/site\/wp-json\/wp\/v2\/categories?post=56539"},{"taxonomy":"post_tag","embeddable":true,"href":"https:\/\/blogdoeloiltoncajuhy.com.br\/site\/wp-json\/wp\/v2\/tags?post=56539"}],"curies":[{"name":"wp","href":"https:\/\/api.w.org\/{rel}","templated":true}]}}