{"id":56536,"date":"2021-05-18T22:53:29","date_gmt":"2021-05-19T01:53:29","guid":{"rendered":"http:\/\/blogdoeloiltoncajuhy.com.br\/site\/?p=56536"},"modified":"2021-05-18T22:53:31","modified_gmt":"2021-05-19T01:53:31","slug":"liberdade-uma-questao-de-natureza","status":"publish","type":"post","link":"https:\/\/blogdoeloiltoncajuhy.com.br\/site\/liberdade-uma-questao-de-natureza\/","title":{"rendered":"Liberdade: uma quest\u00e3o de natureza"},"content":{"rendered":"\n<div class=\"wp-block-image\"><figure class=\"aligncenter size-full is-resized\"><a href=\"https:\/\/i0.wp.com\/blogdoeloiltoncajuhy.com.br\/site\/wp-content\/uploads\/2020\/02\/Reflex%C3%A3o_07.02.2020.jpg\"><img data-recalc-dims=\"1\" fetchpriority=\"high\" decoding=\"async\" src=\"https:\/\/i0.wp.com\/blogdoeloiltoncajuhy.com.br\/site\/wp-content\/uploads\/2020\/02\/Reflex%C3%A3o_07.02.2020.jpg?resize=742%2C496\" alt=\"\" class=\"wp-image-41050\" width=\"742\" height=\"496\" srcset=\"https:\/\/i0.wp.com\/blogdoeloiltoncajuhy.com.br\/site\/wp-content\/uploads\/2020\/02\/Reflex%C3%A3o_07.02.2020.jpg?w=614&amp;ssl=1 614w, https:\/\/i0.wp.com\/blogdoeloiltoncajuhy.com.br\/site\/wp-content\/uploads\/2020\/02\/Reflex%C3%A3o_07.02.2020.jpg?resize=300%2C201&amp;ssl=1 300w, https:\/\/i0.wp.com\/blogdoeloiltoncajuhy.com.br\/site\/wp-content\/uploads\/2020\/02\/Reflex%C3%A3o_07.02.2020.jpg?resize=250%2C167&amp;ssl=1 250w\" sizes=\"(max-width: 742px) 100vw, 742px\" \/><\/a><\/figure><\/div>\n\n\n\n<p>O que \u00e9 ser livre para voc\u00ea? O que voc\u00ea entende por liberdade? De forma simples, creio que a maioria das pessoas responderia que ser livre \u00e9 poder fazer o que se quer, exercer a sua vontade (dentro da lei, claro) sem ser impedido por algu\u00e9m. Mas ser\u00e1 que \u00e9 isso mesmo?<\/p>\n\n\n\n<p>Considerando a possibilidade desta simples explica\u00e7\u00e3o ser verdade, como voc\u00ea classificaria, por exemplo, os crist\u00e3os que vivem presos v\u00e1rios anos por causa de persegui\u00e7\u00e3o religiosa? Eles seriam pessoas sem liberdade ou estariam apenas com seu corpo preso?<\/p>\n\n\n\n<p>Se nos gui\u00e1ssemos pelas situa\u00e7\u00f5es, ter\u00edamos apenas sensa\u00e7\u00f5es passageiras de liberdade. Isso porque as circunst\u00e2ncias e crises tentam nos oprimir e rotular, nos fazendo voltar para a condi\u00e7\u00e3o de pessoas dependentes do que acontece para nos sentirmos bem. \u00c9 isso que faz o mundo ser escravo.<\/p>\n\n\n\n<p>A liberdade exterior tem, obviamente, o seu valor, mas nunca se comparar\u00e1 com a verdadeira liberdade: a que s\u00f3 temos quando estamos em Cristo.<\/p>\n\n\n\n<p>Em Jesus, somos livres por dentro e ningu\u00e9m pode mudar isso em n\u00f3s, a n\u00e3o ser n\u00f3s mesmos, se submetermos a nossa paz e alegria ao vaiv\u00e9m dos acontecimentos.<\/p>\n\n\n\n<p>A liberdade verdadeira \u00e9 muito mais do que algo que possamos fazer, tocar ou sentir, mas tem a ver com a nossa natureza!<\/p>\n\n\n\n<p>Jesus, na cruz do Calv\u00e1rio, fez uma obra no nosso interior, libertando a nossa vida de dentro para fora. Quando nos tornamos novas criaturas, nossa vida passou a n\u00e3o ser mais atrelada \u00e0s trevas. Hoje, quem nos dirige e aben\u00e7oa \u00e9 o nosso Pai, e n\u00e3o a inconst\u00e2ncia desse mundo.<\/p>\n\n\n\n<p>Alimente esta vis\u00e3o de liberdade todos os dias, e n\u00e3o permita que o inimigo te engane mais fazendo voc\u00ea se sentir dependente do que acontece. Voc\u00ea \u00e9 livre em Jesus, e isso n\u00e3o vai mudar!<\/p>\n","protected":false},"excerpt":{"rendered":"<p>O que \u00e9 ser livre para voc\u00ea? O que voc\u00ea entende por liberdade? De forma simples, creio que a maioria das pessoas responderia que ser livre \u00e9 poder fazer o que se quer, exercer a sua vontade (dentro da lei, claro) sem ser impedido por algu\u00e9m. Mas ser\u00e1 que \u00e9 isso mesmo? Considerando a possibilidade [&hellip;]<\/p>\n","protected":false},"author":2,"featured_media":41050,"comment_status":"open","ping_status":"open","sticky":false,"template":"","format":"standard","meta":{"_acf_changed":false,"_monsterinsights_skip_tracking":false,"_monsterinsights_sitenote_active":false,"_monsterinsights_sitenote_note":"","_monsterinsights_sitenote_category":0,"_jetpack_memberships_contains_paid_content":false,"footnotes":"","jetpack_publicize_message":"","jetpack_publicize_feature_enabled":true,"jetpack_social_post_already_shared":false,"jetpack_social_options":{"image_generator_settings":{"template":"highway","default_image_id":0,"font":"","enabled":false},"version":2}},"categories":[9],"tags":[],"class_list":["post-56536","post","type-post","status-publish","format-standard","has-post-thumbnail","hentry","category-reflexao"],"acf":[],"jetpack_publicize_connections":[],"jetpack_featured_media_url":"https:\/\/i0.wp.com\/blogdoeloiltoncajuhy.com.br\/site\/wp-content\/uploads\/2020\/02\/Reflex%C3%A3o_07.02.2020.jpg?fit=614%2C411&ssl=1","jetpack_sharing_enabled":true,"publishpress_future_workflow_manual_trigger":{"enabledWorkflows":[]},"_links":{"self":[{"href":"https:\/\/blogdoeloiltoncajuhy.com.br\/site\/wp-json\/wp\/v2\/posts\/56536","targetHints":{"allow":["GET"]}}],"collection":[{"href":"https:\/\/blogdoeloiltoncajuhy.com.br\/site\/wp-json\/wp\/v2\/posts"}],"about":[{"href":"https:\/\/blogdoeloiltoncajuhy.com.br\/site\/wp-json\/wp\/v2\/types\/post"}],"author":[{"embeddable":true,"href":"https:\/\/blogdoeloiltoncajuhy.com.br\/site\/wp-json\/wp\/v2\/users\/2"}],"replies":[{"embeddable":true,"href":"https:\/\/blogdoeloiltoncajuhy.com.br\/site\/wp-json\/wp\/v2\/comments?post=56536"}],"version-history":[{"count":2,"href":"https:\/\/blogdoeloiltoncajuhy.com.br\/site\/wp-json\/wp\/v2\/posts\/56536\/revisions"}],"predecessor-version":[{"id":56538,"href":"https:\/\/blogdoeloiltoncajuhy.com.br\/site\/wp-json\/wp\/v2\/posts\/56536\/revisions\/56538"}],"wp:featuredmedia":[{"embeddable":true,"href":"https:\/\/blogdoeloiltoncajuhy.com.br\/site\/wp-json\/wp\/v2\/media\/41050"}],"wp:attachment":[{"href":"https:\/\/blogdoeloiltoncajuhy.com.br\/site\/wp-json\/wp\/v2\/media?parent=56536"}],"wp:term":[{"taxonomy":"category","embeddable":true,"href":"https:\/\/blogdoeloiltoncajuhy.com.br\/site\/wp-json\/wp\/v2\/categories?post=56536"},{"taxonomy":"post_tag","embeddable":true,"href":"https:\/\/blogdoeloiltoncajuhy.com.br\/site\/wp-json\/wp\/v2\/tags?post=56536"}],"curies":[{"name":"wp","href":"https:\/\/api.w.org\/{rel}","templated":true}]}}