{"id":56529,"date":"2021-05-18T22:20:18","date_gmt":"2021-05-19T01:20:18","guid":{"rendered":"http:\/\/blogdoeloiltoncajuhy.com.br\/site\/?p=56529"},"modified":"2021-05-18T22:20:19","modified_gmt":"2021-05-19T01:20:19","slug":"senhor-do-bonfim-registra-mais-uma-morte-por-covid-19-total-vai-a-66","status":"publish","type":"post","link":"https:\/\/blogdoeloiltoncajuhy.com.br\/site\/senhor-do-bonfim-registra-mais-uma-morte-por-covid-19-total-vai-a-66\/","title":{"rendered":"Senhor do Bonfim registra mais uma morte por Covid-19; total vai a 66"},"content":{"rendered":"\n<div class=\"wp-block-image\"><figure class=\"aligncenter size-large\"><a href=\"https:\/\/i0.wp.com\/blogdoeloiltoncajuhy.com.br\/site\/wp-content\/uploads\/2021\/01\/corona-9.jpg\"><img data-recalc-dims=\"1\" fetchpriority=\"high\" decoding=\"async\" width=\"800\" height=\"450\" src=\"https:\/\/i0.wp.com\/blogdoeloiltoncajuhy.com.br\/site\/wp-content\/uploads\/2021\/01\/corona-9.jpg?resize=800%2C450\" alt=\"\" class=\"wp-image-52916\" srcset=\"https:\/\/i0.wp.com\/blogdoeloiltoncajuhy.com.br\/site\/wp-content\/uploads\/2021\/01\/corona-9.jpg?w=984&amp;ssl=1 984w, https:\/\/i0.wp.com\/blogdoeloiltoncajuhy.com.br\/site\/wp-content\/uploads\/2021\/01\/corona-9.jpg?resize=300%2C169&amp;ssl=1 300w, https:\/\/i0.wp.com\/blogdoeloiltoncajuhy.com.br\/site\/wp-content\/uploads\/2021\/01\/corona-9.jpg?resize=768%2C432&amp;ssl=1 768w\" sizes=\"(max-width: 800px) 100vw, 800px\" \/><\/a><\/figure><\/div>\n\n\n\n<p>Aumentou para 66 o n\u00famero de \u00f3bitos no munic\u00edpio de Senhor do Bonfim causados pela Covid-19. A informa\u00e7\u00e3o est\u00e1 no novo boletim epidemiol\u00f3gico, divulgado pela Secretaria Municipal de Sa\u00fade, na noite desta ter\u00e7a-feira (18).<\/p>\n\n\n\n<p>O 66\u00ba \u00f3bito \u00e9 um idoso de 60 anos, hipertenso. Ele foi transferido da UPA para UTI do Hospital Dom Antonio Monteiro (HDAM) no dia 07 deste m\u00eas, indo a \u00f3bito no referido Hospital.<\/p>\n\n\n\n<p>Nesta ter\u00e7a, mais 22 novos casos positivos da Covid-19 foram confirmados em Senhor do Bonfim. Agora, s\u00e3o 4.073 os bonfinenses que tiveram ou t\u00eam o v\u00edrus em nosso munic\u00edpio.<\/p>\n\n\n\n<p>O n\u00famero de pacientes em monitoramento \u00e9 de 193, enquanto 81 exames aguardam resultado no Lacen do estado. Os casos ativos est\u00e3o em 112. Os pacientes curados somam 3.895, de acordo com o boletim.<\/p>\n\n\n\n<p>Ainda de acordo com o informativo, 12 pacientes est\u00e3o internados na UTI do Hospital Dom Antonio Monteiro (HDAM). A taxa de ocupa\u00e7\u00e3o dos leitos de UTI \u00e9 de 60%.<\/p>\n","protected":false},"excerpt":{"rendered":"<p>Aumentou para 66 o n\u00famero de \u00f3bitos no munic\u00edpio de Senhor do Bonfim causados pela Covid-19. A informa\u00e7\u00e3o est\u00e1 no novo boletim epidemiol\u00f3gico, divulgado pela Secretaria Municipal de Sa\u00fade, na noite desta ter\u00e7a-feira (18). O 66\u00ba \u00f3bito \u00e9 um idoso de 60 anos, hipertenso. Ele foi transferido da UPA para UTI do Hospital Dom Antonio [&hellip;]<\/p>\n","protected":false},"author":2,"featured_media":52691,"comment_status":"open","ping_status":"open","sticky":false,"template":"","format":"standard","meta":{"_acf_changed":false,"_monsterinsights_skip_tracking":false,"_monsterinsights_sitenote_active":false,"_monsterinsights_sitenote_note":"","_monsterinsights_sitenote_category":0,"_jetpack_memberships_contains_paid_content":false,"footnotes":"","jetpack_publicize_message":"","jetpack_publicize_feature_enabled":true,"jetpack_social_post_already_shared":false,"jetpack_social_options":{"image_generator_settings":{"template":"highway","default_image_id":0,"font":"","enabled":false},"version":2}},"categories":[4],"tags":[],"class_list":["post-56529","post","type-post","status-publish","format-standard","has-post-thumbnail","hentry","category-local"],"acf":[],"jetpack_publicize_connections":[],"jetpack_featured_media_url":"https:\/\/i0.wp.com\/blogdoeloiltoncajuhy.com.br\/site\/wp-content\/uploads\/2021\/01\/coronavirus-06012021.jpg?fit=600%2C375&ssl=1","jetpack_sharing_enabled":true,"publishpress_future_workflow_manual_trigger":{"enabledWorkflows":[]},"_links":{"self":[{"href":"https:\/\/blogdoeloiltoncajuhy.com.br\/site\/wp-json\/wp\/v2\/posts\/56529","targetHints":{"allow":["GET"]}}],"collection":[{"href":"https:\/\/blogdoeloiltoncajuhy.com.br\/site\/wp-json\/wp\/v2\/posts"}],"about":[{"href":"https:\/\/blogdoeloiltoncajuhy.com.br\/site\/wp-json\/wp\/v2\/types\/post"}],"author":[{"embeddable":true,"href":"https:\/\/blogdoeloiltoncajuhy.com.br\/site\/wp-json\/wp\/v2\/users\/2"}],"replies":[{"embeddable":true,"href":"https:\/\/blogdoeloiltoncajuhy.com.br\/site\/wp-json\/wp\/v2\/comments?post=56529"}],"version-history":[{"count":2,"href":"https:\/\/blogdoeloiltoncajuhy.com.br\/site\/wp-json\/wp\/v2\/posts\/56529\/revisions"}],"predecessor-version":[{"id":56531,"href":"https:\/\/blogdoeloiltoncajuhy.com.br\/site\/wp-json\/wp\/v2\/posts\/56529\/revisions\/56531"}],"wp:featuredmedia":[{"embeddable":true,"href":"https:\/\/blogdoeloiltoncajuhy.com.br\/site\/wp-json\/wp\/v2\/media\/52691"}],"wp:attachment":[{"href":"https:\/\/blogdoeloiltoncajuhy.com.br\/site\/wp-json\/wp\/v2\/media?parent=56529"}],"wp:term":[{"taxonomy":"category","embeddable":true,"href":"https:\/\/blogdoeloiltoncajuhy.com.br\/site\/wp-json\/wp\/v2\/categories?post=56529"},{"taxonomy":"post_tag","embeddable":true,"href":"https:\/\/blogdoeloiltoncajuhy.com.br\/site\/wp-json\/wp\/v2\/tags?post=56529"}],"curies":[{"name":"wp","href":"https:\/\/api.w.org\/{rel}","templated":true}]}}