{"id":56525,"date":"2021-05-18T08:32:22","date_gmt":"2021-05-18T11:32:22","guid":{"rendered":"http:\/\/blogdoeloiltoncajuhy.com.br\/site\/?p=56525"},"modified":"2021-05-18T08:32:23","modified_gmt":"2021-05-18T11:32:23","slug":"sesab-recebe-vacinas-na-madrugada-e-inicia-distribuicao-para-municipios","status":"publish","type":"post","link":"https:\/\/blogdoeloiltoncajuhy.com.br\/site\/sesab-recebe-vacinas-na-madrugada-e-inicia-distribuicao-para-municipios\/","title":{"rendered":"Sesab recebe vacinas na madrugada e inicia distribui\u00e7\u00e3o para munic\u00edpios"},"content":{"rendered":"\n<div class=\"wp-block-image\"><figure class=\"aligncenter size-full is-resized\"><a href=\"https:\/\/i0.wp.com\/blogdoeloiltoncajuhy.com.br\/site\/wp-content\/uploads\/2021\/05\/Corona_Vacina_Novo-Lote.jpg\"><img data-recalc-dims=\"1\" fetchpriority=\"high\" decoding=\"async\" src=\"https:\/\/i0.wp.com\/blogdoeloiltoncajuhy.com.br\/site\/wp-content\/uploads\/2021\/05\/Corona_Vacina_Novo-Lote.jpg?resize=659%2C485\" alt=\"\" class=\"wp-image-56526\" width=\"659\" height=\"485\" srcset=\"https:\/\/i0.wp.com\/blogdoeloiltoncajuhy.com.br\/site\/wp-content\/uploads\/2021\/05\/Corona_Vacina_Novo-Lote.jpg?w=380&amp;ssl=1 380w, https:\/\/i0.wp.com\/blogdoeloiltoncajuhy.com.br\/site\/wp-content\/uploads\/2021\/05\/Corona_Vacina_Novo-Lote.jpg?resize=300%2C221&amp;ssl=1 300w\" sizes=\"(max-width: 659px) 100vw, 659px\" \/><\/a><figcaption><em><sub>Foto: Reprodu\u00e7\u00e3o\/Twitter<\/sub><\/em><\/figcaption><\/figure><\/div>\n\n\n\n<p>J\u00e1 est\u00e3o em solo baiano 297.300 doses de vacinas contra Covid-19. O novo lote com 246.300 vacinas da Oxford\/ AstraZeneca e 51 mil da Coronavac pousou durante a madrugada desta ter\u00e7a-feira (18) no Aeroporto de Salvador.<\/p>\n\n\n\n<p>De acordo com o secret\u00e1rio da Sa\u00fade do estado, F\u00e1bio Vilas-Boas, ap\u00f3s a contagem e divis\u00e3o dos imunizantes, eles seguiram para os munic\u00edpios. O novo lote vai ser destinado apenas a aplica\u00e7\u00e3o de segundas doses.<\/p>\n\n\n\n<p class=\"has-black-color has-text-color has-medium-font-size\"><strong>Vacina da Pfizer<\/strong><\/p>\n\n\n\n<p>Uma nova remessa com 39.780 doses da vacina da Pfizer tamb\u00e9m est\u00e1 prevista para chegar ainda nesta ter\u00e7a na Bahia, por volta de 16h25.<\/p>\n\n\n\n<p>A Sesab informou que este lote ter\u00e1 a distribui\u00e7\u00e3o ampliada para algumas cidades do estado com os ultracongeladores necess\u00e1rios para armazenar o imunizante a -70\u00baC.<\/p>\n","protected":false},"excerpt":{"rendered":"<p>J\u00e1 est\u00e3o em solo baiano 297.300 doses de vacinas contra Covid-19. O novo lote com 246.300 vacinas da Oxford\/ AstraZeneca e 51 mil da Coronavac pousou durante a madrugada desta ter\u00e7a-feira (18) no Aeroporto de Salvador. De acordo com o secret\u00e1rio da Sa\u00fade do estado, F\u00e1bio Vilas-Boas, ap\u00f3s a contagem e divis\u00e3o dos imunizantes, eles [&hellip;]<\/p>\n","protected":false},"author":2,"featured_media":56526,"comment_status":"open","ping_status":"open","sticky":false,"template":"","format":"standard","meta":{"_acf_changed":false,"_monsterinsights_skip_tracking":false,"_monsterinsights_sitenote_active":false,"_monsterinsights_sitenote_note":"","_monsterinsights_sitenote_category":0,"_jetpack_memberships_contains_paid_content":false,"footnotes":"","jetpack_publicize_message":"","jetpack_publicize_feature_enabled":true,"jetpack_social_post_already_shared":false,"jetpack_social_options":{"image_generator_settings":{"template":"highway","default_image_id":0,"font":"","enabled":false},"version":2}},"categories":[7],"tags":[],"class_list":["post-56525","post","type-post","status-publish","format-standard","has-post-thumbnail","hentry","category-saude"],"acf":[],"jetpack_publicize_connections":[],"jetpack_featured_media_url":"https:\/\/i0.wp.com\/blogdoeloiltoncajuhy.com.br\/site\/wp-content\/uploads\/2021\/05\/Corona_Vacina_Novo-Lote.jpg?fit=380%2C280&ssl=1","jetpack_sharing_enabled":true,"publishpress_future_workflow_manual_trigger":{"enabledWorkflows":[]},"_links":{"self":[{"href":"https:\/\/blogdoeloiltoncajuhy.com.br\/site\/wp-json\/wp\/v2\/posts\/56525","targetHints":{"allow":["GET"]}}],"collection":[{"href":"https:\/\/blogdoeloiltoncajuhy.com.br\/site\/wp-json\/wp\/v2\/posts"}],"about":[{"href":"https:\/\/blogdoeloiltoncajuhy.com.br\/site\/wp-json\/wp\/v2\/types\/post"}],"author":[{"embeddable":true,"href":"https:\/\/blogdoeloiltoncajuhy.com.br\/site\/wp-json\/wp\/v2\/users\/2"}],"replies":[{"embeddable":true,"href":"https:\/\/blogdoeloiltoncajuhy.com.br\/site\/wp-json\/wp\/v2\/comments?post=56525"}],"version-history":[{"count":2,"href":"https:\/\/blogdoeloiltoncajuhy.com.br\/site\/wp-json\/wp\/v2\/posts\/56525\/revisions"}],"predecessor-version":[{"id":56528,"href":"https:\/\/blogdoeloiltoncajuhy.com.br\/site\/wp-json\/wp\/v2\/posts\/56525\/revisions\/56528"}],"wp:featuredmedia":[{"embeddable":true,"href":"https:\/\/blogdoeloiltoncajuhy.com.br\/site\/wp-json\/wp\/v2\/media\/56526"}],"wp:attachment":[{"href":"https:\/\/blogdoeloiltoncajuhy.com.br\/site\/wp-json\/wp\/v2\/media?parent=56525"}],"wp:term":[{"taxonomy":"category","embeddable":true,"href":"https:\/\/blogdoeloiltoncajuhy.com.br\/site\/wp-json\/wp\/v2\/categories?post=56525"},{"taxonomy":"post_tag","embeddable":true,"href":"https:\/\/blogdoeloiltoncajuhy.com.br\/site\/wp-json\/wp\/v2\/tags?post=56525"}],"curies":[{"name":"wp","href":"https:\/\/api.w.org\/{rel}","templated":true}]}}