{"id":56517,"date":"2021-05-18T07:09:53","date_gmt":"2021-05-18T10:09:53","guid":{"rendered":"http:\/\/blogdoeloiltoncajuhy.com.br\/site\/?p=56517"},"modified":"2021-05-18T07:09:54","modified_gmt":"2021-05-18T10:09:54","slug":"tremor-de-terra-e-registrado-na-cidade-de-amargosa-moradores-ouviram-barulho","status":"publish","type":"post","link":"https:\/\/blogdoeloiltoncajuhy.com.br\/site\/tremor-de-terra-e-registrado-na-cidade-de-amargosa-moradores-ouviram-barulho\/","title":{"rendered":"Tremor de terra \u00e9 registrado na cidade de Amargosa; moradores ouviram barulho"},"content":{"rendered":"\n<h5 class=\"has-text-align-center wp-block-heading\"><em>Evento sismol\u00f3gico ocorreu por volta das 20h27 desta segunda-feira (17). Informa\u00e7\u00f5es colhidas pelo LabSis apontam que o tremor foi escutado por moradores da regi\u00e3o. Outras pessoas tamb\u00e9m sentiram<\/em><\/h5>\n\n\n\n<div class=\"wp-block-image\"><figure class=\"aligncenter size-large\"><a href=\"https:\/\/i0.wp.com\/blogdoeloiltoncajuhy.com.br\/site\/wp-content\/uploads\/2021\/05\/Amargosa.jpg\"><img data-recalc-dims=\"1\" fetchpriority=\"high\" decoding=\"async\" width=\"800\" height=\"501\" src=\"https:\/\/i0.wp.com\/blogdoeloiltoncajuhy.com.br\/site\/wp-content\/uploads\/2021\/05\/Amargosa.jpg?resize=800%2C501\" alt=\"\" class=\"wp-image-56518\" srcset=\"https:\/\/i0.wp.com\/blogdoeloiltoncajuhy.com.br\/site\/wp-content\/uploads\/2021\/05\/Amargosa.jpg?w=984&amp;ssl=1 984w, https:\/\/i0.wp.com\/blogdoeloiltoncajuhy.com.br\/site\/wp-content\/uploads\/2021\/05\/Amargosa.jpg?resize=300%2C188&amp;ssl=1 300w, https:\/\/i0.wp.com\/blogdoeloiltoncajuhy.com.br\/site\/wp-content\/uploads\/2021\/05\/Amargosa.jpg?resize=768%2C481&amp;ssl=1 768w\" sizes=\"(max-width: 800px) 100vw, 800px\" \/><\/a><figcaption><em><sub>Tremor de terra \u00e9 registrado na cidade de Amargosa \u2014 Foto: Divulga\u00e7\u00e3o\/Prefeitura de Amargosa<\/sub><\/em><\/figcaption><\/figure><\/div>\n\n\n\n<p>Um tremor de terra de magnitude preliminar 1,8 mR foi registrado no munic\u00edpio de Amargosa, no rec\u00f4ncavo baiano, na noite desta segunda-feira (17). A informa\u00e7\u00e3o foi divulgada pelo Laborat\u00f3rio Sismol\u00f3gico (LabSis) da Universidade Federal do Rio Grande do Norte (UFRN).<\/p>\n\n\n\n<p>Segundo o LabSis, o evento sismol\u00f3gico ocorreu por volta das 20h27. Informa\u00e7\u00f5es colhidas pelo laborat\u00f3rio apontam que o tremor foi escutado por moradores da regi\u00e3o. Outras pessoas tamb\u00e9m sentiram o tremor.<\/p>\n\n\n\n<p>O LabSis informou ainda que segue o monitoramento cont\u00ednuo de eventos s\u00edsmicos e tem informado \u00e0 Defesa Civil e prefeitura sobre as ocorr\u00eancias.<\/p>\n\n\n\n<p>Diversos tremores de terra j\u00e1 foram registrados na Bahia este ano. No in\u00edcio do m\u00eas, no dia 3 de maio, um tremor de terra de magnitude preliminar 1,4 mR foi registrado em Amargosa. Em abril, uma ocorr\u00eancia foi registrada em Dias D&#8217;\u00c1vila, na regi\u00e3o metropolitana de Salvador.<\/p>\n\n\n\n<p>No m\u00eas de mar\u00e7o, a Bahia registrou alguns tremores de terra. Em Jacobina, no norte do estado, o LabSis revelou dois tremores, no dia 18. O primeiro abalo s\u00edsmico aconteceu por volta da 16h36 e teve magnitude de 2,2. J\u00e1 o segundo, ocorreu \u00e0s 18h07 com magnitude de 1,7.<\/p>\n\n\n\n<p>Dois dias depois, foi a vez do munic\u00edpio de Itagib\u00e1, sudoeste da Bahia, registrar um tremor com magnitude preliminar de 2,2. J\u00e1 no dia 23, Jaguarari, centro-norte da Bahia, registrou um abalo s\u00edsmico com magnitude de 1,7.<\/p>\n\n\n\n<p>Ainda neste ano, no dia 26 de de janeiro, um tremor de 1,6 foi registado pelo laborat\u00f3rio. Por\u00e9m, no dia anterior, em 25 de janeiro, j\u00e1 havia sido registrado outro com 2,6 de magnitude.<\/p>\n\n\n\n<p>Em entrevista ao podcast &#8220;Eu Te Explico&#8221;, do G1 BA, o coordenador do LabSis, Aderson Nascimento, falou sobre a frequ\u00eancia dos abalos na Bahia.<\/p>\n\n\n\n<p><em>&#8220;Em m\u00e9dia, n\u00e3o existe raz\u00e3o nenhuma pra gente pensar que a sismicidade de uma hora pra outra ela aumenta. Ela aumenta e diminui. Quando voc\u00ea pega um certo intervalo de tempo, em m\u00e9dia, \u00e9 sempre a mesma. N\u00e3o tem nenhuma raz\u00e3o para pensar que ela aumentou. O que aumentou, de fato, isso \u00e9 not\u00e1vel, \u00e9 a nossa capacidade de monitoramento e detec\u00e7\u00e3o&#8221;<\/em>.<\/p>\n","protected":false},"excerpt":{"rendered":"<p>Evento sismol\u00f3gico ocorreu por volta das 20h27 desta segunda-feira (17). Informa\u00e7\u00f5es colhidas pelo LabSis apontam que o tremor foi escutado por moradores da regi\u00e3o. Outras pessoas tamb\u00e9m sentiram Um tremor de terra de magnitude preliminar 1,8 mR foi registrado no munic\u00edpio de Amargosa, no rec\u00f4ncavo baiano, na noite desta segunda-feira (17). A informa\u00e7\u00e3o foi divulgada [&hellip;]<\/p>\n","protected":false},"author":2,"featured_media":56518,"comment_status":"open","ping_status":"open","sticky":false,"template":"","format":"standard","meta":{"_acf_changed":false,"_monsterinsights_skip_tracking":false,"_monsterinsights_sitenote_active":false,"_monsterinsights_sitenote_note":"","_monsterinsights_sitenote_category":0,"_jetpack_memberships_contains_paid_content":false,"footnotes":"","jetpack_publicize_message":"","jetpack_publicize_feature_enabled":true,"jetpack_social_post_already_shared":false,"jetpack_social_options":{"image_generator_settings":{"template":"highway","default_image_id":0,"font":"","enabled":false},"version":2}},"categories":[11],"tags":[],"class_list":["post-56517","post","type-post","status-publish","format-standard","has-post-thumbnail","hentry","category-regional"],"acf":[],"jetpack_publicize_connections":[],"jetpack_featured_media_url":"https:\/\/i0.wp.com\/blogdoeloiltoncajuhy.com.br\/site\/wp-content\/uploads\/2021\/05\/Amargosa.jpg?fit=984%2C616&ssl=1","jetpack_sharing_enabled":true,"publishpress_future_workflow_manual_trigger":{"enabledWorkflows":[]},"_links":{"self":[{"href":"https:\/\/blogdoeloiltoncajuhy.com.br\/site\/wp-json\/wp\/v2\/posts\/56517","targetHints":{"allow":["GET"]}}],"collection":[{"href":"https:\/\/blogdoeloiltoncajuhy.com.br\/site\/wp-json\/wp\/v2\/posts"}],"about":[{"href":"https:\/\/blogdoeloiltoncajuhy.com.br\/site\/wp-json\/wp\/v2\/types\/post"}],"author":[{"embeddable":true,"href":"https:\/\/blogdoeloiltoncajuhy.com.br\/site\/wp-json\/wp\/v2\/users\/2"}],"replies":[{"embeddable":true,"href":"https:\/\/blogdoeloiltoncajuhy.com.br\/site\/wp-json\/wp\/v2\/comments?post=56517"}],"version-history":[{"count":2,"href":"https:\/\/blogdoeloiltoncajuhy.com.br\/site\/wp-json\/wp\/v2\/posts\/56517\/revisions"}],"predecessor-version":[{"id":56520,"href":"https:\/\/blogdoeloiltoncajuhy.com.br\/site\/wp-json\/wp\/v2\/posts\/56517\/revisions\/56520"}],"wp:featuredmedia":[{"embeddable":true,"href":"https:\/\/blogdoeloiltoncajuhy.com.br\/site\/wp-json\/wp\/v2\/media\/56518"}],"wp:attachment":[{"href":"https:\/\/blogdoeloiltoncajuhy.com.br\/site\/wp-json\/wp\/v2\/media?parent=56517"}],"wp:term":[{"taxonomy":"category","embeddable":true,"href":"https:\/\/blogdoeloiltoncajuhy.com.br\/site\/wp-json\/wp\/v2\/categories?post=56517"},{"taxonomy":"post_tag","embeddable":true,"href":"https:\/\/blogdoeloiltoncajuhy.com.br\/site\/wp-json\/wp\/v2\/tags?post=56517"}],"curies":[{"name":"wp","href":"https:\/\/api.w.org\/{rel}","templated":true}]}}