{"id":56508,"date":"2021-05-17T22:13:24","date_gmt":"2021-05-18T01:13:24","guid":{"rendered":"http:\/\/blogdoeloiltoncajuhy.com.br\/site\/?p=56508"},"modified":"2021-05-17T22:13:25","modified_gmt":"2021-05-18T01:13:25","slug":"industria-migra-do-sudeste-para-as-demais-regioes-do-pais-em-dez-anos-mostra-estudo-da-cni","status":"publish","type":"post","link":"https:\/\/blogdoeloiltoncajuhy.com.br\/site\/industria-migra-do-sudeste-para-as-demais-regioes-do-pais-em-dez-anos-mostra-estudo-da-cni\/","title":{"rendered":"Ind\u00fastria migra do Sudeste para as demais regi\u00f5es do Pa\u00eds em dez anos, mostra estudo da CNI"},"content":{"rendered":"\n<h5 class=\"has-text-align-center wp-block-heading\"><em>S\u00e3o Paulo e Rio de Janeiro perderam participa\u00e7\u00e3o na produ\u00e7\u00e3o nacional, enquanto Rio Grande do Sul, Paran\u00e1, Bahia, Pernambuco e Mato Grosso do Sul aumentaram sua import\u00e2ncia<\/em><\/h5>\n\n\n\n<div class=\"wp-block-image\"><figure class=\"aligncenter size-large\"><a href=\"https:\/\/i0.wp.com\/blogdoeloiltoncajuhy.com.br\/site\/wp-content\/uploads\/2021\/05\/Materia-Lana-01.jpeg\"><img data-recalc-dims=\"1\" fetchpriority=\"high\" decoding=\"async\" width=\"800\" height=\"532\" src=\"https:\/\/i0.wp.com\/blogdoeloiltoncajuhy.com.br\/site\/wp-content\/uploads\/2021\/05\/Materia-Lana-01.jpeg?resize=800%2C532\" alt=\"\" class=\"wp-image-56509\" srcset=\"https:\/\/i0.wp.com\/blogdoeloiltoncajuhy.com.br\/site\/wp-content\/uploads\/2021\/05\/Materia-Lana-01.jpeg?resize=1024%2C681&amp;ssl=1 1024w, https:\/\/i0.wp.com\/blogdoeloiltoncajuhy.com.br\/site\/wp-content\/uploads\/2021\/05\/Materia-Lana-01.jpeg?resize=300%2C199&amp;ssl=1 300w, https:\/\/i0.wp.com\/blogdoeloiltoncajuhy.com.br\/site\/wp-content\/uploads\/2021\/05\/Materia-Lana-01.jpeg?resize=768%2C511&amp;ssl=1 768w, https:\/\/i0.wp.com\/blogdoeloiltoncajuhy.com.br\/site\/wp-content\/uploads\/2021\/05\/Materia-Lana-01.jpeg?w=1280&amp;ssl=1 1280w\" sizes=\"(max-width: 800px) 100vw, 800px\" \/><\/a><\/figure><\/div>\n\n\n\n<p>A Confedera\u00e7\u00e3o Nacional da Ind\u00fastria (CNI) mostra que, em uma d\u00e9cada, ocorreu uma importante desconcentra\u00e7\u00e3o da ind\u00fastria brasileira, com redu\u00e7\u00e3o da participa\u00e7\u00e3o da regi\u00e3o Sudeste no PIB industrial e um aumento na participa\u00e7\u00e3o das demais regi\u00f5es geogr\u00e1ficas, como Sul, Centro-Oeste, Nordeste e Norte. Nesse movimento, Pernambuco foi o segundo estado que mais ganhou import\u00e2ncia na produ\u00e7\u00e3o industrial pelo desempenho da ind\u00fastria da transforma\u00e7\u00e3o.<\/p>\n\n\n\n<p>Dados da pesquisa revelam que a sua participa\u00e7\u00e3o aumentou em 1,3 ponto percentual, por ter conquistado uma parcela maior da produ\u00e7\u00e3o brasileira de Ve\u00edculos automotores, Outros equipamentos de transporte, Derivados do petr\u00f3leo e biocombust\u00edveis e Produtos de metal. A pesquisa compara os bi\u00eanios 2007-2008 e 2017-2018.<\/p>\n\n\n\n<p>De acordo com o gerente de Rela\u00e7\u00f5es Industriais da Federa\u00e7\u00e3o das Ind\u00fastrias do Estado de Pernambuco (FIEPE), Maur\u00edcio Laranjeira, essa migra\u00e7\u00e3o se deu, sobretudo, pela melhora do ambiente de neg\u00f3cios. <em>\u201cVale destacar que existe uma contribui\u00e7\u00e3o importante dos setores p\u00fablico e privado. A nossa infraestrutura \u00e9 boa, em termos de Nordeste, o que nos coloca como um hub para a Regi\u00e3o, e existe tamb\u00e9m uma aposta das empresas em qualificar o seu capital humano e potencializar os seus neg\u00f3cios\u201d<\/em>, afirmou.<\/p>\n\n\n\n<p>Na vis\u00e3o de Laranjeira, essa din\u00e2mica de migra\u00e7\u00e3o se justifica por um conjunto de fatores, entre eles pelo fato de a nossa m\u00e3o-de-obra ser mais competitiva. <em>\u201cApostamos em aperfei\u00e7oamento profissional e, no longo prazo, percebemos o retorno na ponta da atividade. Al\u00e9m disso, existe o amadurecimento da economia brasileira e, portanto, se faz necess\u00e1rio investir numa Pol\u00edtica Nacional da Ind\u00fastria que favore\u00e7a a economia e \u00e0 distribui\u00e7\u00e3o de riqueza\u201d<\/em>, frisou. Esse movimento foi capaz tamb\u00e9m de beneficiar a cadeia de suprimento local, que se tornou ainda mais profissional e pronta para atender a diversos mercados.<\/p>\n\n\n\n<div class=\"wp-block-image\"><figure class=\"aligncenter size-large\"><a href=\"https:\/\/i0.wp.com\/blogdoeloiltoncajuhy.com.br\/site\/wp-content\/uploads\/2021\/05\/Materia-Lana-02.jpeg\"><img data-recalc-dims=\"1\" decoding=\"async\" width=\"800\" height=\"532\" src=\"https:\/\/i0.wp.com\/blogdoeloiltoncajuhy.com.br\/site\/wp-content\/uploads\/2021\/05\/Materia-Lana-02.jpeg?resize=800%2C532\" alt=\"\" class=\"wp-image-56510\" srcset=\"https:\/\/i0.wp.com\/blogdoeloiltoncajuhy.com.br\/site\/wp-content\/uploads\/2021\/05\/Materia-Lana-02.jpeg?resize=1024%2C681&amp;ssl=1 1024w, https:\/\/i0.wp.com\/blogdoeloiltoncajuhy.com.br\/site\/wp-content\/uploads\/2021\/05\/Materia-Lana-02.jpeg?resize=300%2C199&amp;ssl=1 300w, https:\/\/i0.wp.com\/blogdoeloiltoncajuhy.com.br\/site\/wp-content\/uploads\/2021\/05\/Materia-Lana-02.jpeg?resize=768%2C511&amp;ssl=1 768w, https:\/\/i0.wp.com\/blogdoeloiltoncajuhy.com.br\/site\/wp-content\/uploads\/2021\/05\/Materia-Lana-02.jpeg?w=1280&amp;ssl=1 1280w\" sizes=\"(max-width: 800px) 100vw, 800px\" \/><\/a><\/figure><\/div>\n\n\n\n<p>No geral, conforme a pesquisa, o Par\u00e1 foi o estado que mais ganhou espa\u00e7o na produ\u00e7\u00e3o industrial nacional total, em raz\u00e3o do crescimento de sua ind\u00fastria extrativa, principalmente da extrativa mineral. Aumentou 1,5 ponto percentual. Junto com o Par\u00e1, Rio Grande do Sul, Paran\u00e1, Pernambuco e Mato Grosso do Sul, formam o grupo dos cinco estados de melhor desempenho. Al\u00e9m deles, a Bahia se destaca por ter sido o estado que mais ganhou import\u00e2ncia na produ\u00e7\u00e3o da ind\u00fastria de transforma\u00e7\u00e3o no per\u00edodo. Sua participa\u00e7\u00e3o tamb\u00e9m aumentou em 1,5 ponto. Mesmo com o movimento de descentraliza\u00e7\u00e3o da ind\u00fastria total \u2013 Extrativa, Transforma\u00e7\u00e3o, Constru\u00e7\u00e3o e servi\u00e7os Industriais de Utilidade P\u00fablica \u2013 cerca de 80% da ind\u00fastria brasileira est\u00e3o concentradas no Sul e Sudeste do Brasil.<\/p>\n\n\n\n<p>Na an\u00e1lise do economista-chefe da CNI, Renato da Fonseca, S\u00e3o Paulo continua sendo o principal parque industrial do Pa\u00eds, mas a ind\u00fastria brasileira tem migrado do Sudeste, que perdeu 7,5 pontos percentuais na ind\u00fastria de transforma\u00e7\u00e3o, principalmente para as regi\u00f5es Sul e Nordeste, que aumentaram 3,2 pontos e 2,9 pontos respectivamente. S\u00e3o Paulo responde por 38,15% do valor adicionado da Ind\u00fastria de transforma\u00e7\u00e3o, o segundo colocado, Minas Gerais, tem 10,09%.<\/p>\n\n\n\n<p>Segundo o presidente da CNI Robson Braga de Andrade, <em>\u201co que o Brasil precisa \u00e9 fortalecer o setor industrial, para que ele seja cada vez mais din\u00e2mico e competitivo, ajudando a superar a mais grave crise sanit\u00e1ria, econ\u00f4mica e social que j\u00e1 vivenciamos. N\u00e3o existe pa\u00eds forte sem ind\u00fastria forte\u201d<\/em>, disse.<\/p>\n\n\n\n<div class=\"wp-block-image\"><figure class=\"aligncenter size-large\"><a href=\"https:\/\/i0.wp.com\/blogdoeloiltoncajuhy.com.br\/site\/wp-content\/uploads\/2021\/05\/Materia-Lana-03.jpeg\"><img data-recalc-dims=\"1\" decoding=\"async\" width=\"800\" height=\"533\" src=\"https:\/\/i0.wp.com\/blogdoeloiltoncajuhy.com.br\/site\/wp-content\/uploads\/2021\/05\/Materia-Lana-03.jpeg?resize=800%2C533\" alt=\"\" class=\"wp-image-56511\" srcset=\"https:\/\/i0.wp.com\/blogdoeloiltoncajuhy.com.br\/site\/wp-content\/uploads\/2021\/05\/Materia-Lana-03.jpeg?resize=1024%2C682&amp;ssl=1 1024w, https:\/\/i0.wp.com\/blogdoeloiltoncajuhy.com.br\/site\/wp-content\/uploads\/2021\/05\/Materia-Lana-03.jpeg?resize=300%2C200&amp;ssl=1 300w, https:\/\/i0.wp.com\/blogdoeloiltoncajuhy.com.br\/site\/wp-content\/uploads\/2021\/05\/Materia-Lana-03.jpeg?resize=768%2C512&amp;ssl=1 768w, https:\/\/i0.wp.com\/blogdoeloiltoncajuhy.com.br\/site\/wp-content\/uploads\/2021\/05\/Materia-Lana-03.jpeg?w=1280&amp;ssl=1 1280w\" sizes=\"(max-width: 800px) 100vw, 800px\" \/><\/a><\/figure><\/div>\n\n\n\n<p class=\"has-black-color has-text-color\"><strong>*<\/strong><span><em style=\"font-weight: bold;\">Cr\u00e9dito das imagens: Divulga\u00e7\u00e3o\/CNI<\/em><\/span><\/p>\n","protected":false},"excerpt":{"rendered":"<p>S\u00e3o Paulo e Rio de Janeiro perderam participa\u00e7\u00e3o na produ\u00e7\u00e3o nacional, enquanto Rio Grande do Sul, Paran\u00e1, Bahia, Pernambuco e Mato Grosso do Sul aumentaram sua import\u00e2ncia A Confedera\u00e7\u00e3o Nacional da Ind\u00fastria (CNI) mostra que, em uma d\u00e9cada, ocorreu uma importante desconcentra\u00e7\u00e3o da ind\u00fastria brasileira, com redu\u00e7\u00e3o da participa\u00e7\u00e3o da regi\u00e3o Sudeste no PIB industrial [&hellip;]<\/p>\n","protected":false},"author":2,"featured_media":56511,"comment_status":"open","ping_status":"open","sticky":false,"template":"","format":"standard","meta":{"_acf_changed":false,"_monsterinsights_skip_tracking":false,"_monsterinsights_sitenote_active":false,"_monsterinsights_sitenote_note":"","_monsterinsights_sitenote_category":0,"_jetpack_memberships_contains_paid_content":false,"footnotes":"","jetpack_publicize_message":"","jetpack_publicize_feature_enabled":true,"jetpack_social_post_already_shared":false,"jetpack_social_options":{"image_generator_settings":{"template":"highway","default_image_id":0,"font":"","enabled":false},"version":2}},"categories":[1],"tags":[],"class_list":["post-56508","post","type-post","status-publish","format-standard","has-post-thumbnail","hentry","category-noticias"],"acf":[],"jetpack_publicize_connections":[],"jetpack_featured_media_url":"https:\/\/i0.wp.com\/blogdoeloiltoncajuhy.com.br\/site\/wp-content\/uploads\/2021\/05\/Materia-Lana-03.jpeg?fit=1280%2C853&ssl=1","jetpack_sharing_enabled":true,"publishpress_future_workflow_manual_trigger":{"enabledWorkflows":[]},"_links":{"self":[{"href":"https:\/\/blogdoeloiltoncajuhy.com.br\/site\/wp-json\/wp\/v2\/posts\/56508","targetHints":{"allow":["GET"]}}],"collection":[{"href":"https:\/\/blogdoeloiltoncajuhy.com.br\/site\/wp-json\/wp\/v2\/posts"}],"about":[{"href":"https:\/\/blogdoeloiltoncajuhy.com.br\/site\/wp-json\/wp\/v2\/types\/post"}],"author":[{"embeddable":true,"href":"https:\/\/blogdoeloiltoncajuhy.com.br\/site\/wp-json\/wp\/v2\/users\/2"}],"replies":[{"embeddable":true,"href":"https:\/\/blogdoeloiltoncajuhy.com.br\/site\/wp-json\/wp\/v2\/comments?post=56508"}],"version-history":[{"count":1,"href":"https:\/\/blogdoeloiltoncajuhy.com.br\/site\/wp-json\/wp\/v2\/posts\/56508\/revisions"}],"predecessor-version":[{"id":56512,"href":"https:\/\/blogdoeloiltoncajuhy.com.br\/site\/wp-json\/wp\/v2\/posts\/56508\/revisions\/56512"}],"wp:featuredmedia":[{"embeddable":true,"href":"https:\/\/blogdoeloiltoncajuhy.com.br\/site\/wp-json\/wp\/v2\/media\/56511"}],"wp:attachment":[{"href":"https:\/\/blogdoeloiltoncajuhy.com.br\/site\/wp-json\/wp\/v2\/media?parent=56508"}],"wp:term":[{"taxonomy":"category","embeddable":true,"href":"https:\/\/blogdoeloiltoncajuhy.com.br\/site\/wp-json\/wp\/v2\/categories?post=56508"},{"taxonomy":"post_tag","embeddable":true,"href":"https:\/\/blogdoeloiltoncajuhy.com.br\/site\/wp-json\/wp\/v2\/tags?post=56508"}],"curies":[{"name":"wp","href":"https:\/\/api.w.org\/{rel}","templated":true}]}}