{"id":56501,"date":"2021-05-17T11:46:03","date_gmt":"2021-05-17T14:46:03","guid":{"rendered":"http:\/\/blogdoeloiltoncajuhy.com.br\/site\/?p=56501"},"modified":"2021-05-17T11:46:04","modified_gmt":"2021-05-17T14:46:04","slug":"rui-anuncia-suspensao-do-transporte-intermunicipal-no-sao-joao","status":"publish","type":"post","link":"https:\/\/blogdoeloiltoncajuhy.com.br\/site\/rui-anuncia-suspensao-do-transporte-intermunicipal-no-sao-joao\/","title":{"rendered":"Rui anuncia suspens\u00e3o do transporte intermunicipal no S\u00e3o Jo\u00e3o"},"content":{"rendered":"\n<audio class=\"wp-audio-shortcode\" id=\"audio-56501-1\" preload=\"none\" style=\"width: 100%;\" controls=\"controls\"><source type=\"audio\/mpeg\" src=\"http:\/\/www.bahia.ba.gov.br\/wp-content\/uploads\/2021\/05\/RUI_SUSPENSAO-TRANSPORTE_170521.mp3?_=1\" \/><a href=\"http:\/\/www.bahia.ba.gov.br\/wp-content\/uploads\/2021\/05\/RUI_SUSPENSAO-TRANSPORTE_170521.mp3\">http:\/\/www.bahia.ba.gov.br\/wp-content\/uploads\/2021\/05\/RUI_SUSPENSAO-TRANSPORTE_170521.mp3<\/a><\/audio>\n\n\n\n<p>O transporte intermunicipal ser\u00e1 suspenso no per\u00edodo do S\u00e3o Jo\u00e3o para conter a dissemina\u00e7\u00e3o do coronav\u00edrus na Bahia. A medida foi anunciada nesta segunda-feira (17) pelo governador Rui Costa. Ele tamb\u00e9m criticou as aglomera\u00e7\u00f5es registradas no final de semana em Salvador.<\/p>\n","protected":false},"excerpt":{"rendered":"<p>http:\/\/www.bahia.ba.gov.br\/wp-content\/uploads\/2021\/05\/RUI_SUSPENSAO-TRANSPORTE_170521.mp3 O transporte intermunicipal ser\u00e1 suspenso no per\u00edodo do S\u00e3o Jo\u00e3o para conter a dissemina\u00e7\u00e3o do coronav\u00edrus na Bahia. A medida foi anunciada nesta segunda-feira (17) pelo governador Rui Costa. Ele tamb\u00e9m criticou as aglomera\u00e7\u00f5es registradas no final de semana em Salvador.<\/p>\n","protected":false},"author":2,"featured_media":14957,"comment_status":"open","ping_status":"open","sticky":false,"template":"","format":"standard","meta":{"_acf_changed":false,"_monsterinsights_skip_tracking":false,"_monsterinsights_sitenote_active":false,"_monsterinsights_sitenote_note":"","_monsterinsights_sitenote_category":0,"_jetpack_memberships_contains_paid_content":false,"footnotes":"","jetpack_publicize_message":"","jetpack_publicize_feature_enabled":true,"jetpack_social_post_already_shared":false,"jetpack_social_options":{"image_generator_settings":{"template":"highway","default_image_id":0,"font":"","enabled":false},"version":2}},"categories":[7],"tags":[],"class_list":["post-56501","post","type-post","status-publish","format-standard","has-post-thumbnail","hentry","category-saude"],"acf":[],"jetpack_publicize_connections":[],"jetpack_featured_media_url":"https:\/\/i0.wp.com\/blogdoeloiltoncajuhy.com.br\/site\/wp-content\/uploads\/2017\/01\/rui-jan_2017-e1485260884976.jpeg?fit=480%2C320&ssl=1","jetpack_sharing_enabled":true,"publishpress_future_workflow_manual_trigger":{"enabledWorkflows":[]},"_links":{"self":[{"href":"https:\/\/blogdoeloiltoncajuhy.com.br\/site\/wp-json\/wp\/v2\/posts\/56501","targetHints":{"allow":["GET"]}}],"collection":[{"href":"https:\/\/blogdoeloiltoncajuhy.com.br\/site\/wp-json\/wp\/v2\/posts"}],"about":[{"href":"https:\/\/blogdoeloiltoncajuhy.com.br\/site\/wp-json\/wp\/v2\/types\/post"}],"author":[{"embeddable":true,"href":"https:\/\/blogdoeloiltoncajuhy.com.br\/site\/wp-json\/wp\/v2\/users\/2"}],"replies":[{"embeddable":true,"href":"https:\/\/blogdoeloiltoncajuhy.com.br\/site\/wp-json\/wp\/v2\/comments?post=56501"}],"version-history":[{"count":2,"href":"https:\/\/blogdoeloiltoncajuhy.com.br\/site\/wp-json\/wp\/v2\/posts\/56501\/revisions"}],"predecessor-version":[{"id":56503,"href":"https:\/\/blogdoeloiltoncajuhy.com.br\/site\/wp-json\/wp\/v2\/posts\/56501\/revisions\/56503"}],"wp:featuredmedia":[{"embeddable":true,"href":"https:\/\/blogdoeloiltoncajuhy.com.br\/site\/wp-json\/wp\/v2\/media\/14957"}],"wp:attachment":[{"href":"https:\/\/blogdoeloiltoncajuhy.com.br\/site\/wp-json\/wp\/v2\/media?parent=56501"}],"wp:term":[{"taxonomy":"category","embeddable":true,"href":"https:\/\/blogdoeloiltoncajuhy.com.br\/site\/wp-json\/wp\/v2\/categories?post=56501"},{"taxonomy":"post_tag","embeddable":true,"href":"https:\/\/blogdoeloiltoncajuhy.com.br\/site\/wp-json\/wp\/v2\/tags?post=56501"}],"curies":[{"name":"wp","href":"https:\/\/api.w.org\/{rel}","templated":true}]}}