{"id":56492,"date":"2021-05-17T09:15:03","date_gmt":"2021-05-17T12:15:03","guid":{"rendered":"http:\/\/blogdoeloiltoncajuhy.com.br\/site\/?p=56492"},"modified":"2021-05-17T09:15:08","modified_gmt":"2021-05-17T12:15:08","slug":"policia-investiga-se-mc-kevin-tentou-pular-da-sacada-do-5-andar-de-hotel-na-barra-da-tijuca-para-a-piscina","status":"publish","type":"post","link":"https:\/\/blogdoeloiltoncajuhy.com.br\/site\/policia-investiga-se-mc-kevin-tentou-pular-da-sacada-do-5-andar-de-hotel-na-barra-da-tijuca-para-a-piscina\/","title":{"rendered":"Pol\u00edcia investiga se MC Kevin tentou pular da sacada do 5\u00b0 andar de hotel na Barra da Tijuca para a piscina"},"content":{"rendered":"\n<h5 class=\"has-text-align-center wp-block-heading\"><em>Funkeiro morreu na noite de domingo (16) depois de cair de um hotel na orla da Zona Oeste do Rio. Caso \u00e9 investigado pela 16\u00aa DP (Barra da Tijuca); mulher do funkeiro, amigos e equipe de produ\u00e7\u00e3o foram ouvidos pela pol\u00edcia<\/em><\/h5>\n\n\n\n<figure class=\"wp-block-gallery aligncenter columns-2 is-cropped wp-block-gallery-1 is-layout-flex wp-block-gallery-is-layout-flex\"><ul class=\"blocks-gallery-grid\"><li class=\"blocks-gallery-item\"><figure><a href=\"https:\/\/i0.wp.com\/blogdoeloiltoncajuhy.com.br\/site\/wp-content\/uploads\/2021\/05\/MC-Kevin-02.jpeg\"><img data-recalc-dims=\"1\" fetchpriority=\"high\" decoding=\"async\" width=\"800\" height=\"849\" src=\"https:\/\/i0.wp.com\/blogdoeloiltoncajuhy.com.br\/site\/wp-content\/uploads\/2021\/05\/MC-Kevin-02.jpeg?resize=800%2C849\" alt=\"\" data-id=\"56493\" data-full-url=\"http:\/\/blogdoeloiltoncajuhy.com.br\/site\/wp-content\/uploads\/2021\/05\/MC-Kevin-02.jpeg\" data-link=\"http:\/\/blogdoeloiltoncajuhy.com.br\/site\/?attachment_id=56493\" class=\"wp-image-56493\" srcset=\"https:\/\/i0.wp.com\/blogdoeloiltoncajuhy.com.br\/site\/wp-content\/uploads\/2021\/05\/MC-Kevin-02.jpeg?resize=965%2C1024&amp;ssl=1 965w, https:\/\/i0.wp.com\/blogdoeloiltoncajuhy.com.br\/site\/wp-content\/uploads\/2021\/05\/MC-Kevin-02.jpeg?resize=283%2C300&amp;ssl=1 283w, https:\/\/i0.wp.com\/blogdoeloiltoncajuhy.com.br\/site\/wp-content\/uploads\/2021\/05\/MC-Kevin-02.jpeg?resize=768%2C815&amp;ssl=1 768w, https:\/\/i0.wp.com\/blogdoeloiltoncajuhy.com.br\/site\/wp-content\/uploads\/2021\/05\/MC-Kevin-02.jpeg?w=984&amp;ssl=1 984w\" sizes=\"(max-width: 800px) 100vw, 800px\" \/><\/a><figcaption class=\"blocks-gallery-item__caption\"><em><sub>Uma das \u00faltimas postagens de MC Kevin nos stories do Instagram \u2014 Foto: Reprodu\u00e7\u00e3o<\/sub><\/em><\/figcaption><\/figure><\/li><li class=\"blocks-gallery-item\"><figure><a href=\"https:\/\/i0.wp.com\/blogdoeloiltoncajuhy.com.br\/site\/wp-content\/uploads\/2021\/05\/MC-Kevin-03.jpeg\"><img data-recalc-dims=\"1\" decoding=\"async\" width=\"800\" height=\"983\" src=\"https:\/\/i0.wp.com\/blogdoeloiltoncajuhy.com.br\/site\/wp-content\/uploads\/2021\/05\/MC-Kevin-03.jpeg?resize=800%2C983\" alt=\"\" data-id=\"56494\" data-full-url=\"http:\/\/blogdoeloiltoncajuhy.com.br\/site\/wp-content\/uploads\/2021\/05\/MC-Kevin-03.jpeg\" data-link=\"http:\/\/blogdoeloiltoncajuhy.com.br\/site\/?attachment_id=56494\" class=\"wp-image-56494\" srcset=\"https:\/\/i0.wp.com\/blogdoeloiltoncajuhy.com.br\/site\/wp-content\/uploads\/2021\/05\/MC-Kevin-03.jpeg?resize=833%2C1024&amp;ssl=1 833w, https:\/\/i0.wp.com\/blogdoeloiltoncajuhy.com.br\/site\/wp-content\/uploads\/2021\/05\/MC-Kevin-03.jpeg?resize=244%2C300&amp;ssl=1 244w, https:\/\/i0.wp.com\/blogdoeloiltoncajuhy.com.br\/site\/wp-content\/uploads\/2021\/05\/MC-Kevin-03.jpeg?resize=768%2C944&amp;ssl=1 768w, https:\/\/i0.wp.com\/blogdoeloiltoncajuhy.com.br\/site\/wp-content\/uploads\/2021\/05\/MC-Kevin-03.jpeg?w=984&amp;ssl=1 984w\" sizes=\"(max-width: 800px) 100vw, 800px\" \/><\/a><figcaption class=\"blocks-gallery-item__caption\"><em><sub>MC Kevin em foto no Instagram \u2014 Foto: Reprodu\u00e7\u00e3o<\/sub><\/em><\/figcaption><\/figure><\/li><\/ul><\/figure>\n\n\n\n<p>A Pol\u00edcia Civil investiga a morte do funkeiro Kevin Nascimento Bueno, de 23 anos, conhecido como MC Kevin. Ele morreu na noite deste domingo (16) depois de cair do 5\u00ba andar de um hotel na orla da Barra da Tijuca, na Zona Oeste do Rio. A informa\u00e7\u00e3o sobre a morte foi confirmada em nota pela Secretaria de Sa\u00fade do Rio.<\/p>\n\n\n\n<p>De acordo com informa\u00e7\u00f5es preliminares, passadas pela Pol\u00edcia Militar, o funkeiro teria tentado pular da varanda do quarto para a piscina e teria batido com a cabe\u00e7a na borda dessa piscina.<\/p>\n\n\n\n<p>A esposa de MC Kevin, a advogada Deolane Bezerra, amigos e a equipe de produ\u00e7\u00e3o que trabalhava com o funkeiro prestaram depoimento na madrugada desta segunda-feira (17) na 16\u00aa DP (Barra da Tijuca), que investiga o caso. Alguns j\u00e1 tinham sido ouvidos no hotel.<\/p>\n\n\n\n<div class=\"wp-block-image\"><figure class=\"aligncenter size-large is-resized\"><a href=\"https:\/\/i0.wp.com\/blogdoeloiltoncajuhy.com.br\/site\/wp-content\/uploads\/2021\/05\/MC-Kevin-01.jpeg\"><img data-recalc-dims=\"1\" decoding=\"async\" src=\"https:\/\/i0.wp.com\/blogdoeloiltoncajuhy.com.br\/site\/wp-content\/uploads\/2021\/05\/MC-Kevin-01.jpeg?resize=600%2C768\" alt=\"\" class=\"wp-image-56495\" width=\"600\" height=\"768\" srcset=\"https:\/\/i0.wp.com\/blogdoeloiltoncajuhy.com.br\/site\/wp-content\/uploads\/2021\/05\/MC-Kevin-01.jpeg?resize=800%2C1024&amp;ssl=1 800w, https:\/\/i0.wp.com\/blogdoeloiltoncajuhy.com.br\/site\/wp-content\/uploads\/2021\/05\/MC-Kevin-01.jpeg?resize=234%2C300&amp;ssl=1 234w, https:\/\/i0.wp.com\/blogdoeloiltoncajuhy.com.br\/site\/wp-content\/uploads\/2021\/05\/MC-Kevin-01.jpeg?resize=768%2C983&amp;ssl=1 768w, https:\/\/i0.wp.com\/blogdoeloiltoncajuhy.com.br\/site\/wp-content\/uploads\/2021\/05\/MC-Kevin-01.jpeg?w=984&amp;ssl=1 984w\" sizes=\"(max-width: 600px) 100vw, 600px\" \/><\/a><figcaption><em><sub>Deolane Bezerra tamb\u00e9m postou nas redes sociais uma foto do show do MC na madrugada deste domingo (16) no Rio \u2014 Foto: Reprodu\u00e7\u00e3o\/Redes Sociais<\/sub><\/em><\/figcaption><\/figure><\/div>\n\n\n\n<p>MC Kevin morava em Mogi das Cruzes, em S\u00e3o Paulo, mas estava no Rio porque tinha feito um show em uma boate em Vila Valqueire, na Zona Oeste, no s\u00e1bado (15).<\/p>\n\n\n\n<p>H\u00e1 duas semanas, ele se casou com Deolane em uma praia do M\u00e9xico. Os dois estavam juntos no \u00faltimo show do cantor. O corpo do funkeiro foi levado para o Instituto M\u00e9dico Legal (IML).<\/p>\n\n\n\n<p>O Corpo de Bombeiros disse ter sido acionado \u00e0s 18h13 para a ocorr\u00eancia da queda. MC Kevin chegou a ser levado pelos bombeiros em estado muito grave ao hospital Miguel Couto, na G\u00e1vea, na Zona Sul, mas n\u00e3o resistiu.<\/p>\n\n\n\n<p>At\u00e9 este domingo, pouco antes da morte, o artista tinha 8,6 milh\u00f5es de seguidores no Instagram. Na madrugada de s\u00e1bado (16) para domingo, ele postou um v\u00eddeo em seus stories:<\/p>\n\n\n\n<figure class=\"wp-block-pullquote\" style=\"border-color:#000000\"><blockquote><p><strong>&#8220;E a\u00ed, fam\u00edlia, suave, como que voc\u00eas est\u00e3o? Estou aqui na Barra, partiu show&#8221;, disse o cantor.<\/strong><\/p><\/blockquote><\/figure>\n\n\n\n<p>Ap\u00f3s a not\u00edcia da morte, Deolane fez uma postagem em homenagem ao marido.<\/p>\n\n\n\n<figure class=\"wp-block-pullquote\" style=\"border-color:#000000\"><blockquote><p><strong>&#8220;Voc\u00ea \u00e9 e sempre ser\u00e1 o amor da minha vida, o amor mais lindo que tive, o homem que mais me amou e me admirou! Vai com Deus meu menino. Eu sempre vou te amar!!!&#8221;<\/strong><\/p><\/blockquote><\/figure>\n\n\n\n<p class=\"has-black-color has-text-color has-medium-font-size\"><strong>M\u00fasicas de sucesso<\/strong><\/p>\n\n\n\n<p>O artista j\u00e1 lan\u00e7ou m\u00fasicas com artistas como MC Guim\u00ea e Igu, al\u00e9m de diversas outras can\u00e7\u00f5es desde seu primeiro lan\u00e7amento, em 2013. Kevin nasceu na Vila Ede, na Zona Norte de S\u00e3o Paulo.<\/p>\n\n\n\n<p>Conhecido por sucessos como &#8220;Cavalo de Troia&#8221; e &#8220;O menino encantou a quebrada&#8221;, Kevin tem registrados quase 1,8 milh\u00e3o de ouvintes mensais no Spotify.<\/p>\n\n\n\n<p>Em 2021, lan\u00e7ou o \u00e1lbum F\u00eanix. Durante a carreira, fez participa\u00e7\u00f5es em faixas de diversos artistas, como MC Ryan SP, MC Don Juan, Mc Hariel, Salvador da Rima, NOG e MC Davi.<\/p>\n\n\n\n<p>Um dos maiores sucessos com a voz de MC Kevin \u00e9 &#8220;Vergonha pra M\u00eddia&#8221;, parceria com outros MC da nova gera\u00e7\u00e3o do funk consciente de SP, com uma letra combativa sobre a vida na favela.<\/p>\n\n\n\n<p>O funkeiro tamb\u00e9m se envolveu em algumas pol\u00eamicas nos \u00faltimos anos. Neste ano, quatro policiais militares se sentiram ofendidos ap\u00f3s publica\u00e7\u00f5es do cantor em redes sociais.<\/p>\n\n\n\n<p>Em maio do ano passado, o m\u00fasico foi alvo de uma den\u00fancia de moradores do condom\u00ednio onde mora, em Mogi das Cruzes, por ter quebrado o isolamento social de preven\u00e7\u00e3o ao coronav\u00edrus. Em junho de 2019, o m\u00fasico foi preso em um hotel de Belo Horizonte por consumo de drogas.<\/p>\n","protected":false},"excerpt":{"rendered":"<p>Funkeiro morreu na noite de domingo (16) depois de cair de um hotel na orla da Zona Oeste do Rio. Caso \u00e9 investigado pela 16\u00aa DP (Barra da Tijuca); mulher do funkeiro, amigos e equipe de produ\u00e7\u00e3o foram ouvidos pela pol\u00edcia A Pol\u00edcia Civil investiga a morte do funkeiro Kevin Nascimento Bueno, de 23 anos, [&hellip;]<\/p>\n","protected":false},"author":2,"featured_media":56494,"comment_status":"open","ping_status":"open","sticky":false,"template":"","format":"standard","meta":{"_acf_changed":false,"_monsterinsights_skip_tracking":false,"_monsterinsights_sitenote_active":false,"_monsterinsights_sitenote_note":"","_monsterinsights_sitenote_category":0,"_jetpack_memberships_contains_paid_content":false,"footnotes":"","jetpack_publicize_message":"","jetpack_publicize_feature_enabled":true,"jetpack_social_post_already_shared":false,"jetpack_social_options":{"image_generator_settings":{"template":"highway","default_image_id":0,"font":"","enabled":false},"version":2}},"categories":[8],"tags":[],"class_list":["post-56492","post","type-post","status-publish","format-standard","has-post-thumbnail","hentry","category-cultura"],"acf":[],"jetpack_publicize_connections":[],"jetpack_featured_media_url":"https:\/\/i0.wp.com\/blogdoeloiltoncajuhy.com.br\/site\/wp-content\/uploads\/2021\/05\/MC-Kevin-03.jpeg?fit=984%2C1210&ssl=1","jetpack_sharing_enabled":true,"publishpress_future_workflow_manual_trigger":{"enabledWorkflows":[]},"_links":{"self":[{"href":"https:\/\/blogdoeloiltoncajuhy.com.br\/site\/wp-json\/wp\/v2\/posts\/56492","targetHints":{"allow":["GET"]}}],"collection":[{"href":"https:\/\/blogdoeloiltoncajuhy.com.br\/site\/wp-json\/wp\/v2\/posts"}],"about":[{"href":"https:\/\/blogdoeloiltoncajuhy.com.br\/site\/wp-json\/wp\/v2\/types\/post"}],"author":[{"embeddable":true,"href":"https:\/\/blogdoeloiltoncajuhy.com.br\/site\/wp-json\/wp\/v2\/users\/2"}],"replies":[{"embeddable":true,"href":"https:\/\/blogdoeloiltoncajuhy.com.br\/site\/wp-json\/wp\/v2\/comments?post=56492"}],"version-history":[{"count":2,"href":"https:\/\/blogdoeloiltoncajuhy.com.br\/site\/wp-json\/wp\/v2\/posts\/56492\/revisions"}],"predecessor-version":[{"id":56497,"href":"https:\/\/blogdoeloiltoncajuhy.com.br\/site\/wp-json\/wp\/v2\/posts\/56492\/revisions\/56497"}],"wp:featuredmedia":[{"embeddable":true,"href":"https:\/\/blogdoeloiltoncajuhy.com.br\/site\/wp-json\/wp\/v2\/media\/56494"}],"wp:attachment":[{"href":"https:\/\/blogdoeloiltoncajuhy.com.br\/site\/wp-json\/wp\/v2\/media?parent=56492"}],"wp:term":[{"taxonomy":"category","embeddable":true,"href":"https:\/\/blogdoeloiltoncajuhy.com.br\/site\/wp-json\/wp\/v2\/categories?post=56492"},{"taxonomy":"post_tag","embeddable":true,"href":"https:\/\/blogdoeloiltoncajuhy.com.br\/site\/wp-json\/wp\/v2\/tags?post=56492"}],"curies":[{"name":"wp","href":"https:\/\/api.w.org\/{rel}","templated":true}]}}