{"id":56486,"date":"2021-05-17T08:44:00","date_gmt":"2021-05-17T11:44:00","guid":{"rendered":"http:\/\/blogdoeloiltoncajuhy.com.br\/site\/?p=56486"},"modified":"2021-05-17T08:44:02","modified_gmt":"2021-05-17T11:44:02","slug":"forca-tarefa-prf-pf-e-policias-civil-e-militar-prendem-integrantes-de-quadrilha-responsavel-por-explosoes-em-tres-agencias-bancarias-da-bahia","status":"publish","type":"post","link":"https:\/\/blogdoeloiltoncajuhy.com.br\/site\/forca-tarefa-prf-pf-e-policias-civil-e-militar-prendem-integrantes-de-quadrilha-responsavel-por-explosoes-em-tres-agencias-bancarias-da-bahia\/","title":{"rendered":"For\u00e7a Tarefa: PRF, PF e Pol\u00edcias Civil e Militar prendem integrantes de quadrilha respons\u00e1vel por explos\u00f5es em tr\u00eas ag\u00eancias banc\u00e1rias da Bahia"},"content":{"rendered":"\n<h5 class=\"has-text-align-center wp-block-heading\"><em>O bando de criminosos \u00e9 acusado de explodir bancos na cidade de Correntina (BA). Com eles, al\u00e9m de farto material b\u00e9lico, as equipes recuperaram tr\u00eas ve\u00edculos que estavam servindo de apoio para a quadrilha e, ainda, R$ 315.796,00, em esp\u00e9cie<\/em><\/h5>\n\n\n\n<div class=\"wp-block-image\"><figure class=\"aligncenter size-full is-resized\"><a href=\"https:\/\/i0.wp.com\/blogdoeloiltoncajuhy.com.br\/site\/wp-content\/uploads\/2021\/05\/PRF_OperacaoAerarium-01.jpeg\"><img data-recalc-dims=\"1\" fetchpriority=\"high\" decoding=\"async\" src=\"https:\/\/i0.wp.com\/blogdoeloiltoncajuhy.com.br\/site\/wp-content\/uploads\/2021\/05\/PRF_OperacaoAerarium-01.jpeg?resize=748%2C421\" alt=\"\" class=\"wp-image-56487\" width=\"748\" height=\"421\" srcset=\"https:\/\/i0.wp.com\/blogdoeloiltoncajuhy.com.br\/site\/wp-content\/uploads\/2021\/05\/PRF_OperacaoAerarium-01.jpeg?w=640&amp;ssl=1 640w, https:\/\/i0.wp.com\/blogdoeloiltoncajuhy.com.br\/site\/wp-content\/uploads\/2021\/05\/PRF_OperacaoAerarium-01.jpeg?resize=300%2C169&amp;ssl=1 300w\" sizes=\"(max-width: 748px) 100vw, 748px\" \/><\/a><figcaption><em><sub>For\u00e7a Tarefa em prol do combate \u00e0 criminalidade: PRF, PF, Pol\u00edcia Civil e Militar prendem integrantes de quadrilha respons\u00e1vel por explos\u00f5es em tr\u00eas ag\u00eancias banc\u00e1rias da Bahia<\/sub><\/em><\/figcaption><\/figure><\/div>\n\n\n\n<p>Visando coibir a sequ\u00eancia de crimes contra institui\u00e7\u00f5es financeiras, foi criada uma for\u00e7a tarefa com a participa\u00e7\u00e3o da Pol\u00edcia Rodovi\u00e1ria Federal, Pol\u00edcia Militar da Bahia (PM), Pol\u00edcia Federal (PF) e Pol\u00edcia Civil (PC), que em conjunto deflagraram no \u00faltimo dia 16 de Abril a Opera\u00e7\u00e3o Aerarium.<\/p>\n\n\n\n<p>O objetivo principal \u00e9 promover, atrav\u00e9s de a\u00e7\u00f5es de intelig\u00eancia e direcionamento de esfor\u00e7os operacionais, patrulhamento preventivo e ostensivo, em hor\u00e1rios e locais cr\u00edticos, e com grande incid\u00eancia criminosa.<\/p>\n\n\n\n<p>J\u00e1 no primeiro dia do cerco (07), ap\u00f3s a quadrilha assaltar tr\u00eas ag\u00eancias banc\u00e1rias em Correntina (BA), com utiliza\u00e7\u00e3o de explosivos e armamento de grande poder b\u00e9lico, as equipes policiais se articularam, estrategicamente, em toda a regi\u00e3o afetada, e conseguiram recuperar, no munic\u00edpio de Maracas, tr\u00eas ve\u00edculos utilizados no crime, vindo a prender parte dos criminosos.<\/p>\n\n\n\n<p>No confronto com as for\u00e7as de seguran\u00e7a, em Maracas\/Ba, dois integrantes da quadrilha foram presos e cinco morreram, al\u00e9m de ser recuperado R$ 288.000,00, produto do assalto \u00e0s institui\u00e7\u00f5es financeiras.<\/p>\n\n\n\n<p>Tamb\u00e9m houve confronto armado em Serra do Ramalho\/BA, resultando na morte de mais dois integrantes da quadrilha e na pris\u00e3o de mais duas pessoas.<\/p>\n\n\n\n<p>Com a Opera\u00e7\u00e3o Aerarium, houve 09 pris\u00f5es e 08 assaltantes foram mortos. Foram apreendidos 15 armas de fogo, 863 muni\u00e7\u00f5es de diversos calibres, 07 ve\u00edculos automotores, 12 quilos de maconha, 02 quilos de coca\u00edna, al\u00e9m de ter sido recuperado R$ 315.796,00.<\/p>\n\n\n\n<p>A PRF ressalta que, opera\u00e7\u00f5es integradas com diversas for\u00e7as de seguran\u00e7a, s\u00e3o de extrema import\u00e2ncia para combater a criminalidade, salvaguardar vidas e garantir o direito de ir e vir da popula\u00e7\u00e3o.<\/p>\n\n\n\n<figure class=\"wp-block-gallery aligncenter columns-2 is-cropped wp-block-gallery-1 is-layout-flex wp-block-gallery-is-layout-flex\"><ul class=\"blocks-gallery-grid\"><li class=\"blocks-gallery-item\"><figure><a href=\"https:\/\/i0.wp.com\/blogdoeloiltoncajuhy.com.br\/site\/wp-content\/uploads\/2021\/05\/PRF_OperacaoAerarium-02.jpeg\"><img data-recalc-dims=\"1\" decoding=\"async\" width=\"800\" height=\"645\" src=\"https:\/\/i0.wp.com\/blogdoeloiltoncajuhy.com.br\/site\/wp-content\/uploads\/2021\/05\/PRF_OperacaoAerarium-02.jpeg?resize=800%2C645\" alt=\"\" data-id=\"56488\" data-full-url=\"http:\/\/blogdoeloiltoncajuhy.com.br\/site\/wp-content\/uploads\/2021\/05\/PRF_OperacaoAerarium-02.jpeg\" data-link=\"http:\/\/blogdoeloiltoncajuhy.com.br\/site\/?attachment_id=56488\" class=\"wp-image-56488\" srcset=\"https:\/\/i0.wp.com\/blogdoeloiltoncajuhy.com.br\/site\/wp-content\/uploads\/2021\/05\/PRF_OperacaoAerarium-02.jpeg?resize=1024%2C826&amp;ssl=1 1024w, https:\/\/i0.wp.com\/blogdoeloiltoncajuhy.com.br\/site\/wp-content\/uploads\/2021\/05\/PRF_OperacaoAerarium-02.jpeg?resize=300%2C242&amp;ssl=1 300w, https:\/\/i0.wp.com\/blogdoeloiltoncajuhy.com.br\/site\/wp-content\/uploads\/2021\/05\/PRF_OperacaoAerarium-02.jpeg?resize=768%2C620&amp;ssl=1 768w, https:\/\/i0.wp.com\/blogdoeloiltoncajuhy.com.br\/site\/wp-content\/uploads\/2021\/05\/PRF_OperacaoAerarium-02.jpeg?w=1280&amp;ssl=1 1280w\" sizes=\"(max-width: 800px) 100vw, 800px\" \/><\/a><\/figure><\/li><li class=\"blocks-gallery-item\"><figure><a href=\"https:\/\/i0.wp.com\/blogdoeloiltoncajuhy.com.br\/site\/wp-content\/uploads\/2021\/05\/PRF_OperacaoAerarium-03.jpeg\"><img data-recalc-dims=\"1\" decoding=\"async\" width=\"800\" height=\"942\" src=\"https:\/\/i0.wp.com\/blogdoeloiltoncajuhy.com.br\/site\/wp-content\/uploads\/2021\/05\/PRF_OperacaoAerarium-03.jpeg?resize=800%2C942\" alt=\"\" data-id=\"56489\" data-full-url=\"http:\/\/blogdoeloiltoncajuhy.com.br\/site\/wp-content\/uploads\/2021\/05\/PRF_OperacaoAerarium-03.jpeg\" data-link=\"http:\/\/blogdoeloiltoncajuhy.com.br\/site\/?attachment_id=56489\" class=\"wp-image-56489\" srcset=\"https:\/\/i0.wp.com\/blogdoeloiltoncajuhy.com.br\/site\/wp-content\/uploads\/2021\/05\/PRF_OperacaoAerarium-03.jpeg?resize=870%2C1024&amp;ssl=1 870w, https:\/\/i0.wp.com\/blogdoeloiltoncajuhy.com.br\/site\/wp-content\/uploads\/2021\/05\/PRF_OperacaoAerarium-03.jpeg?resize=255%2C300&amp;ssl=1 255w, https:\/\/i0.wp.com\/blogdoeloiltoncajuhy.com.br\/site\/wp-content\/uploads\/2021\/05\/PRF_OperacaoAerarium-03.jpeg?resize=768%2C904&amp;ssl=1 768w, https:\/\/i0.wp.com\/blogdoeloiltoncajuhy.com.br\/site\/wp-content\/uploads\/2021\/05\/PRF_OperacaoAerarium-03.jpeg?w=1088&amp;ssl=1 1088w\" sizes=\"(max-width: 800px) 100vw, 800px\" \/><\/a><\/figure><\/li><\/ul><\/figure>\n","protected":false},"excerpt":{"rendered":"<p>O bando de criminosos \u00e9 acusado de explodir bancos na cidade de Correntina (BA). Com eles, al\u00e9m de farto material b\u00e9lico, as equipes recuperaram tr\u00eas ve\u00edculos que estavam servindo de apoio para a quadrilha e, ainda, R$ 315.796,00, em esp\u00e9cie Visando coibir a sequ\u00eancia de crimes contra institui\u00e7\u00f5es financeiras, foi criada uma for\u00e7a tarefa com [&hellip;]<\/p>\n","protected":false},"author":2,"featured_media":56488,"comment_status":"open","ping_status":"open","sticky":false,"template":"","format":"standard","meta":{"_acf_changed":false,"_monsterinsights_skip_tracking":false,"_monsterinsights_sitenote_active":false,"_monsterinsights_sitenote_note":"","_monsterinsights_sitenote_category":0,"_jetpack_memberships_contains_paid_content":false,"footnotes":"","jetpack_publicize_message":"","jetpack_publicize_feature_enabled":true,"jetpack_social_post_already_shared":false,"jetpack_social_options":{"image_generator_settings":{"template":"highway","default_image_id":0,"font":"","enabled":false},"version":2}},"categories":[15],"tags":[],"class_list":["post-56486","post","type-post","status-publish","format-standard","has-post-thumbnail","hentry","category-policia"],"acf":[],"jetpack_publicize_connections":[],"jetpack_featured_media_url":"https:\/\/i0.wp.com\/blogdoeloiltoncajuhy.com.br\/site\/wp-content\/uploads\/2021\/05\/PRF_OperacaoAerarium-02.jpeg?fit=1280%2C1033&ssl=1","jetpack_sharing_enabled":true,"publishpress_future_workflow_manual_trigger":{"enabledWorkflows":[]},"_links":{"self":[{"href":"https:\/\/blogdoeloiltoncajuhy.com.br\/site\/wp-json\/wp\/v2\/posts\/56486","targetHints":{"allow":["GET"]}}],"collection":[{"href":"https:\/\/blogdoeloiltoncajuhy.com.br\/site\/wp-json\/wp\/v2\/posts"}],"about":[{"href":"https:\/\/blogdoeloiltoncajuhy.com.br\/site\/wp-json\/wp\/v2\/types\/post"}],"author":[{"embeddable":true,"href":"https:\/\/blogdoeloiltoncajuhy.com.br\/site\/wp-json\/wp\/v2\/users\/2"}],"replies":[{"embeddable":true,"href":"https:\/\/blogdoeloiltoncajuhy.com.br\/site\/wp-json\/wp\/v2\/comments?post=56486"}],"version-history":[{"count":2,"href":"https:\/\/blogdoeloiltoncajuhy.com.br\/site\/wp-json\/wp\/v2\/posts\/56486\/revisions"}],"predecessor-version":[{"id":56491,"href":"https:\/\/blogdoeloiltoncajuhy.com.br\/site\/wp-json\/wp\/v2\/posts\/56486\/revisions\/56491"}],"wp:featuredmedia":[{"embeddable":true,"href":"https:\/\/blogdoeloiltoncajuhy.com.br\/site\/wp-json\/wp\/v2\/media\/56488"}],"wp:attachment":[{"href":"https:\/\/blogdoeloiltoncajuhy.com.br\/site\/wp-json\/wp\/v2\/media?parent=56486"}],"wp:term":[{"taxonomy":"category","embeddable":true,"href":"https:\/\/blogdoeloiltoncajuhy.com.br\/site\/wp-json\/wp\/v2\/categories?post=56486"},{"taxonomy":"post_tag","embeddable":true,"href":"https:\/\/blogdoeloiltoncajuhy.com.br\/site\/wp-json\/wp\/v2\/tags?post=56486"}],"curies":[{"name":"wp","href":"https:\/\/api.w.org\/{rel}","templated":true}]}}