{"id":56471,"date":"2021-05-16T09:15:21","date_gmt":"2021-05-16T12:15:21","guid":{"rendered":"http:\/\/blogdoeloiltoncajuhy.com.br\/site\/?p=56471"},"modified":"2021-05-16T09:24:09","modified_gmt":"2021-05-16T12:24:09","slug":"empresario-do-ramo-calcados-e-mais-uma-vitima-da-covid-19-em-senhor-do-bonfim","status":"publish","type":"post","link":"https:\/\/blogdoeloiltoncajuhy.com.br\/site\/empresario-do-ramo-calcados-e-mais-uma-vitima-da-covid-19-em-senhor-do-bonfim\/","title":{"rendered":"Empres\u00e1rio do ramo cal\u00e7ados \u00e9 mais uma v\u00edtima da Covid-19 em Senhor do Bonfim"},"content":{"rendered":"\n<div class=\"wp-block-image\"><figure class=\"aligncenter size-large is-resized\"><a href=\"https:\/\/i0.wp.com\/blogdoeloiltoncajuhy.com.br\/site\/wp-content\/uploads\/2021\/05\/Floriano.jpeg\"><img data-recalc-dims=\"1\" fetchpriority=\"high\" decoding=\"async\" src=\"https:\/\/i0.wp.com\/blogdoeloiltoncajuhy.com.br\/site\/wp-content\/uploads\/2021\/05\/Floriano.jpeg?resize=510%2C768\" alt=\"\" class=\"wp-image-56472\" width=\"510\" height=\"768\" srcset=\"https:\/\/i0.wp.com\/blogdoeloiltoncajuhy.com.br\/site\/wp-content\/uploads\/2021\/05\/Floriano.jpeg?resize=680%2C1024&amp;ssl=1 680w, https:\/\/i0.wp.com\/blogdoeloiltoncajuhy.com.br\/site\/wp-content\/uploads\/2021\/05\/Floriano.jpeg?resize=199%2C300&amp;ssl=1 199w, https:\/\/i0.wp.com\/blogdoeloiltoncajuhy.com.br\/site\/wp-content\/uploads\/2021\/05\/Floriano.jpeg?resize=768%2C1157&amp;ssl=1 768w, https:\/\/i0.wp.com\/blogdoeloiltoncajuhy.com.br\/site\/wp-content\/uploads\/2021\/05\/Floriano.jpeg?w=850&amp;ssl=1 850w\" sizes=\"(max-width: 510px) 100vw, 510px\" \/><\/a><\/figure><\/div>\n\n\n\n<p><strong>Floriano Ferreira de Andrade Filho<\/strong>, ou simplesmente <strong>Floriano<\/strong>, 49 anos, pai de uma filha e bastante querido em Senhor do Bonfim. Ele \u00e9 mais uma v\u00edtima da Covid-19 em nossa cidade.<\/p>\n\n\n\n<p>Funcion\u00e1rio e gerente da Casa das Sand\u00e1lias, uma das mais antigas e tradicionais lojas de cal\u00e7ados de Senhor do Bonfim, por mais de 20 anos, Floriano decidiu abrir seu pr\u00f3prio neg\u00f3cio, a Loja Xinellus, inicialmente na Bar\u00e3o de Cotegipe e depois transferida para a Rua Manoel Teixeira, no centro da cidade. No m\u00eas passado, havia inaugurado uma filial na vizinha cidade de Campo Formoso.<\/p>\n\n\n\n<p>Ap\u00f3s contrair o coronav\u00edrus, Floriano teve seu quadro agravado de forma r\u00e1pida, sendo transferido para a UTI do Hospital Dom Antonio Monteiro na \u00faltima sexta-feira (14), quando foi intubado. Na madrugada deste domingo (16) ele n\u00e3o resistiu.<\/p>\n\n\n\n<p>De esp\u00edrito empreendedor e muito otimista, Floriano Andrade demonstrava esperan\u00e7a e f\u00e9 ao dizer: <em>&#8220;a vida t\u00e1 s\u00f3 come\u00e7ando&#8221;<\/em>. Nossa equipe transmite neste momento, nossos sinceros sentimentos de pesar a toda fam\u00edlia e amigos.<\/p>\n","protected":false},"excerpt":{"rendered":"<p>Floriano Ferreira de Andrade Filho, ou simplesmente Floriano, 49 anos, pai de uma filha e bastante querido em Senhor do Bonfim. Ele \u00e9 mais uma v\u00edtima da Covid-19 em nossa cidade. Funcion\u00e1rio e gerente da Casa das Sand\u00e1lias, uma das mais antigas e tradicionais lojas de cal\u00e7ados de Senhor do Bonfim, por mais de 20 [&hellip;]<\/p>\n","protected":false},"author":2,"featured_media":56472,"comment_status":"open","ping_status":"open","sticky":false,"template":"","format":"standard","meta":{"_acf_changed":false,"_monsterinsights_skip_tracking":false,"_monsterinsights_sitenote_active":false,"_monsterinsights_sitenote_note":"","_monsterinsights_sitenote_category":0,"_jetpack_memberships_contains_paid_content":false,"footnotes":"","jetpack_publicize_message":"","jetpack_publicize_feature_enabled":true,"jetpack_social_post_already_shared":false,"jetpack_social_options":{"image_generator_settings":{"template":"highway","default_image_id":0,"font":"","enabled":false},"version":2}},"categories":[4],"tags":[],"class_list":["post-56471","post","type-post","status-publish","format-standard","has-post-thumbnail","hentry","category-local"],"acf":[],"jetpack_publicize_connections":[],"jetpack_featured_media_url":"https:\/\/i0.wp.com\/blogdoeloiltoncajuhy.com.br\/site\/wp-content\/uploads\/2021\/05\/Floriano.jpeg?fit=850%2C1280&ssl=1","jetpack_sharing_enabled":true,"publishpress_future_workflow_manual_trigger":{"enabledWorkflows":[]},"_links":{"self":[{"href":"https:\/\/blogdoeloiltoncajuhy.com.br\/site\/wp-json\/wp\/v2\/posts\/56471","targetHints":{"allow":["GET"]}}],"collection":[{"href":"https:\/\/blogdoeloiltoncajuhy.com.br\/site\/wp-json\/wp\/v2\/posts"}],"about":[{"href":"https:\/\/blogdoeloiltoncajuhy.com.br\/site\/wp-json\/wp\/v2\/types\/post"}],"author":[{"embeddable":true,"href":"https:\/\/blogdoeloiltoncajuhy.com.br\/site\/wp-json\/wp\/v2\/users\/2"}],"replies":[{"embeddable":true,"href":"https:\/\/blogdoeloiltoncajuhy.com.br\/site\/wp-json\/wp\/v2\/comments?post=56471"}],"version-history":[{"count":3,"href":"https:\/\/blogdoeloiltoncajuhy.com.br\/site\/wp-json\/wp\/v2\/posts\/56471\/revisions"}],"predecessor-version":[{"id":56476,"href":"https:\/\/blogdoeloiltoncajuhy.com.br\/site\/wp-json\/wp\/v2\/posts\/56471\/revisions\/56476"}],"wp:featuredmedia":[{"embeddable":true,"href":"https:\/\/blogdoeloiltoncajuhy.com.br\/site\/wp-json\/wp\/v2\/media\/56472"}],"wp:attachment":[{"href":"https:\/\/blogdoeloiltoncajuhy.com.br\/site\/wp-json\/wp\/v2\/media?parent=56471"}],"wp:term":[{"taxonomy":"category","embeddable":true,"href":"https:\/\/blogdoeloiltoncajuhy.com.br\/site\/wp-json\/wp\/v2\/categories?post=56471"},{"taxonomy":"post_tag","embeddable":true,"href":"https:\/\/blogdoeloiltoncajuhy.com.br\/site\/wp-json\/wp\/v2\/tags?post=56471"}],"curies":[{"name":"wp","href":"https:\/\/api.w.org\/{rel}","templated":true}]}}