{"id":56461,"date":"2021-05-16T00:07:43","date_gmt":"2021-05-16T03:07:43","guid":{"rendered":"http:\/\/blogdoeloiltoncajuhy.com.br\/site\/?p=56461"},"modified":"2021-05-16T00:13:44","modified_gmt":"2021-05-16T03:13:44","slug":"morre-eva-wilma-aos-87-anos-de-cancer-no-ovario","status":"publish","type":"post","link":"https:\/\/blogdoeloiltoncajuhy.com.br\/site\/morre-eva-wilma-aos-87-anos-de-cancer-no-ovario\/","title":{"rendered":"Morre Eva Wilma, aos 87 anos, de c\u00e2ncer no ov\u00e1rio"},"content":{"rendered":"\n<div class=\"wp-block-image\"><figure class=\"aligncenter size-full is-resized\"><a href=\"https:\/\/i0.wp.com\/blogdoeloiltoncajuhy.com.br\/site\/wp-content\/uploads\/2021\/05\/Eva-Wilma-foto-edilso.jpg\"><img data-recalc-dims=\"1\" fetchpriority=\"high\" decoding=\"async\" src=\"https:\/\/i0.wp.com\/blogdoeloiltoncajuhy.com.br\/site\/wp-content\/uploads\/2021\/05\/Eva-Wilma-foto-edilso.jpg?resize=800%2C449\" alt=\"\" class=\"wp-image-56462\" width=\"800\" height=\"449\" srcset=\"https:\/\/i0.wp.com\/blogdoeloiltoncajuhy.com.br\/site\/wp-content\/uploads\/2021\/05\/Eva-Wilma-foto-edilso.jpg?w=640&amp;ssl=1 640w, https:\/\/i0.wp.com\/blogdoeloiltoncajuhy.com.br\/site\/wp-content\/uploads\/2021\/05\/Eva-Wilma-foto-edilso.jpg?resize=300%2C169&amp;ssl=1 300w\" sizes=\"(max-width: 800px) 100vw, 800px\" \/><\/a><figcaption><em><sub>Eva Wilma Foto: Edilson Dantas \/ Ag\u00eancia O Globo<\/sub><\/em><\/figcaption><\/figure><\/div>\n\n\n\n<p>A atriz Eva Wilma morreu neste s\u00e1bado, dia 15, \u00e0s 22h08, aos 87 anos, no Hospital Israelita Albert Einstein, em S\u00e3o Paulo, v\u00edtima de um c\u00e2ncer no ov\u00e1rio que, disseminado, levou a uma insufici\u00eancia respirat\u00f3ria. A artista estava internada desde o dia 15 de abril, inicialmente para tratar problemas card\u00edacos e renais. O c\u00e2ncer foi descoberto no \u00faltimo dia 7 de maio. A informa\u00e7\u00e3o foi confirmada pela assessoria de imprensa da artista.<\/p>\n\n\n\n<p><em>&#8220;Vivinha, \u00e9 assim (sorridentes) que vamos lembrar de voc\u00ea. Obrigado pelos momentos maravilhosos que vivemos juntos e estar\u00e3o eternamente em nossos cora\u00e7\u00f5es&#8221;<\/em>, escreveram os agentes da atriz no Instagram.<\/p>\n\n\n\n<p>Eva Wilma Riefle Buckup Zarattini nasceu em S\u00e3o Paulo, em 1933, filha de um metal\u00fargico alem\u00e3o e uma portenha judia. Em setembro do ano passado, a atriz comemorou 70 anos de carreira. No in\u00edcio da d\u00e9cada de 1950, ap\u00f3s chamar a aten\u00e7\u00e3o como bailarina cl\u00e1ssica, ela estreou como figurante em filmes italianos e fez dois filmes com o diretor Armando Couto e o ator Proc\u00f3pio Ferreira, &#8220;O Homem dos Papagaios&#8221; e &#8220;A Sogra&#8221;. Ao longo da carreira, trabalhou com diretores como Walter Hugo Khouri (&#8220;A ilha&#8221;), Luiz S\u00e9rgio Person (&#8220;S\u00e3o Paulo S.A&#8221;) e Roberto Farias (&#8220;A cidade amea\u00e7ada&#8221;).<\/p>\n\n\n\n<p>Na TV, a atriz estreou na Tupi, em 1953, no seriado &#8220;Namorados de S\u00e3o Paulo&#8221; (depois rebatizado para &#8220;Al\u00f4, do\u00e7ura&#8221;). Ao GLOBO, ela relembrou que eram horas de ensaio antes da a\u00e7\u00e3o acontecer em tempo real, diante das c\u00e2meras. Na \u00e9poca, a televis\u00e3o era toda feita ao vivo \u2014 o videotape s\u00f3 chegou em 1959, na TV Continental, no Rio.<\/p>\n\n\n\n<p>\u2014 <em>Tudo era muito artesanal. A gente ensaiava e combinava tudo antes. Chegava ao fim da tarde e era \u201cvamos ao ar, salve-se quem puder\u201d<\/em> \u2014 contou a atriz, lembrando-se dos textos que eram escondidos no cen\u00e1rio. \u2014 <em>Em S\u00e3o Paulo, se chamava cola; no Rio, d\u00e1lia (g\u00edria que surgiu ap\u00f3s um ator colar suas falas num vaso de d\u00e1lias). Us\u00e1vamos nossa marca\u00e7\u00e3o de cena para escolher pe\u00e7as do cen\u00e1rio para colar a d\u00e1lia<\/em>.<\/p>\n\n\n\n<div class=\"wp-block-image\"><figure class=\"aligncenter size-large\"><a href=\"https:\/\/i0.wp.com\/blogdoeloiltoncajuhy.com.br\/site\/wp-content\/uploads\/2021\/05\/Eva-Wilma-2.png\"><img data-recalc-dims=\"1\" decoding=\"async\" width=\"800\" height=\"501\" src=\"https:\/\/i0.wp.com\/blogdoeloiltoncajuhy.com.br\/site\/wp-content\/uploads\/2021\/05\/Eva-Wilma-2.png?resize=800%2C501\" alt=\"\" class=\"wp-image-56463\" srcset=\"https:\/\/i0.wp.com\/blogdoeloiltoncajuhy.com.br\/site\/wp-content\/uploads\/2021\/05\/Eva-Wilma-2.png?w=991&amp;ssl=1 991w, https:\/\/i0.wp.com\/blogdoeloiltoncajuhy.com.br\/site\/wp-content\/uploads\/2021\/05\/Eva-Wilma-2.png?resize=300%2C188&amp;ssl=1 300w, https:\/\/i0.wp.com\/blogdoeloiltoncajuhy.com.br\/site\/wp-content\/uploads\/2021\/05\/Eva-Wilma-2.png?resize=768%2C480&amp;ssl=1 768w\" sizes=\"(max-width: 800px) 100vw, 800px\" \/><\/a><figcaption><em><sub>Eva Wilma em Fina Estampa &#8211; Divulga\u00e7\u00e3o<\/sub><\/em><\/figcaption><\/figure><\/div>\n\n\n\n<p>Ao longo dos anos 1970, Wilma se tornou uma das principais estrelas da TV brasileira. Fez sucesso atuando ao lado do ator Carlos Zara em diversos programas, muitas vezes como par rom\u00e2ntico. Seus sucessos na telinha incluem as g\u00eameas Ruth e Raquel na primeira vers\u00e3o de &#8220;Mulheres de Areia&#8221;, de Ivani Ribeiro, e papeis em novelas como &#8220;A viagem&#8221;, &#8220;O direito de nascer&#8221; e &#8220;Selva de pedra&#8221;. Na d\u00e9cada de 1990, fez sucesso como Altiva, com seu sotaque nordestino e misturado com ingl\u00eas na fict\u00edcia Greenville.<\/p>\n\n\n\n<p>Em entrevista ao GLOBO, em 2019, a atriz falou com empolga\u00e7\u00e3o sobre os projetos nos quais esteve envolvida, como a novela &#8220;O tempo n\u00e3o para&#8221;, de 2018, um recital e a com\u00e9dia &#8220;As aparecidas&#8221;, dirigida por Ivan Feij\u00f3. <em>Com bom humor, a Wilma admitia as dificuldades que a idade tinha trazido, como as dificuldades para decorar texto (&#8220;lembrar as datas, ent\u00e3o, \u00e9 um horror&#8221;), lamentava a perda de amigos, mas dizia que continuava em frente<\/em>.<\/p>\n\n\n\n<p>\u2014 <em>O segredo para seguir \u00e9 n\u00e3o se levar a s\u00e9rio<\/em> \u2014 asseverou.<\/p>\n\n\n\n<p>Engajada politicamente, ela militou contra a ditadura militar e participou da hist\u00f3rica Marcha dos Cem Mil em 1968. Na novela &#8220;Roda de fogo&#8221;, fez o papel da ex-militante Maura, torturada durante a ditadura. Ap\u00f3s um per\u00edodo ausente, voltou \u00e0s novelas com &#8220;Fina Estampa&#8221;, de 2011. Tamb\u00e9m fez apari\u00e7\u00f5es no seriado &#8220;A grande fam\u00edlia&#8221; em 2014.<\/p>\n\n\n\n<p>Em setembro, aderiu \u00e0s lives, apresentando-se dentro de casa com o espet\u00e1culo virtual &#8220;Eva, a live&#8221;, transmitido no YouTube e no Instagram.<\/p>\n\n\n\n<div class=\"wp-block-image\"><figure class=\"aligncenter size-large is-resized\"><a href=\"https:\/\/i0.wp.com\/blogdoeloiltoncajuhy.com.br\/site\/wp-content\/uploads\/2021\/05\/Eva-Wilma-Comunicado2.png\"><img data-recalc-dims=\"1\" decoding=\"async\" src=\"https:\/\/i0.wp.com\/blogdoeloiltoncajuhy.com.br\/site\/wp-content\/uploads\/2021\/05\/Eva-Wilma-Comunicado2.png?resize=800%2C450\" alt=\"\" class=\"wp-image-56469\" width=\"800\" height=\"450\"\/><\/a><\/figure><\/div>\n","protected":false},"excerpt":{"rendered":"<p>A atriz Eva Wilma morreu neste s\u00e1bado, dia 15, \u00e0s 22h08, aos 87 anos, no Hospital Israelita Albert Einstein, em S\u00e3o Paulo, v\u00edtima de um c\u00e2ncer no ov\u00e1rio que, disseminado, levou a uma insufici\u00eancia respirat\u00f3ria. A artista estava internada desde o dia 15 de abril, inicialmente para tratar problemas card\u00edacos e renais. O c\u00e2ncer foi [&hellip;]<\/p>\n","protected":false},"author":2,"featured_media":56463,"comment_status":"open","ping_status":"open","sticky":false,"template":"","format":"standard","meta":{"_acf_changed":false,"_monsterinsights_skip_tracking":false,"_monsterinsights_sitenote_active":false,"_monsterinsights_sitenote_note":"","_monsterinsights_sitenote_category":0,"_jetpack_memberships_contains_paid_content":false,"footnotes":"","jetpack_publicize_message":"","jetpack_publicize_feature_enabled":true,"jetpack_social_post_already_shared":false,"jetpack_social_options":{"image_generator_settings":{"template":"highway","default_image_id":0,"font":"","enabled":false},"version":2}},"categories":[8],"tags":[],"class_list":["post-56461","post","type-post","status-publish","format-standard","has-post-thumbnail","hentry","category-cultura"],"acf":[],"jetpack_publicize_connections":[],"jetpack_featured_media_url":"https:\/\/i0.wp.com\/blogdoeloiltoncajuhy.com.br\/site\/wp-content\/uploads\/2021\/05\/Eva-Wilma-2.png?fit=991%2C620&ssl=1","jetpack_sharing_enabled":true,"publishpress_future_workflow_manual_trigger":{"enabledWorkflows":[]},"_links":{"self":[{"href":"https:\/\/blogdoeloiltoncajuhy.com.br\/site\/wp-json\/wp\/v2\/posts\/56461","targetHints":{"allow":["GET"]}}],"collection":[{"href":"https:\/\/blogdoeloiltoncajuhy.com.br\/site\/wp-json\/wp\/v2\/posts"}],"about":[{"href":"https:\/\/blogdoeloiltoncajuhy.com.br\/site\/wp-json\/wp\/v2\/types\/post"}],"author":[{"embeddable":true,"href":"https:\/\/blogdoeloiltoncajuhy.com.br\/site\/wp-json\/wp\/v2\/users\/2"}],"replies":[{"embeddable":true,"href":"https:\/\/blogdoeloiltoncajuhy.com.br\/site\/wp-json\/wp\/v2\/comments?post=56461"}],"version-history":[{"count":4,"href":"https:\/\/blogdoeloiltoncajuhy.com.br\/site\/wp-json\/wp\/v2\/posts\/56461\/revisions"}],"predecessor-version":[{"id":56470,"href":"https:\/\/blogdoeloiltoncajuhy.com.br\/site\/wp-json\/wp\/v2\/posts\/56461\/revisions\/56470"}],"wp:featuredmedia":[{"embeddable":true,"href":"https:\/\/blogdoeloiltoncajuhy.com.br\/site\/wp-json\/wp\/v2\/media\/56463"}],"wp:attachment":[{"href":"https:\/\/blogdoeloiltoncajuhy.com.br\/site\/wp-json\/wp\/v2\/media?parent=56461"}],"wp:term":[{"taxonomy":"category","embeddable":true,"href":"https:\/\/blogdoeloiltoncajuhy.com.br\/site\/wp-json\/wp\/v2\/categories?post=56461"},{"taxonomy":"post_tag","embeddable":true,"href":"https:\/\/blogdoeloiltoncajuhy.com.br\/site\/wp-json\/wp\/v2\/tags?post=56461"}],"curies":[{"name":"wp","href":"https:\/\/api.w.org\/{rel}","templated":true}]}}