{"id":56450,"date":"2021-05-15T10:38:36","date_gmt":"2021-05-15T13:38:36","guid":{"rendered":"http:\/\/blogdoeloiltoncajuhy.com.br\/site\/?p=56450"},"modified":"2021-05-15T10:47:49","modified_gmt":"2021-05-15T13:47:49","slug":"utilidade-publica-6","status":"publish","type":"post","link":"https:\/\/blogdoeloiltoncajuhy.com.br\/site\/utilidade-publica-6\/","title":{"rendered":"Utilidade P\u00fablica"},"content":{"rendered":"\n<div class=\"wp-block-image\"><figure class=\"aligncenter size-large\"><a href=\"https:\/\/i0.wp.com\/blogdoeloiltoncajuhy.com.br\/site\/wp-content\/uploads\/2021\/05\/Cachorros-de-Vania.png\"><img data-recalc-dims=\"1\" fetchpriority=\"high\" decoding=\"async\" width=\"800\" height=\"504\" src=\"https:\/\/i0.wp.com\/blogdoeloiltoncajuhy.com.br\/site\/wp-content\/uploads\/2021\/05\/Cachorros-de-Vania.png?resize=800%2C504\" alt=\"\" class=\"wp-image-56451\" srcset=\"https:\/\/i0.wp.com\/blogdoeloiltoncajuhy.com.br\/site\/wp-content\/uploads\/2021\/05\/Cachorros-de-Vania.png?w=885&amp;ssl=1 885w, https:\/\/i0.wp.com\/blogdoeloiltoncajuhy.com.br\/site\/wp-content\/uploads\/2021\/05\/Cachorros-de-Vania.png?resize=300%2C189&amp;ssl=1 300w, https:\/\/i0.wp.com\/blogdoeloiltoncajuhy.com.br\/site\/wp-content\/uploads\/2021\/05\/Cachorros-de-Vania.png?resize=768%2C484&amp;ssl=1 768w\" sizes=\"(max-width: 800px) 100vw, 800px\" \/><\/a><\/figure><\/div>\n\n\n\n<p>Pede-se a quem souber do paradeiro de dois c\u00e3es, desaparecidos desde a \u00faltima quarta-feira (12) de uma propriedade localizada entre Moc\u00f3 e Varzinha, na regi\u00e3o de Miss\u00e3o do Sahy, interior de Senhor do Bonfim. Um \u00e9 f\u00eamea e atende pelo nome de Lessy. O macho atende por Snupy.<\/p>\n\n\n\n<p>A f\u00eamea tem problemas de sa\u00fade devido a uma picada de cobra e precisa de cuidados constantes. O macho tem problemas no est\u00f4mago e faz tratamento semanalmente. Al\u00e9m disso, a aus\u00eancia dos animais est\u00e1 causando tristeza em uma crian\u00e7a de seis anos que chora por eles.<\/p>\n\n\n\n<p>Qualquer informa\u00e7\u00e3o, fineza entrara em contato com o n\u00famero 74 99952 3901.<\/p>\n\n\n\n<figure class=\"wp-block-gallery aligncenter columns-2 is-cropped wp-block-gallery-1 is-layout-flex wp-block-gallery-is-layout-flex\"><ul class=\"blocks-gallery-grid\"><li class=\"blocks-gallery-item\"><figure><a href=\"https:\/\/i0.wp.com\/blogdoeloiltoncajuhy.com.br\/site\/wp-content\/uploads\/2021\/05\/Cachorros-de-Vania-02.jpg\"><img data-recalc-dims=\"1\" decoding=\"async\" width=\"576\" height=\"1024\" src=\"https:\/\/i0.wp.com\/blogdoeloiltoncajuhy.com.br\/site\/wp-content\/uploads\/2021\/05\/Cachorros-de-Vania-02.jpg?resize=576%2C1024\" alt=\"\" data-id=\"56454\" data-full-url=\"http:\/\/blogdoeloiltoncajuhy.com.br\/site\/wp-content\/uploads\/2021\/05\/Cachorros-de-Vania-02.jpg\" data-link=\"http:\/\/blogdoeloiltoncajuhy.com.br\/site\/utilidade-publica-6\/cachorros-de-vania-02\/\" class=\"wp-image-56454\" srcset=\"https:\/\/i0.wp.com\/blogdoeloiltoncajuhy.com.br\/site\/wp-content\/uploads\/2021\/05\/Cachorros-de-Vania-02.jpg?resize=576%2C1024&amp;ssl=1 576w, https:\/\/i0.wp.com\/blogdoeloiltoncajuhy.com.br\/site\/wp-content\/uploads\/2021\/05\/Cachorros-de-Vania-02.jpg?resize=169%2C300&amp;ssl=1 169w, https:\/\/i0.wp.com\/blogdoeloiltoncajuhy.com.br\/site\/wp-content\/uploads\/2021\/05\/Cachorros-de-Vania-02.jpg?w=581&amp;ssl=1 581w\" sizes=\"(max-width: 576px) 100vw, 576px\" \/><\/a><\/figure><\/li><li class=\"blocks-gallery-item\"><figure><a href=\"https:\/\/i0.wp.com\/blogdoeloiltoncajuhy.com.br\/site\/wp-content\/uploads\/2021\/05\/Cachorros-de-Vania-03.jpg\"><img data-recalc-dims=\"1\" decoding=\"async\" width=\"576\" height=\"1024\" src=\"https:\/\/i0.wp.com\/blogdoeloiltoncajuhy.com.br\/site\/wp-content\/uploads\/2021\/05\/Cachorros-de-Vania-03.jpg?resize=576%2C1024\" alt=\"\" data-id=\"56455\" data-full-url=\"http:\/\/blogdoeloiltoncajuhy.com.br\/site\/wp-content\/uploads\/2021\/05\/Cachorros-de-Vania-03.jpg\" data-link=\"http:\/\/blogdoeloiltoncajuhy.com.br\/site\/utilidade-publica-6\/cachorros-de-vania-03\/\" class=\"wp-image-56455\" srcset=\"https:\/\/i0.wp.com\/blogdoeloiltoncajuhy.com.br\/site\/wp-content\/uploads\/2021\/05\/Cachorros-de-Vania-03.jpg?resize=576%2C1024&amp;ssl=1 576w, https:\/\/i0.wp.com\/blogdoeloiltoncajuhy.com.br\/site\/wp-content\/uploads\/2021\/05\/Cachorros-de-Vania-03.jpg?resize=169%2C300&amp;ssl=1 169w, https:\/\/i0.wp.com\/blogdoeloiltoncajuhy.com.br\/site\/wp-content\/uploads\/2021\/05\/Cachorros-de-Vania-03.jpg?w=581&amp;ssl=1 581w\" sizes=\"(max-width: 576px) 100vw, 576px\" \/><\/a><\/figure><\/li><\/ul><\/figure>\n","protected":false},"excerpt":{"rendered":"<p>Pede-se a quem souber do paradeiro de dois c\u00e3es, desaparecidos desde a \u00faltima quarta-feira (12) de uma propriedade localizada entre Moc\u00f3 e Varzinha, na regi\u00e3o de Miss\u00e3o do Sahy, interior de Senhor do Bonfim. Um \u00e9 f\u00eamea e atende pelo nome de Lessy. O macho atende por Snupy. A f\u00eamea tem problemas de sa\u00fade devido [&hellip;]<\/p>\n","protected":false},"author":2,"featured_media":56451,"comment_status":"open","ping_status":"open","sticky":false,"template":"","format":"standard","meta":{"_acf_changed":false,"_monsterinsights_skip_tracking":false,"_monsterinsights_sitenote_active":false,"_monsterinsights_sitenote_note":"","_monsterinsights_sitenote_category":0,"_jetpack_memberships_contains_paid_content":false,"footnotes":"","jetpack_publicize_message":"","jetpack_publicize_feature_enabled":true,"jetpack_social_post_already_shared":false,"jetpack_social_options":{"image_generator_settings":{"template":"highway","default_image_id":0,"font":"","enabled":false},"version":2}},"categories":[4],"tags":[],"class_list":["post-56450","post","type-post","status-publish","format-standard","has-post-thumbnail","hentry","category-local"],"acf":[],"jetpack_publicize_connections":[],"jetpack_featured_media_url":"https:\/\/i0.wp.com\/blogdoeloiltoncajuhy.com.br\/site\/wp-content\/uploads\/2021\/05\/Cachorros-de-Vania.png?fit=885%2C558&ssl=1","jetpack_sharing_enabled":true,"publishpress_future_workflow_manual_trigger":{"enabledWorkflows":[]},"_links":{"self":[{"href":"https:\/\/blogdoeloiltoncajuhy.com.br\/site\/wp-json\/wp\/v2\/posts\/56450","targetHints":{"allow":["GET"]}}],"collection":[{"href":"https:\/\/blogdoeloiltoncajuhy.com.br\/site\/wp-json\/wp\/v2\/posts"}],"about":[{"href":"https:\/\/blogdoeloiltoncajuhy.com.br\/site\/wp-json\/wp\/v2\/types\/post"}],"author":[{"embeddable":true,"href":"https:\/\/blogdoeloiltoncajuhy.com.br\/site\/wp-json\/wp\/v2\/users\/2"}],"replies":[{"embeddable":true,"href":"https:\/\/blogdoeloiltoncajuhy.com.br\/site\/wp-json\/wp\/v2\/comments?post=56450"}],"version-history":[{"count":4,"href":"https:\/\/blogdoeloiltoncajuhy.com.br\/site\/wp-json\/wp\/v2\/posts\/56450\/revisions"}],"predecessor-version":[{"id":56457,"href":"https:\/\/blogdoeloiltoncajuhy.com.br\/site\/wp-json\/wp\/v2\/posts\/56450\/revisions\/56457"}],"wp:featuredmedia":[{"embeddable":true,"href":"https:\/\/blogdoeloiltoncajuhy.com.br\/site\/wp-json\/wp\/v2\/media\/56451"}],"wp:attachment":[{"href":"https:\/\/blogdoeloiltoncajuhy.com.br\/site\/wp-json\/wp\/v2\/media?parent=56450"}],"wp:term":[{"taxonomy":"category","embeddable":true,"href":"https:\/\/blogdoeloiltoncajuhy.com.br\/site\/wp-json\/wp\/v2\/categories?post=56450"},{"taxonomy":"post_tag","embeddable":true,"href":"https:\/\/blogdoeloiltoncajuhy.com.br\/site\/wp-json\/wp\/v2\/tags?post=56450"}],"curies":[{"name":"wp","href":"https:\/\/api.w.org\/{rel}","templated":true}]}}