{"id":56434,"date":"2021-05-14T22:35:26","date_gmt":"2021-05-15T01:35:26","guid":{"rendered":"http:\/\/blogdoeloiltoncajuhy.com.br\/site\/?p=56434"},"modified":"2021-05-14T23:06:26","modified_gmt":"2021-05-15T02:06:26","slug":"policia-diz-que-dancarina-foi-morta-a-tiros-em-feira-de-santana-por-causa-de-comentario-em-rede-social","status":"publish","type":"post","link":"https:\/\/blogdoeloiltoncajuhy.com.br\/site\/policia-diz-que-dancarina-foi-morta-a-tiros-em-feira-de-santana-por-causa-de-comentario-em-rede-social\/","title":{"rendered":"Pol\u00edcia diz que dan\u00e7arina foi morta a tiros em Feira de Santana por causa de coment\u00e1rio em rede social"},"content":{"rendered":"\n<h5 class=\"has-text-align-center wp-block-heading\"><em>Ningu\u00e9m foi preso at\u00e9 o momento, segundo informa\u00e7\u00f5es do titular da Delegacia de Homic\u00eddios (DH) de Feira de Santana, Rodolfo Faro<\/em><\/h5>\n\n\n\n<div class=\"wp-block-image\"><figure class=\"aligncenter size-large\"><a href=\"https:\/\/i0.wp.com\/blogdoeloiltoncajuhy.com.br\/site\/wp-content\/uploads\/2021\/05\/Juju-Tempestade-Post.png\"><img data-recalc-dims=\"1\" fetchpriority=\"high\" decoding=\"async\" width=\"800\" height=\"689\" src=\"https:\/\/i0.wp.com\/blogdoeloiltoncajuhy.com.br\/site\/wp-content\/uploads\/2021\/05\/Juju-Tempestade-Post.png?resize=800%2C689\" alt=\"\" class=\"wp-image-56435\" srcset=\"https:\/\/i0.wp.com\/blogdoeloiltoncajuhy.com.br\/site\/wp-content\/uploads\/2021\/05\/Juju-Tempestade-Post.png?w=984&amp;ssl=1 984w, https:\/\/i0.wp.com\/blogdoeloiltoncajuhy.com.br\/site\/wp-content\/uploads\/2021\/05\/Juju-Tempestade-Post.png?resize=300%2C258&amp;ssl=1 300w, https:\/\/i0.wp.com\/blogdoeloiltoncajuhy.com.br\/site\/wp-content\/uploads\/2021\/05\/Juju-Tempestade-Post.png?resize=768%2C661&amp;ssl=1 768w\" sizes=\"(max-width: 800px) 100vw, 800px\" \/><\/a><figcaption><em><sub>Pol\u00edcia diz que dan\u00e7arina foi morta a tiros na BA por causa de coment\u00e1rio em rede social \u2014 Foto: Reprodu\u00e7\u00e3o\/Redes Sociais<\/sub><\/em><\/figcaption><\/figure><\/div>\n\n\n\n<p>A dan\u00e7arina Juciene Sampaio Bastos, de 24 anos, tamb\u00e9m conhecida como Juju Tempestade, teria sido morta a tiros por causa de um coment\u00e1rio feito em rede social sobre a morte de um jovem. A informa\u00e7\u00e3o foi dada nesta sexta-feira (14) pelo titular da Delegacia de Homic\u00eddios (DH) de Feira de Santana, Rodolfo Faro.<\/p>\n\n\n\n<figure class=\"wp-block-pullquote\"><blockquote><p><strong>&#8220;N\u00e3o era bich\u00e3o, nego? T\u00e1 vendo a\u00ed o final dos bich\u00e3o onde \u00e9&#8221;&#8216;, escreveu Juju Tempestade no perfil.<\/strong><\/p><\/blockquote><\/figure>\n\n\n\n<p>De acordo com o delegado, Brendo Brito dos Santos, de 24 anos, foi morto a tiros na \u00faltima quarta-feira (12), na Rua Paulo Afonso, que fica no bairro Jardim Cruzeiro, em Feira de Santana.<\/p>\n\n\n\n<p>Segundo Faro, Brendo era integrante de uma fac\u00e7\u00e3o criminosa rival \u00e0 outra que Juju faria parte. Na casa dela, foram encontradas 300 gramas de maconha, disse o delegado. A pol\u00edcia acredita que a dan\u00e7arina tinha liga\u00e7\u00e3o com o tr\u00e1fico de drogas.<\/p>\n\n\n\n<p>Conforme Rodolfo, Juju era da mesma fac\u00e7\u00e3o de Brendo e recentemente mudou para outra, inimiga. <em>&#8220;Depois da morte de Brendo, ela fez coment\u00e1rios depreciativos sobre a morte dele e isso gerou a animosidade entre os dois grupos. Por isso, ela foi morta&#8221;<\/em>, explicou.<\/p>\n\n\n\n<p>Na publica\u00e7\u00e3o, a dan\u00e7arina disse que o jovem j\u00e1 havia amea\u00e7ado matar ela. <em>&#8220;Disse que ia me d\u00e1 um tiro, em pai, lembro como hoje que ia me mostrar. Quem mostrou mesmo? Kkkkkkkk quem morreu primeiro? Isso mesmo: voc\u00ea&#8221;<\/em>, comentou, em tom de provoca\u00e7\u00e3o \u00e0 suposta valentia do rapaz morto.<\/p>\n\n\n\n<p>Juciene Sampaio Bastos foi morta com cerca de 10 tiros na frente da casa onde morava, em Feira de Santana, na quinta-feira (13). Uma c\u00e2mera de seguran\u00e7a flagrou o momento do crime. <strong><em>[Assista no v\u00eddeo abaixo]<\/em><\/strong><\/p>\n\n\n\n<figure class=\"wp-block-embed aligncenter is-type-video is-provider-youtube wp-block-embed-youtube wp-embed-aspect-16-9 wp-has-aspect-ratio\"><div class=\"wp-block-embed__wrapper\">\n<iframe title=\"C\u00e2mera de seguran\u00e7a flagra momento em que dan\u00e7arina \u00e9 morta em Feira de Santana\" width=\"800\" height=\"450\" src=\"https:\/\/www.youtube.com\/embed\/gud4NZhB0Os?feature=oembed\" frameborder=\"0\" allow=\"accelerometer; autoplay; clipboard-write; encrypted-media; gyroscope; picture-in-picture\" allowfullscreen><\/iframe>\n<\/div><figcaption><em><sub>V\u00cdDEO: Imagens mostram momento em que dan\u00e7arina \u00e9 executada em Feira de Santana, na BA<\/sub><\/em><\/figcaption><\/figure>\n\n\n\n<p>As imagens mostram o momento em que um homem em uma moto passa pela frente da casa da v\u00edtima e para mais \u00e0 frente. Em seguida, a mulher sai de dentro de casa e o suspeito ent\u00e3o se aproxima.<\/p>\n\n\n\n<p>Juciene encontra o suspeito, que desce da moto e fica de costas para ela. Ao virar de frente, ele efetua os disparos contra a v\u00edtima e foge logo em seguida.<\/p>\n\n\n\n<p>O corpo da dan\u00e7arina foi encaminhado para o Departamento de Pol\u00edcia T\u00e9cnica (DPT) de Feira de Santana. A autoria do crime est\u00e1 sendo investigada pela pol\u00edcia. Ningu\u00e9m havia sido preso at\u00e9 a \u00faltima atualiza\u00e7\u00e3o desta reportagem.<\/p>\n\n\n\n<div class=\"wp-block-image\"><figure class=\"aligncenter size-large\"><a href=\"https:\/\/i0.wp.com\/blogdoeloiltoncajuhy.com.br\/site\/wp-content\/uploads\/2021\/05\/Juju-Tempestade-Foto.jpg\"><img data-recalc-dims=\"1\" decoding=\"async\" width=\"800\" height=\"502\" src=\"https:\/\/i0.wp.com\/blogdoeloiltoncajuhy.com.br\/site\/wp-content\/uploads\/2021\/05\/Juju-Tempestade-Foto.jpg?resize=800%2C502\" alt=\"\" class=\"wp-image-56436\" srcset=\"https:\/\/i0.wp.com\/blogdoeloiltoncajuhy.com.br\/site\/wp-content\/uploads\/2021\/05\/Juju-Tempestade-Foto.jpg?w=984&amp;ssl=1 984w, https:\/\/i0.wp.com\/blogdoeloiltoncajuhy.com.br\/site\/wp-content\/uploads\/2021\/05\/Juju-Tempestade-Foto.jpg?resize=300%2C188&amp;ssl=1 300w, https:\/\/i0.wp.com\/blogdoeloiltoncajuhy.com.br\/site\/wp-content\/uploads\/2021\/05\/Juju-Tempestade-Foto.jpg?resize=768%2C482&amp;ssl=1 768w\" sizes=\"(max-width: 800px) 100vw, 800px\" \/><\/a><figcaption><em><sub>Juciene Sampaio Bastos, de 24 anos, foi morta a tiros na frente da casa onde morava na Bahia \u2014 Foto: Reprodu\u00e7\u00e3o\/Redes Sociais<\/sub><\/em><\/figcaption><\/figure><\/div>\n","protected":false},"excerpt":{"rendered":"<p>Ningu\u00e9m foi preso at\u00e9 o momento, segundo informa\u00e7\u00f5es do titular da Delegacia de Homic\u00eddios (DH) de Feira de Santana, Rodolfo Faro A dan\u00e7arina Juciene Sampaio Bastos, de 24 anos, tamb\u00e9m conhecida como Juju Tempestade, teria sido morta a tiros por causa de um coment\u00e1rio feito em rede social sobre a morte de um jovem. A [&hellip;]<\/p>\n","protected":false},"author":2,"featured_media":56436,"comment_status":"open","ping_status":"open","sticky":false,"template":"","format":"standard","meta":{"_acf_changed":false,"_monsterinsights_skip_tracking":false,"_monsterinsights_sitenote_active":false,"_monsterinsights_sitenote_note":"","_monsterinsights_sitenote_category":0,"_jetpack_memberships_contains_paid_content":false,"footnotes":"","jetpack_publicize_message":"","jetpack_publicize_feature_enabled":true,"jetpack_social_post_already_shared":false,"jetpack_social_options":{"image_generator_settings":{"template":"highway","default_image_id":0,"font":"","enabled":false},"version":2}},"categories":[15],"tags":[],"class_list":["post-56434","post","type-post","status-publish","format-standard","has-post-thumbnail","hentry","category-policia"],"acf":[],"jetpack_publicize_connections":[],"jetpack_featured_media_url":"https:\/\/i0.wp.com\/blogdoeloiltoncajuhy.com.br\/site\/wp-content\/uploads\/2021\/05\/Juju-Tempestade-Foto.jpg?fit=984%2C618&ssl=1","jetpack_sharing_enabled":true,"publishpress_future_workflow_manual_trigger":{"enabledWorkflows":[]},"_links":{"self":[{"href":"https:\/\/blogdoeloiltoncajuhy.com.br\/site\/wp-json\/wp\/v2\/posts\/56434","targetHints":{"allow":["GET"]}}],"collection":[{"href":"https:\/\/blogdoeloiltoncajuhy.com.br\/site\/wp-json\/wp\/v2\/posts"}],"about":[{"href":"https:\/\/blogdoeloiltoncajuhy.com.br\/site\/wp-json\/wp\/v2\/types\/post"}],"author":[{"embeddable":true,"href":"https:\/\/blogdoeloiltoncajuhy.com.br\/site\/wp-json\/wp\/v2\/users\/2"}],"replies":[{"embeddable":true,"href":"https:\/\/blogdoeloiltoncajuhy.com.br\/site\/wp-json\/wp\/v2\/comments?post=56434"}],"version-history":[{"count":3,"href":"https:\/\/blogdoeloiltoncajuhy.com.br\/site\/wp-json\/wp\/v2\/posts\/56434\/revisions"}],"predecessor-version":[{"id":56443,"href":"https:\/\/blogdoeloiltoncajuhy.com.br\/site\/wp-json\/wp\/v2\/posts\/56434\/revisions\/56443"}],"wp:featuredmedia":[{"embeddable":true,"href":"https:\/\/blogdoeloiltoncajuhy.com.br\/site\/wp-json\/wp\/v2\/media\/56436"}],"wp:attachment":[{"href":"https:\/\/blogdoeloiltoncajuhy.com.br\/site\/wp-json\/wp\/v2\/media?parent=56434"}],"wp:term":[{"taxonomy":"category","embeddable":true,"href":"https:\/\/blogdoeloiltoncajuhy.com.br\/site\/wp-json\/wp\/v2\/categories?post=56434"},{"taxonomy":"post_tag","embeddable":true,"href":"https:\/\/blogdoeloiltoncajuhy.com.br\/site\/wp-json\/wp\/v2\/tags?post=56434"}],"curies":[{"name":"wp","href":"https:\/\/api.w.org\/{rel}","templated":true}]}}