{"id":56430,"date":"2021-05-14T22:08:10","date_gmt":"2021-05-15T01:08:10","guid":{"rendered":"http:\/\/blogdoeloiltoncajuhy.com.br\/site\/?p=56430"},"modified":"2021-05-14T22:08:11","modified_gmt":"2021-05-15T01:08:11","slug":"sismusb-discute-com-prefeitura-de-bonfim-carencia-de-emprestimo-consignado-dos-servidores-municipais","status":"publish","type":"post","link":"https:\/\/blogdoeloiltoncajuhy.com.br\/site\/sismusb-discute-com-prefeitura-de-bonfim-carencia-de-emprestimo-consignado-dos-servidores-municipais\/","title":{"rendered":"Sismusb discute com prefeitura de Bonfim car\u00eancia de empr\u00e9stimo consignado dos servidores municipais"},"content":{"rendered":"\n<div class=\"wp-block-image\"><figure class=\"aligncenter size-large is-resized\"><a href=\"https:\/\/i0.wp.com\/blogdoeloiltoncajuhy.com.br\/site\/wp-content\/uploads\/2021\/05\/Sismusb_carencia-consignado.jpeg\"><img data-recalc-dims=\"1\" fetchpriority=\"high\" decoding=\"async\" src=\"https:\/\/i0.wp.com\/blogdoeloiltoncajuhy.com.br\/site\/wp-content\/uploads\/2021\/05\/Sismusb_carencia-consignado.jpeg?resize=602%2C602\" alt=\"\" class=\"wp-image-56431\" width=\"602\" height=\"602\" srcset=\"https:\/\/i0.wp.com\/blogdoeloiltoncajuhy.com.br\/site\/wp-content\/uploads\/2021\/05\/Sismusb_carencia-consignado.jpeg?resize=1024%2C1024&amp;ssl=1 1024w, https:\/\/i0.wp.com\/blogdoeloiltoncajuhy.com.br\/site\/wp-content\/uploads\/2021\/05\/Sismusb_carencia-consignado.jpeg?resize=300%2C300&amp;ssl=1 300w, https:\/\/i0.wp.com\/blogdoeloiltoncajuhy.com.br\/site\/wp-content\/uploads\/2021\/05\/Sismusb_carencia-consignado.jpeg?resize=150%2C150&amp;ssl=1 150w, https:\/\/i0.wp.com\/blogdoeloiltoncajuhy.com.br\/site\/wp-content\/uploads\/2021\/05\/Sismusb_carencia-consignado.jpeg?resize=768%2C768&amp;ssl=1 768w, https:\/\/i0.wp.com\/blogdoeloiltoncajuhy.com.br\/site\/wp-content\/uploads\/2021\/05\/Sismusb_carencia-consignado.jpeg?w=1280&amp;ssl=1 1280w\" sizes=\"(max-width: 602px) 100vw, 602px\" \/><\/a><\/figure><\/div>\n\n\n\n<p>A Lei Federal n\u00b0 14.131\/21 concede um per\u00edodo de car\u00eancia de 120 dias para o pagamento de parcelas de empr\u00e9stimos consignados. Para tratar desse assunto, reuniram-se na \u00faltima quarta-feira (12) representantes do SISMUSB, da Secretaria de Finan\u00e7as do Munic\u00edpio e das institui\u00e7\u00f5es banc\u00e1rias.<\/p>\n\n\n\n<p>Na oportunidade, os representantes das institui\u00e7\u00f5es financeiras orientaram que os servidores municipais que tenham interesse devem comparecer a sua respectiva ag\u00eancia banc\u00e1ria para realizar a simula\u00e7\u00e3o do refinanciamento incluindo o prazo de 120 dias de car\u00eancia, sujeito \u00e0 an\u00e1lise de cr\u00e9dito.<\/p>\n\n\n\n<p>Neste sentido, os bancos analisar\u00e3o caso a caso, de forma individual, considerando a margem de cr\u00e9dito. Al\u00e9m disso, salientaram que essa nova modalidade (com car\u00eancia de 120 dias) n\u00e3o se aplica a quem j\u00e1 possui contrato de empr\u00e9stimo consignado, portanto, seria necess\u00e1rio o refinanciamento. J\u00e1 os servidores que firmarem um novo contrato de empr\u00e9stimo consignado, poder\u00e3o realiz\u00e1-lo com esse per\u00edodo de 120 dias de car\u00eancia.<\/p>\n","protected":false},"excerpt":{"rendered":"<p>A Lei Federal n\u00b0 14.131\/21 concede um per\u00edodo de car\u00eancia de 120 dias para o pagamento de parcelas de empr\u00e9stimos consignados. Para tratar desse assunto, reuniram-se na \u00faltima quarta-feira (12) representantes do SISMUSB, da Secretaria de Finan\u00e7as do Munic\u00edpio e das institui\u00e7\u00f5es banc\u00e1rias. Na oportunidade, os representantes das institui\u00e7\u00f5es financeiras orientaram que os servidores municipais [&hellip;]<\/p>\n","protected":false},"author":2,"featured_media":56431,"comment_status":"open","ping_status":"open","sticky":false,"template":"","format":"standard","meta":{"_acf_changed":false,"_monsterinsights_skip_tracking":false,"_monsterinsights_sitenote_active":false,"_monsterinsights_sitenote_note":"","_monsterinsights_sitenote_category":0,"_jetpack_memberships_contains_paid_content":false,"footnotes":"","jetpack_publicize_message":"","jetpack_publicize_feature_enabled":true,"jetpack_social_post_already_shared":false,"jetpack_social_options":{"image_generator_settings":{"template":"highway","default_image_id":0,"font":"","enabled":false},"version":2}},"categories":[4],"tags":[],"class_list":["post-56430","post","type-post","status-publish","format-standard","has-post-thumbnail","hentry","category-local"],"acf":[],"jetpack_publicize_connections":[],"jetpack_featured_media_url":"https:\/\/i0.wp.com\/blogdoeloiltoncajuhy.com.br\/site\/wp-content\/uploads\/2021\/05\/Sismusb_carencia-consignado.jpeg?fit=1280%2C1280&ssl=1","jetpack_sharing_enabled":true,"publishpress_future_workflow_manual_trigger":{"enabledWorkflows":[]},"_links":{"self":[{"href":"https:\/\/blogdoeloiltoncajuhy.com.br\/site\/wp-json\/wp\/v2\/posts\/56430","targetHints":{"allow":["GET"]}}],"collection":[{"href":"https:\/\/blogdoeloiltoncajuhy.com.br\/site\/wp-json\/wp\/v2\/posts"}],"about":[{"href":"https:\/\/blogdoeloiltoncajuhy.com.br\/site\/wp-json\/wp\/v2\/types\/post"}],"author":[{"embeddable":true,"href":"https:\/\/blogdoeloiltoncajuhy.com.br\/site\/wp-json\/wp\/v2\/users\/2"}],"replies":[{"embeddable":true,"href":"https:\/\/blogdoeloiltoncajuhy.com.br\/site\/wp-json\/wp\/v2\/comments?post=56430"}],"version-history":[{"count":2,"href":"https:\/\/blogdoeloiltoncajuhy.com.br\/site\/wp-json\/wp\/v2\/posts\/56430\/revisions"}],"predecessor-version":[{"id":56433,"href":"https:\/\/blogdoeloiltoncajuhy.com.br\/site\/wp-json\/wp\/v2\/posts\/56430\/revisions\/56433"}],"wp:featuredmedia":[{"embeddable":true,"href":"https:\/\/blogdoeloiltoncajuhy.com.br\/site\/wp-json\/wp\/v2\/media\/56431"}],"wp:attachment":[{"href":"https:\/\/blogdoeloiltoncajuhy.com.br\/site\/wp-json\/wp\/v2\/media?parent=56430"}],"wp:term":[{"taxonomy":"category","embeddable":true,"href":"https:\/\/blogdoeloiltoncajuhy.com.br\/site\/wp-json\/wp\/v2\/categories?post=56430"},{"taxonomy":"post_tag","embeddable":true,"href":"https:\/\/blogdoeloiltoncajuhy.com.br\/site\/wp-json\/wp\/v2\/tags?post=56430"}],"curies":[{"name":"wp","href":"https:\/\/api.w.org\/{rel}","templated":true}]}}