{"id":56424,"date":"2021-05-14T11:59:23","date_gmt":"2021-05-14T14:59:23","guid":{"rendered":"http:\/\/blogdoeloiltoncajuhy.com.br\/site\/?p=56424"},"modified":"2021-05-14T11:59:24","modified_gmt":"2021-05-14T14:59:24","slug":"suspeito-de-latrocinio-e-preso-em-campo-formoso","status":"publish","type":"post","link":"https:\/\/blogdoeloiltoncajuhy.com.br\/site\/suspeito-de-latrocinio-e-preso-em-campo-formoso\/","title":{"rendered":"Suspeito de latroc\u00ednio \u00e9 preso em Campo Formoso"},"content":{"rendered":"\n<h5 class=\"has-text-align-center wp-block-heading\"><em>Homem \u00e9 investigado por matar um comerciante em Santo Ant\u00f4nio de Jesus<\/em><\/h5>\n\n\n\n<div class=\"wp-block-image\"><figure class=\"aligncenter size-full is-resized\"><a href=\"https:\/\/i0.wp.com\/blogdoeloiltoncajuhy.com.br\/site\/wp-content\/uploads\/2020\/10\/POLICIA-CIVIL.jpg\"><img data-recalc-dims=\"1\" fetchpriority=\"high\" decoding=\"async\" src=\"https:\/\/i0.wp.com\/blogdoeloiltoncajuhy.com.br\/site\/wp-content\/uploads\/2020\/10\/POLICIA-CIVIL.jpg?resize=464%2C480\" alt=\"\" class=\"wp-image-50472\" width=\"464\" height=\"480\" srcset=\"https:\/\/i0.wp.com\/blogdoeloiltoncajuhy.com.br\/site\/wp-content\/uploads\/2020\/10\/POLICIA-CIVIL.jpg?w=619&amp;ssl=1 619w, https:\/\/i0.wp.com\/blogdoeloiltoncajuhy.com.br\/site\/wp-content\/uploads\/2020\/10\/POLICIA-CIVIL.jpg?resize=290%2C300&amp;ssl=1 290w\" sizes=\"(max-width: 464px) 100vw, 464px\" \/><\/a><\/figure><\/div>\n\n\n\n<p>Investigadores da 19\u00aa Coordenadoria Regional de Pol\u00edcia do Interior (Coorpin), sediada em Senhor do Bonfim, cumpriram, na quinta-feira (13), o mandado de pris\u00e3o preventiva de um suspeito de envolvimento em um latroc\u00ednio, ocorrido em Santo Ant\u00f4nio de Jesus.<\/p>\n\n\n\n<p>De acordo com o coordenador da 19\u00aa Coorpin, delegado Felipe N\u00e9ri Neto, os policiais receberam a den\u00fancia de que o homem estava escondido na zona rural de Campo Formoso. <em>\u201cCom a informa\u00e7\u00e3o, as equipes da Coordenadoria realizaram os levantamentos, que resultaram na localiza\u00e7\u00e3o do suspeito\u201d<\/em>, informou o delegado.<\/p>\n\n\n\n<p>O homem, que \u00e9 investigado por roubar e matar um comerciante no munic\u00edpio do Rec\u00f4ncavo Baiano, em mar\u00e7o deste ano, j\u00e1 est\u00e1 \u00e0 disposi\u00e7\u00e3o da Vara Criminal de Santo Ant\u00f4nio de Jesus. <em>\u201cEle ser\u00e1 encaminhado para aquela cidade\u201d<\/em>, completou o coordenador.<\/p>\n","protected":false},"excerpt":{"rendered":"<p>Homem \u00e9 investigado por matar um comerciante em Santo Ant\u00f4nio de Jesus Investigadores da 19\u00aa Coordenadoria Regional de Pol\u00edcia do Interior (Coorpin), sediada em Senhor do Bonfim, cumpriram, na quinta-feira (13), o mandado de pris\u00e3o preventiva de um suspeito de envolvimento em um latroc\u00ednio, ocorrido em Santo Ant\u00f4nio de Jesus. De acordo com o coordenador [&hellip;]<\/p>\n","protected":false},"author":2,"featured_media":55455,"comment_status":"open","ping_status":"open","sticky":false,"template":"","format":"standard","meta":{"_acf_changed":false,"_monsterinsights_skip_tracking":false,"_monsterinsights_sitenote_active":false,"_monsterinsights_sitenote_note":"","_monsterinsights_sitenote_category":0,"_jetpack_memberships_contains_paid_content":false,"footnotes":"","jetpack_publicize_message":"","jetpack_publicize_feature_enabled":true,"jetpack_social_post_already_shared":false,"jetpack_social_options":{"image_generator_settings":{"template":"highway","default_image_id":0,"font":"","enabled":false},"version":2}},"categories":[15],"tags":[],"class_list":["post-56424","post","type-post","status-publish","format-standard","has-post-thumbnail","hentry","category-policia"],"acf":[],"jetpack_publicize_connections":[],"jetpack_featured_media_url":"https:\/\/i0.wp.com\/blogdoeloiltoncajuhy.com.br\/site\/wp-content\/uploads\/2021\/04\/Policia-Civil-2.jpeg?fit=760%2C1098&ssl=1","jetpack_sharing_enabled":true,"publishpress_future_workflow_manual_trigger":{"enabledWorkflows":[]},"_links":{"self":[{"href":"https:\/\/blogdoeloiltoncajuhy.com.br\/site\/wp-json\/wp\/v2\/posts\/56424","targetHints":{"allow":["GET"]}}],"collection":[{"href":"https:\/\/blogdoeloiltoncajuhy.com.br\/site\/wp-json\/wp\/v2\/posts"}],"about":[{"href":"https:\/\/blogdoeloiltoncajuhy.com.br\/site\/wp-json\/wp\/v2\/types\/post"}],"author":[{"embeddable":true,"href":"https:\/\/blogdoeloiltoncajuhy.com.br\/site\/wp-json\/wp\/v2\/users\/2"}],"replies":[{"embeddable":true,"href":"https:\/\/blogdoeloiltoncajuhy.com.br\/site\/wp-json\/wp\/v2\/comments?post=56424"}],"version-history":[{"count":2,"href":"https:\/\/blogdoeloiltoncajuhy.com.br\/site\/wp-json\/wp\/v2\/posts\/56424\/revisions"}],"predecessor-version":[{"id":56426,"href":"https:\/\/blogdoeloiltoncajuhy.com.br\/site\/wp-json\/wp\/v2\/posts\/56424\/revisions\/56426"}],"wp:featuredmedia":[{"embeddable":true,"href":"https:\/\/blogdoeloiltoncajuhy.com.br\/site\/wp-json\/wp\/v2\/media\/55455"}],"wp:attachment":[{"href":"https:\/\/blogdoeloiltoncajuhy.com.br\/site\/wp-json\/wp\/v2\/media?parent=56424"}],"wp:term":[{"taxonomy":"category","embeddable":true,"href":"https:\/\/blogdoeloiltoncajuhy.com.br\/site\/wp-json\/wp\/v2\/categories?post=56424"},{"taxonomy":"post_tag","embeddable":true,"href":"https:\/\/blogdoeloiltoncajuhy.com.br\/site\/wp-json\/wp\/v2\/tags?post=56424"}],"curies":[{"name":"wp","href":"https:\/\/api.w.org\/{rel}","templated":true}]}}