{"id":56419,"date":"2021-05-14T11:11:22","date_gmt":"2021-05-14T14:11:22","guid":{"rendered":"http:\/\/blogdoeloiltoncajuhy.com.br\/site\/?p=56419"},"modified":"2021-05-14T11:11:23","modified_gmt":"2021-05-14T14:11:23","slug":"novo-lote-com-mais-de-560-mil-doses-de-vacina-contra-a-covid-19-chega-a-bahia","status":"publish","type":"post","link":"https:\/\/blogdoeloiltoncajuhy.com.br\/site\/novo-lote-com-mais-de-560-mil-doses-de-vacina-contra-a-covid-19-chega-a-bahia\/","title":{"rendered":"Novo lote com mais de 560 mil doses de vacina contra a Covid-19 chega \u00e0 Bahia"},"content":{"rendered":"\n<h5 class=\"has-text-align-center wp-block-heading\"><em>Secretaria de Sa\u00fade do Estado da Bahia informou ainda que um novo carregamento com doses da CoronaVac est\u00e1 previsto para chegar ainda hoje<\/em><\/h5>\n\n\n\n<div class=\"wp-block-image\"><figure class=\"aligncenter size-large\"><a href=\"https:\/\/i0.wp.com\/blogdoeloiltoncajuhy.com.br\/site\/wp-content\/uploads\/2021\/02\/Vacinacao-no-Hospital-Espanhol.jpeg\"><img data-recalc-dims=\"1\" fetchpriority=\"high\" decoding=\"async\" width=\"768\" height=\"576\" src=\"https:\/\/i0.wp.com\/blogdoeloiltoncajuhy.com.br\/site\/wp-content\/uploads\/2021\/02\/Vacinacao-no-Hospital-Espanhol.jpeg?resize=768%2C576\" alt=\"\" class=\"wp-image-53508\" srcset=\"https:\/\/i0.wp.com\/blogdoeloiltoncajuhy.com.br\/site\/wp-content\/uploads\/2021\/02\/Vacinacao-no-Hospital-Espanhol.jpeg?w=768&amp;ssl=1 768w, https:\/\/i0.wp.com\/blogdoeloiltoncajuhy.com.br\/site\/wp-content\/uploads\/2021\/02\/Vacinacao-no-Hospital-Espanhol.jpeg?resize=300%2C225&amp;ssl=1 300w\" sizes=\"(max-width: 768px) 100vw, 768px\" \/><\/a><\/figure><\/div>\n\n\n\n<p>Um novo lote com 566.750 doses da vacina contra a Covid-19 chegou \u00e0 Bahia, na manh\u00e3 desta sexta-feira (14).<\/p>\n\n\n\n<p>Ao todo, o carregamento \u00e9 de 438.750 doses da AstraZeneca e 128 mil doses da CoronaVac, que j\u00e1 tinham sido anunciados pelo Minist\u00e9rio da Sa\u00fade. Atrav\u00e9s das redes sociais, o secret\u00e1rio de Sa\u00fade da Bahia, F\u00e1bio Vilas-Boas, afirmou que todo o lote ser\u00e1 utilizado para aplica\u00e7\u00e3o da segunda dose das vacinas.<\/p>\n\n\n\n<p>Os imunizantes chegaram em voo, que pousou por volta das 9h30, no aeroporto de Salvador. De acordo com a Secretaria de Sa\u00fade do Estado da Bahia, um novo carregamento com mais doses da CoronaVac est\u00e1 previsto para chegar ao aeroporto de Salvador ainda hoje.<\/p>\n\n\n\n<p>Ap\u00f3s contagem e verifica\u00e7\u00e3o dos imunizantes, eles come\u00e7ar\u00e3o a ser distribu\u00eddos no in\u00edcio desta tarde pelas cidades baianas.<\/p>\n","protected":false},"excerpt":{"rendered":"<p>Secretaria de Sa\u00fade do Estado da Bahia informou ainda que um novo carregamento com doses da CoronaVac est\u00e1 previsto para chegar ainda hoje Um novo lote com 566.750 doses da vacina contra a Covid-19 chegou \u00e0 Bahia, na manh\u00e3 desta sexta-feira (14). Ao todo, o carregamento \u00e9 de 438.750 doses da AstraZeneca e 128 mil [&hellip;]<\/p>\n","protected":false},"author":2,"featured_media":55423,"comment_status":"open","ping_status":"open","sticky":false,"template":"","format":"standard","meta":{"_acf_changed":false,"_monsterinsights_skip_tracking":false,"_monsterinsights_sitenote_active":false,"_monsterinsights_sitenote_note":"","_monsterinsights_sitenote_category":0,"_jetpack_memberships_contains_paid_content":false,"footnotes":"","jetpack_publicize_message":"","jetpack_publicize_feature_enabled":true,"jetpack_social_post_already_shared":false,"jetpack_social_options":{"image_generator_settings":{"template":"highway","default_image_id":0,"font":"","enabled":false},"version":2}},"categories":[7],"tags":[],"class_list":["post-56419","post","type-post","status-publish","format-standard","has-post-thumbnail","hentry","category-saude"],"acf":[],"jetpack_publicize_connections":[],"jetpack_featured_media_url":"https:\/\/i0.wp.com\/blogdoeloiltoncajuhy.com.br\/site\/wp-content\/uploads\/2021\/04\/PMA_VacinacaoCovid_02.jpeg?fit=1000%2C666&ssl=1","jetpack_sharing_enabled":true,"publishpress_future_workflow_manual_trigger":{"enabledWorkflows":[]},"_links":{"self":[{"href":"https:\/\/blogdoeloiltoncajuhy.com.br\/site\/wp-json\/wp\/v2\/posts\/56419","targetHints":{"allow":["GET"]}}],"collection":[{"href":"https:\/\/blogdoeloiltoncajuhy.com.br\/site\/wp-json\/wp\/v2\/posts"}],"about":[{"href":"https:\/\/blogdoeloiltoncajuhy.com.br\/site\/wp-json\/wp\/v2\/types\/post"}],"author":[{"embeddable":true,"href":"https:\/\/blogdoeloiltoncajuhy.com.br\/site\/wp-json\/wp\/v2\/users\/2"}],"replies":[{"embeddable":true,"href":"https:\/\/blogdoeloiltoncajuhy.com.br\/site\/wp-json\/wp\/v2\/comments?post=56419"}],"version-history":[{"count":2,"href":"https:\/\/blogdoeloiltoncajuhy.com.br\/site\/wp-json\/wp\/v2\/posts\/56419\/revisions"}],"predecessor-version":[{"id":56421,"href":"https:\/\/blogdoeloiltoncajuhy.com.br\/site\/wp-json\/wp\/v2\/posts\/56419\/revisions\/56421"}],"wp:featuredmedia":[{"embeddable":true,"href":"https:\/\/blogdoeloiltoncajuhy.com.br\/site\/wp-json\/wp\/v2\/media\/55423"}],"wp:attachment":[{"href":"https:\/\/blogdoeloiltoncajuhy.com.br\/site\/wp-json\/wp\/v2\/media?parent=56419"}],"wp:term":[{"taxonomy":"category","embeddable":true,"href":"https:\/\/blogdoeloiltoncajuhy.com.br\/site\/wp-json\/wp\/v2\/categories?post=56419"},{"taxonomy":"post_tag","embeddable":true,"href":"https:\/\/blogdoeloiltoncajuhy.com.br\/site\/wp-json\/wp\/v2\/tags?post=56419"}],"curies":[{"name":"wp","href":"https:\/\/api.w.org\/{rel}","templated":true}]}}