{"id":56412,"date":"2021-05-14T09:11:39","date_gmt":"2021-05-14T12:11:39","guid":{"rendered":"http:\/\/blogdoeloiltoncajuhy.com.br\/site\/?p=56412"},"modified":"2021-05-14T09:11:40","modified_gmt":"2021-05-14T12:11:40","slug":"novo-boletim-confirma-mais-uma-morte-por-covid-19-em-senhor-do-bonfim-totalizando-64-obitos","status":"publish","type":"post","link":"https:\/\/blogdoeloiltoncajuhy.com.br\/site\/novo-boletim-confirma-mais-uma-morte-por-covid-19-em-senhor-do-bonfim-totalizando-64-obitos\/","title":{"rendered":"Novo boletim confirma mais uma morte por Covid-19 em Senhor do Bonfim, totalizando 64 \u00f3bitos"},"content":{"rendered":"\n<div class=\"wp-block-image\"><figure class=\"aligncenter size-large\"><a href=\"https:\/\/i0.wp.com\/blogdoeloiltoncajuhy.com.br\/site\/wp-content\/uploads\/2021\/01\/corona-9.jpg\"><img data-recalc-dims=\"1\" fetchpriority=\"high\" decoding=\"async\" width=\"800\" height=\"450\" src=\"https:\/\/i0.wp.com\/blogdoeloiltoncajuhy.com.br\/site\/wp-content\/uploads\/2021\/01\/corona-9.jpg?resize=800%2C450\" alt=\"\" class=\"wp-image-52916\" srcset=\"https:\/\/i0.wp.com\/blogdoeloiltoncajuhy.com.br\/site\/wp-content\/uploads\/2021\/01\/corona-9.jpg?w=984&amp;ssl=1 984w, https:\/\/i0.wp.com\/blogdoeloiltoncajuhy.com.br\/site\/wp-content\/uploads\/2021\/01\/corona-9.jpg?resize=300%2C169&amp;ssl=1 300w, https:\/\/i0.wp.com\/blogdoeloiltoncajuhy.com.br\/site\/wp-content\/uploads\/2021\/01\/corona-9.jpg?resize=768%2C432&amp;ssl=1 768w\" sizes=\"(max-width: 800px) 100vw, 800px\" \/><\/a><\/figure><\/div>\n\n\n\n<p>Aumentou para 64 o n\u00famero de \u00f3bitos no munic\u00edpio de Senhor do Bonfim causados pela Covid-19. A informa\u00e7\u00e3o est\u00e1 no novo boletim epidemiol\u00f3gico, divulgado pela Secretaria Municipal de Sa\u00fade, na noite desta quinta-feira (13).<\/p>\n\n\n\n<p>O 64\u00ba \u00f3bito \u00e9 de uma idosa de 74 anos, portadora de bronquite. Ela havia tomado a primeira dose da vacina contra a Covid-19 no dia 19 de mar\u00e7o e a segunda dose no dia 16 de abril. Foi transferida da UPA para o Hospital Promatre de Juazeiro no dia 03 de maio, vindo a falecer no referido Hospital.<\/p>\n\n\n\n<p>Do total de 64 mortes, 39 foram registradas somente no per\u00edodo de 04 de janeiro a 13 de maio deste ano. De 18 de mar\u00e7o a 30 de dezembro de 2020, o munic\u00edpio somou 25 mortes por Covid-19.<\/p>\n\n\n\n<p>Nesta quinta, mais 16 novos casos positivos da Covid-19 foram confirmados em Senhor do Bonfim. Agora, s\u00e3o 3.992 os bonfinenses que tiveram ou t\u00eam o v\u00edrus em nosso munic\u00edpio.<\/p>\n\n\n\n<p>O n\u00famero de pacientes em monitoramento \u00e9 de 162, enquanto 44 exames aguardam resultado no Lacen do estado. Os casos ativos est\u00e3o em 118. Os pacientes curados somam 3.810, de acordo com o boletim.<\/p>\n\n\n\n<p>Ainda de acordo com o informativo, 16 pacientes est\u00e3o internados na UTI do Hospital Dom Antonio Monteiro (HDAM). A taxa de ocupa\u00e7\u00e3o dos leitos de UTI \u00e9 de 80%.<\/p>\n","protected":false},"excerpt":{"rendered":"<p>Aumentou para 64 o n\u00famero de \u00f3bitos no munic\u00edpio de Senhor do Bonfim causados pela Covid-19. A informa\u00e7\u00e3o est\u00e1 no novo boletim epidemiol\u00f3gico, divulgado pela Secretaria Municipal de Sa\u00fade, na noite desta quinta-feira (13). O 64\u00ba \u00f3bito \u00e9 de uma idosa de 74 anos, portadora de bronquite. Ela havia tomado a primeira dose da vacina [&hellip;]<\/p>\n","protected":false},"author":2,"featured_media":52691,"comment_status":"open","ping_status":"open","sticky":false,"template":"","format":"standard","meta":{"_acf_changed":false,"_monsterinsights_skip_tracking":false,"_monsterinsights_sitenote_active":false,"_monsterinsights_sitenote_note":"","_monsterinsights_sitenote_category":0,"_jetpack_memberships_contains_paid_content":false,"footnotes":"","jetpack_publicize_message":"","jetpack_publicize_feature_enabled":true,"jetpack_social_post_already_shared":false,"jetpack_social_options":{"image_generator_settings":{"template":"highway","default_image_id":0,"font":"","enabled":false},"version":2}},"categories":[4],"tags":[],"class_list":["post-56412","post","type-post","status-publish","format-standard","has-post-thumbnail","hentry","category-local"],"acf":[],"jetpack_publicize_connections":[],"jetpack_featured_media_url":"https:\/\/i0.wp.com\/blogdoeloiltoncajuhy.com.br\/site\/wp-content\/uploads\/2021\/01\/coronavirus-06012021.jpg?fit=600%2C375&ssl=1","jetpack_sharing_enabled":true,"publishpress_future_workflow_manual_trigger":{"enabledWorkflows":[]},"_links":{"self":[{"href":"https:\/\/blogdoeloiltoncajuhy.com.br\/site\/wp-json\/wp\/v2\/posts\/56412","targetHints":{"allow":["GET"]}}],"collection":[{"href":"https:\/\/blogdoeloiltoncajuhy.com.br\/site\/wp-json\/wp\/v2\/posts"}],"about":[{"href":"https:\/\/blogdoeloiltoncajuhy.com.br\/site\/wp-json\/wp\/v2\/types\/post"}],"author":[{"embeddable":true,"href":"https:\/\/blogdoeloiltoncajuhy.com.br\/site\/wp-json\/wp\/v2\/users\/2"}],"replies":[{"embeddable":true,"href":"https:\/\/blogdoeloiltoncajuhy.com.br\/site\/wp-json\/wp\/v2\/comments?post=56412"}],"version-history":[{"count":2,"href":"https:\/\/blogdoeloiltoncajuhy.com.br\/site\/wp-json\/wp\/v2\/posts\/56412\/revisions"}],"predecessor-version":[{"id":56414,"href":"https:\/\/blogdoeloiltoncajuhy.com.br\/site\/wp-json\/wp\/v2\/posts\/56412\/revisions\/56414"}],"wp:featuredmedia":[{"embeddable":true,"href":"https:\/\/blogdoeloiltoncajuhy.com.br\/site\/wp-json\/wp\/v2\/media\/52691"}],"wp:attachment":[{"href":"https:\/\/blogdoeloiltoncajuhy.com.br\/site\/wp-json\/wp\/v2\/media?parent=56412"}],"wp:term":[{"taxonomy":"category","embeddable":true,"href":"https:\/\/blogdoeloiltoncajuhy.com.br\/site\/wp-json\/wp\/v2\/categories?post=56412"},{"taxonomy":"post_tag","embeddable":true,"href":"https:\/\/blogdoeloiltoncajuhy.com.br\/site\/wp-json\/wp\/v2\/tags?post=56412"}],"curies":[{"name":"wp","href":"https:\/\/api.w.org\/{rel}","templated":true}]}}