{"id":56401,"date":"2021-05-13T09:43:56","date_gmt":"2021-05-13T12:43:56","guid":{"rendered":"http:\/\/blogdoeloiltoncajuhy.com.br\/site\/?p=56401"},"modified":"2021-05-13T09:43:58","modified_gmt":"2021-05-13T12:43:58","slug":"projeto-agroecologico-estimula-praticas-de-convivencia-com-o-semiarido-e-autonomia-das-familias-rurais","status":"publish","type":"post","link":"https:\/\/blogdoeloiltoncajuhy.com.br\/site\/projeto-agroecologico-estimula-praticas-de-convivencia-com-o-semiarido-e-autonomia-das-familias-rurais\/","title":{"rendered":"Projeto agroecol\u00f3gico estimula pr\u00e1ticas de Conviv\u00eancia com o Semi\u00e1rido e autonomia das fam\u00edlias rurais"},"content":{"rendered":"\n<div class=\"wp-block-image\"><figure class=\"aligncenter size-large is-resized\"><a href=\"https:\/\/i0.wp.com\/blogdoeloiltoncajuhy.com.br\/site\/wp-content\/uploads\/2021\/05\/Mulher-Rural.jpeg\"><img data-recalc-dims=\"1\" fetchpriority=\"high\" decoding=\"async\" src=\"https:\/\/i0.wp.com\/blogdoeloiltoncajuhy.com.br\/site\/wp-content\/uploads\/2021\/05\/Mulher-Rural.jpeg?resize=472%2C629\" alt=\"\" class=\"wp-image-56402\" width=\"472\" height=\"629\" srcset=\"https:\/\/i0.wp.com\/blogdoeloiltoncajuhy.com.br\/site\/wp-content\/uploads\/2021\/05\/Mulher-Rural.jpeg?resize=768%2C1024&amp;ssl=1 768w, https:\/\/i0.wp.com\/blogdoeloiltoncajuhy.com.br\/site\/wp-content\/uploads\/2021\/05\/Mulher-Rural.jpeg?resize=225%2C300&amp;ssl=1 225w, https:\/\/i0.wp.com\/blogdoeloiltoncajuhy.com.br\/site\/wp-content\/uploads\/2021\/05\/Mulher-Rural.jpeg?w=960&amp;ssl=1 960w\" sizes=\"(max-width: 472px) 100vw, 472px\" \/><\/a><figcaption><em><sub>Foto: Eixo Produ\u00e7\u00e3o Apropriada<\/sub><\/em><\/figcaption><\/figure><\/div>\n\n\n\n<p>Estimular pr\u00e1ticas agroecol\u00f3gicas de Conviv\u00eancia com o Semi\u00e1rido a fim de promover a autonomia das fam\u00edlias rurais, respeitando sempre as especificidades culturais das comunidades. Esse \u00e9 o objetivo do Ater Agroecologia que encerrou em abril, a aplica\u00e7\u00e3o de diagn\u00f3stico familiar, terceira etapa do projeto realizada com 540 fam\u00edlias agricultoras, nos munic\u00edpios de Uau\u00e1, Cura\u00e7\u00e1, Casa Nova, Pil\u00e3o Arcado, Juazeiro e Remanso, acompanhadas pelo Instituto Regional da Pequena Agropecu\u00e1ria Apropriada (Irpaa).<\/p>\n\n\n\n<p>O Ater Agroecologia tamb\u00e9m discute g\u00eanero e gera\u00e7\u00e3o de renda com jovens e mulheres rurais, para isso, busca integrar pol\u00edticas p\u00fablicas de inclus\u00e3o produtiva para que as fam\u00edlias e comunidades tenham acesso aos direitos sociais b\u00e1sicos. Com isso, \u00e9 poss\u00edvel melhorar os processos de diversifica\u00e7\u00e3o da produ\u00e7\u00e3o, incentivar e promover a seguran\u00e7a alimentar e nutricional das fam\u00edlias, aumentar a produtividade e o acesso aos mercados locais, territoriais e institucionais para comercializa\u00e7\u00e3o dos produtos, produzidos atrav\u00e9s de tecnologias sociais sustent\u00e1veis, saud\u00e1veis e adequadas.<\/p>\n\n\n\n<p>Para tanto, com a aplica\u00e7\u00e3o do diagn\u00f3stico nas unidades produtivas familiares \u00e9 poss\u00edvel conhecer as fam\u00edlias e os seus agroecossistemas, ou seja, as atividades desenvolvidas no local, identificando a realidade de cada uma nos aspectos produtivos, sociais, econ\u00f4micos, ambientais, fundi\u00e1rios, educacionais, bem como, o acesso \u00e0 terra, \u00e0 \u00e1gua e \u00e0 energia. Ap\u00f3s o(a) t\u00e9cnico(a) do Irpaa conhecer a propriedade e seus sistemas, as fam\u00edlias desenham um mapa do seu agroecossistema com todos os aspectos f\u00edsicos existentes, essa a\u00e7\u00e3o colabora para que a fam\u00edlia visualize melhor o seu agroecossistema.<\/p>\n\n\n\n<p>Partindo da ideia da agroecologia, o colaborador do Irpaa, Alessandro Santana, reflete que essa vai al\u00e9m da produ\u00e7\u00e3o vegetal e animal. \u201cEla \u00e9 um processo educativo, transformador, participativo, que por isso inclui a integra\u00e7\u00e3o do que a fam\u00edlia faz nos seus agroecossistemas e a sua rela\u00e7\u00e3o com o territ\u00f3rio. Leva em conta tamb\u00e9m, a sustentabilidade do meio ambiente, o reconhecimento dos diferentes sistemas culturais, a import\u00e2ncia da preserva\u00e7\u00e3o da biodiversidade do local onde se vive, as formas justas de ocupa\u00e7\u00f5es e distribui\u00e7\u00e3o de renda\u201d.<\/p>\n\n\n\n<p>Nesse sentido, em Baix\u00e3o, comunidade tradicional de Fundo de Pasto, em Pil\u00e3o Arcado, as fam\u00edlias tiveram orienta\u00e7\u00e3o de como produzir de forma agroecol\u00f3gica para n\u00e3o prejudicar o meio ambiente. O agricultor, Juarez Jorge de Carvalho, cultiva em seu agroecossistema, milho, feij\u00e3o, mandioca, ab\u00f3bora, melancia e tamb\u00e9m cria abelhas. Ele destaca que \u201cO projeto implantado na nossa comunidade, com certeza vai ajudar a melhorar as nossas pr\u00e1ticas de produ\u00e7\u00e3o. O agricultor com a orienta\u00e7\u00e3o t\u00e9cnica, sem d\u00favida vai ter uma produ\u00e7\u00e3o de qualidade e tamb\u00e9m uma quantidade mais significativa. Com certeza, o projeto vai ajudar bastante a aumentar a produ\u00e7\u00e3o desses agricultores que s\u00e3o beneficiados pelo Ater\u201d.<\/p>\n\n\n\n<p>A agricultora Daniela Soares Pereira, da comunidade Melancia, tamb\u00e9m em Pil\u00e3o Arcado, cultiva feij\u00e3o, milho, mandioca e hortali\u00e7as como coentro e piment\u00e3o. A agricultora relata que com o in\u00edcio do projeto, aprendeu a valorizar cada vez mais os produtos e compreender a import\u00e2ncia de estar sempre buscando novas maneiras e formas de produ\u00e7\u00e3o. \u201cO projeto Ater Agroecologia tem sido muito importante e tem incentivado n\u00e3o s\u00f3 a minha fam\u00edlia, mas tamb\u00e9m o pessoal da comunidade e da associa\u00e7\u00e3o a aumentar a sua produ\u00e7\u00e3o\u201d, afirma a agricultora.<\/p>\n\n\n\n<p>A colaboradora do Irpaa que acompanha as fam\u00edlias rurais em Pil\u00e3o Arcado, Maria de F\u00e1tima, ressalta que as fam\u00edlias t\u00eam recebido o Ater Agroecologia com muito entusiasmo. A pr\u00f3xima etapa do projeto ser\u00e1 o diagn\u00f3stico comunit\u00e1rio participativo que deve contar com a colabora\u00e7\u00e3o de crian\u00e7as, jovens, adultos e idosos, integrantes das comunidades.<\/p>\n\n\n\n<p>Essa etapa ir\u00e1 identificar a realidade hist\u00f3rica, produtiva, econ\u00f4mica, cultural, ambiental e social da comunidade, al\u00e9m de identificar o protagonismo de jovens e mulheres na participa\u00e7\u00e3o produtiva, nos cargos de organiza\u00e7\u00e3o social e nas tomadas de decis\u00e3o. \u201c\u00c9 tamb\u00e9m nesse momento, que as fam\u00edlias poder\u00e3o levantar as fortalezas e oportunidades, as fraquezas e amea\u00e7as da comunidade. Servir\u00e1 de princ\u00edpio para o planejamento das atividades futuras\u201d, explica Maria de F\u00e1tima.<\/p>\n\n\n\n<p>O projeto Ater Agroecologia, financiado pelo Governo do Estado da Bahia, atrav\u00e9s da Secretaria de Desenvolvimento Rural (SDR) e a Superintend\u00eancia Baiana de Assist\u00eancia T\u00e9cnica e Extens\u00e3o Rural (Bahiater) iniciou em setembro de 2020 e segue at\u00e9 setembro de 2023.<\/p>\n","protected":false},"excerpt":{"rendered":"<p>Estimular pr\u00e1ticas agroecol\u00f3gicas de Conviv\u00eancia com o Semi\u00e1rido a fim de promover a autonomia das fam\u00edlias rurais, respeitando sempre as especificidades culturais das comunidades. Esse \u00e9 o objetivo do Ater Agroecologia que encerrou em abril, a aplica\u00e7\u00e3o de diagn\u00f3stico familiar, terceira etapa do projeto realizada com 540 fam\u00edlias agricultoras, nos munic\u00edpios de Uau\u00e1, Cura\u00e7\u00e1, Casa [&hellip;]<\/p>\n","protected":false},"author":2,"featured_media":56402,"comment_status":"open","ping_status":"open","sticky":false,"template":"","format":"standard","meta":{"_acf_changed":false,"_monsterinsights_skip_tracking":false,"_monsterinsights_sitenote_active":false,"_monsterinsights_sitenote_note":"","_monsterinsights_sitenote_category":0,"_jetpack_memberships_contains_paid_content":false,"footnotes":"","jetpack_publicize_message":"","jetpack_publicize_feature_enabled":true,"jetpack_social_post_already_shared":false,"jetpack_social_options":{"image_generator_settings":{"template":"highway","default_image_id":0,"font":"","enabled":false},"version":2}},"categories":[11],"tags":[],"class_list":["post-56401","post","type-post","status-publish","format-standard","has-post-thumbnail","hentry","category-regional"],"acf":[],"jetpack_publicize_connections":[],"jetpack_featured_media_url":"https:\/\/i0.wp.com\/blogdoeloiltoncajuhy.com.br\/site\/wp-content\/uploads\/2021\/05\/Mulher-Rural.jpeg?fit=960%2C1280&ssl=1","jetpack_sharing_enabled":true,"publishpress_future_workflow_manual_trigger":{"enabledWorkflows":[]},"_links":{"self":[{"href":"https:\/\/blogdoeloiltoncajuhy.com.br\/site\/wp-json\/wp\/v2\/posts\/56401","targetHints":{"allow":["GET"]}}],"collection":[{"href":"https:\/\/blogdoeloiltoncajuhy.com.br\/site\/wp-json\/wp\/v2\/posts"}],"about":[{"href":"https:\/\/blogdoeloiltoncajuhy.com.br\/site\/wp-json\/wp\/v2\/types\/post"}],"author":[{"embeddable":true,"href":"https:\/\/blogdoeloiltoncajuhy.com.br\/site\/wp-json\/wp\/v2\/users\/2"}],"replies":[{"embeddable":true,"href":"https:\/\/blogdoeloiltoncajuhy.com.br\/site\/wp-json\/wp\/v2\/comments?post=56401"}],"version-history":[{"count":2,"href":"https:\/\/blogdoeloiltoncajuhy.com.br\/site\/wp-json\/wp\/v2\/posts\/56401\/revisions"}],"predecessor-version":[{"id":56404,"href":"https:\/\/blogdoeloiltoncajuhy.com.br\/site\/wp-json\/wp\/v2\/posts\/56401\/revisions\/56404"}],"wp:featuredmedia":[{"embeddable":true,"href":"https:\/\/blogdoeloiltoncajuhy.com.br\/site\/wp-json\/wp\/v2\/media\/56402"}],"wp:attachment":[{"href":"https:\/\/blogdoeloiltoncajuhy.com.br\/site\/wp-json\/wp\/v2\/media?parent=56401"}],"wp:term":[{"taxonomy":"category","embeddable":true,"href":"https:\/\/blogdoeloiltoncajuhy.com.br\/site\/wp-json\/wp\/v2\/categories?post=56401"},{"taxonomy":"post_tag","embeddable":true,"href":"https:\/\/blogdoeloiltoncajuhy.com.br\/site\/wp-json\/wp\/v2\/tags?post=56401"}],"curies":[{"name":"wp","href":"https:\/\/api.w.org\/{rel}","templated":true}]}}