{"id":564,"date":"2015-05-12T12:31:23","date_gmt":"2015-05-12T15:31:23","guid":{"rendered":"http:\/\/blogdoeloiltoncajuhy.com.br\/site\/?p=564"},"modified":"2015-05-12T12:31:23","modified_gmt":"2015-05-12T15:31:23","slug":"gente-que-fez-historia-simbolo-de-simplicidade-jonas-costa-faria-aniversario-hoje","status":"publish","type":"post","link":"https:\/\/blogdoeloiltoncajuhy.com.br\/site\/gente-que-fez-historia-simbolo-de-simplicidade-jonas-costa-faria-aniversario-hoje\/","title":{"rendered":"GENTE QUE FEZ HIST\u00d3RIA: S\u00edmbolo de simplicidade, Jonas Costa faria anivers\u00e1rio hoje"},"content":{"rendered":"<p><a href=\"https:\/\/i0.wp.com\/blogdoeloiltoncajuhy.com.br\/site\/wp-content\/uploads\/2015\/05\/JC.jpg\"><img data-recalc-dims=\"1\" fetchpriority=\"high\" decoding=\"async\" class=\"aligncenter size-full wp-image-565\" src=\"https:\/\/i0.wp.com\/blogdoeloiltoncajuhy.com.br\/site\/wp-content\/uploads\/2015\/05\/JC.jpg?resize=234%2C300\" alt=\"JC\" width=\"234\" height=\"300\" srcset=\"https:\/\/i0.wp.com\/blogdoeloiltoncajuhy.com.br\/site\/wp-content\/uploads\/2015\/05\/JC.jpg?w=234&amp;ssl=1 234w, https:\/\/i0.wp.com\/blogdoeloiltoncajuhy.com.br\/site\/wp-content\/uploads\/2015\/05\/JC.jpg?resize=195%2C250&amp;ssl=1 195w\" sizes=\"(max-width: 234px) 100vw, 234px\" \/><\/a>Hoje \u00e9 data de nascimento do ex-prefeito de Senhor do Bonfim, Jonas Costa. Ele nasceu na localidade de Po\u00e7o Redondo, munic\u00edpio de Tucano, no dia 12 de maio de 1936. Filho de lavradores e de uma fam\u00edlia numerosa de 12 filhos, Jonas Alves Costa veio para Senhor do Bonfim aos 14 anos de idade. Aqui aprendeu a dirigir e tornou-se motorista profissional.<\/p>\n<p>Aos 28 anos, casou-se com a professora Vera Costa, com quem teve 5 filhos. Mais tarde, j\u00e1 propriet\u00e1rio de uma frota de caminh\u00f5es, virou distribuidor de uma marca famosa de farinha de trigo, se destacando como um dos empres\u00e1rios mais bem sucedidos do nosso munic\u00edpio.<\/p>\n<p>Iniciou sua trajet\u00f3ria pol\u00edtica em 1978, quando foi eleito vice-prefeito na chapa de Antonio Carvalho. Em 1988, se candidatou a prefeito, mas s\u00f3 conseguiu se eleger na elei\u00e7\u00e3o de 1992. Segundo a fam\u00edlia, &#8220;a\u00ed come\u00e7ava o seu mart\u00edrio, sendo perseguido e caluniado&#8221;.<\/p>\n<p>Governou o munic\u00edpio por 3 anos, fazendo um governo voltado para a pobreza, atendendo a todos que o procuravam. Seu governo foi interrompido depois de um epis\u00f3dio ainda n\u00e3o muito esclarecido: foi lida na C\u00e2mara Municipal uma carta, atribu\u00edda a Jonas Costa, renunciando ao cargo de prefeito de Senhor do Bonfim. Ele afirmava que jamais seria o autor da tal ren\u00fancia.<\/p>\n<p>Segundo relato da fam\u00edlia, o fato &#8220;o debilitou muito, entrando em profunda depress\u00e3o. Sempre repetia: &#8216;Isto nunca ocorreu na hist\u00f3ria de Bonfim, mas aconteceu comigo&#8217;. Os fatos o levaram ao suic\u00eddio no dia 19 de agosto de 1996, deixando uma lacuna muito grande no seio de sua fam\u00edlia&#8221;.<\/p>\n<p>Procurada pela nossa reportagem, para falar sobre a vida de Jonas Costa, a vi\u00fava Vera Costa demonstrou a mesma simplicidade e humildade que marcaram a vida de seu marido: &#8220;Era um homem simples, com uma bondade extremamente grandiosa. Eu, sua esposa, oro todos os dias por todos aqueles que tanto mal nos fizeram. Que um dia eles sejam tocados por Deus e se arrependam. Eu os perdou&#8221;, finalizou D. Vera.<\/p>\n<p>Independente da quest\u00e3o pol\u00edtica, Jonas Costa foi em Bonfim a pessoa s\u00edmbolo da simplicidade&#8230;<\/p>\n<p style=\"text-align: center\"><strong>GENTE QUE FEZ HIST\u00d3RIA!<\/strong><\/p>\n<p style=\"text-align: left\"><em>*Eloilton Cajuhy &#8211; DRT 3621<\/em><\/p>\n<p>&nbsp;<\/p>\n","protected":false},"excerpt":{"rendered":"<p>Hoje \u00e9 data de nascimento do ex-prefeito de Senhor do Bonfim, Jonas Costa. Ele nasceu na localidade de Po\u00e7o Redondo, munic\u00edpio de Tucano, no dia 12 de maio de 1936. Filho de lavradores e de uma fam\u00edlia numerosa de 12 filhos, Jonas Alves Costa veio para Senhor do Bonfim aos 14 anos de idade. Aqui [&hellip;]<\/p>\n","protected":false},"author":2,"featured_media":565,"comment_status":"open","ping_status":"open","sticky":false,"template":"","format":"standard","meta":{"_acf_changed":false,"_monsterinsights_skip_tracking":false,"_monsterinsights_sitenote_active":false,"_monsterinsights_sitenote_note":"","_monsterinsights_sitenote_category":0,"_jetpack_memberships_contains_paid_content":false,"footnotes":"","jetpack_publicize_message":"","jetpack_publicize_feature_enabled":true,"jetpack_social_post_already_shared":true,"jetpack_social_options":{"image_generator_settings":{"template":"highway","default_image_id":0,"font":"","enabled":false},"version":2}},"categories":[12,1,4],"tags":[],"class_list":["post-564","post","type-post","status-publish","format-standard","has-post-thumbnail","hentry","category-gente-que-faz-a-nossa-historia","category-noticias","category-local"],"acf":[],"jetpack_publicize_connections":[],"jetpack_featured_media_url":"https:\/\/i0.wp.com\/blogdoeloiltoncajuhy.com.br\/site\/wp-content\/uploads\/2015\/05\/JC.jpg?fit=234%2C300&ssl=1","jetpack_sharing_enabled":true,"publishpress_future_workflow_manual_trigger":{"enabledWorkflows":[]},"_links":{"self":[{"href":"https:\/\/blogdoeloiltoncajuhy.com.br\/site\/wp-json\/wp\/v2\/posts\/564","targetHints":{"allow":["GET"]}}],"collection":[{"href":"https:\/\/blogdoeloiltoncajuhy.com.br\/site\/wp-json\/wp\/v2\/posts"}],"about":[{"href":"https:\/\/blogdoeloiltoncajuhy.com.br\/site\/wp-json\/wp\/v2\/types\/post"}],"author":[{"embeddable":true,"href":"https:\/\/blogdoeloiltoncajuhy.com.br\/site\/wp-json\/wp\/v2\/users\/2"}],"replies":[{"embeddable":true,"href":"https:\/\/blogdoeloiltoncajuhy.com.br\/site\/wp-json\/wp\/v2\/comments?post=564"}],"version-history":[{"count":1,"href":"https:\/\/blogdoeloiltoncajuhy.com.br\/site\/wp-json\/wp\/v2\/posts\/564\/revisions"}],"predecessor-version":[{"id":566,"href":"https:\/\/blogdoeloiltoncajuhy.com.br\/site\/wp-json\/wp\/v2\/posts\/564\/revisions\/566"}],"wp:featuredmedia":[{"embeddable":true,"href":"https:\/\/blogdoeloiltoncajuhy.com.br\/site\/wp-json\/wp\/v2\/media\/565"}],"wp:attachment":[{"href":"https:\/\/blogdoeloiltoncajuhy.com.br\/site\/wp-json\/wp\/v2\/media?parent=564"}],"wp:term":[{"taxonomy":"category","embeddable":true,"href":"https:\/\/blogdoeloiltoncajuhy.com.br\/site\/wp-json\/wp\/v2\/categories?post=564"},{"taxonomy":"post_tag","embeddable":true,"href":"https:\/\/blogdoeloiltoncajuhy.com.br\/site\/wp-json\/wp\/v2\/tags?post=564"}],"curies":[{"name":"wp","href":"https:\/\/api.w.org\/{rel}","templated":true}]}}