{"id":56396,"date":"2021-05-13T09:13:56","date_gmt":"2021-05-13T12:13:56","guid":{"rendered":"http:\/\/blogdoeloiltoncajuhy.com.br\/site\/?p=56396"},"modified":"2021-05-13T09:13:57","modified_gmt":"2021-05-13T12:13:57","slug":"itiuba-em-dia-violento-duas-pessoas-sao-assassinadas-a-tiros-nesta-quarta-feira-12","status":"publish","type":"post","link":"https:\/\/blogdoeloiltoncajuhy.com.br\/site\/itiuba-em-dia-violento-duas-pessoas-sao-assassinadas-a-tiros-nesta-quarta-feira-12\/","title":{"rendered":"Iti\u00faba: Em dia violento, duas pessoas s\u00e3o assassinadas a tiros nesta quarta-feira (12)"},"content":{"rendered":"\n<div class=\"wp-block-image\"><figure class=\"aligncenter size-large\"><a href=\"https:\/\/i0.wp.com\/blogdoeloiltoncajuhy.com.br\/site\/wp-content\/uploads\/2021\/05\/Daniel-Itiuba.jpeg\"><img data-recalc-dims=\"1\" fetchpriority=\"high\" decoding=\"async\" width=\"540\" height=\"636\" src=\"https:\/\/i0.wp.com\/blogdoeloiltoncajuhy.com.br\/site\/wp-content\/uploads\/2021\/05\/Daniel-Itiuba.jpeg?resize=540%2C636\" alt=\"\" class=\"wp-image-56397\" srcset=\"https:\/\/i0.wp.com\/blogdoeloiltoncajuhy.com.br\/site\/wp-content\/uploads\/2021\/05\/Daniel-Itiuba.jpeg?w=540&amp;ssl=1 540w, https:\/\/i0.wp.com\/blogdoeloiltoncajuhy.com.br\/site\/wp-content\/uploads\/2021\/05\/Daniel-Itiuba.jpeg?resize=255%2C300&amp;ssl=1 255w\" sizes=\"(max-width: 540px) 100vw, 540px\" \/><\/a><figcaption><em><sub>Daniel Souza da Silva<\/sub><\/em><\/figcaption><\/figure><\/div>\n\n\n\n<p>Por volta das 16h30 desta quarta-feira (12), um jovem identificado como <strong>Daniel Souza da Silva<\/strong>, 20 anos, foi morto a tiros nas imedia\u00e7\u00f5es da Rua Ant\u00f4nio Mendon\u00e7a, Bairro Projeto, no munic\u00edpio de Iti\u00faba. De acordo com as informa\u00e7\u00f5es, homens ocupando um ve\u00edculo, cor prata, n\u00e3o identificado, se aproximaram da v\u00edtima atirando, atingindo Daniel na cabe\u00e7a. Ele morreu no local. Em seguida, os criminosos fugiram tomando rumo ignorado. O corpo de Daniel foi encaminhado para o IML de Senhor do Bonfim para realiza\u00e7\u00e3o de necropsia.<\/p>\n\n\n\n<p>Durante buscas realizadas na resid\u00eancia de Daniel Souza da Silva, foram apreendidos pela Pol\u00edcia Militar de Iti\u00faba drogas, dinheiro e outros objetos:<\/p>\n\n\n\n<p>170 Trouxinhas de maconha;<\/p>\n\n\n\n<p>09 Trouxinhas de crack;<\/p>\n\n\n\n<p>130g de de maconha prensada;<\/p>\n\n\n\n<p>R$ 90,75;<\/p>\n\n\n\n<p>03 Balan\u00e7as de precis\u00e3o;<\/p>\n\n\n\n<p>01 Faca tipo peixeira;<\/p>\n\n\n\n<p>01 Pacote de sacos pl\u00e1sticos para geladinho.<\/p>\n\n\n\n<p class=\"has-black-color has-text-color has-medium-font-size\"><strong>Outro homic\u00eddio<\/strong><\/p>\n\n\n\n<div class=\"wp-block-image\"><figure class=\"aligncenter size-large\"><a href=\"https:\/\/i0.wp.com\/blogdoeloiltoncajuhy.com.br\/site\/wp-content\/uploads\/2021\/05\/Pablo-Itiuba.jpg\"><img data-recalc-dims=\"1\" decoding=\"async\" width=\"606\" height=\"525\" src=\"https:\/\/i0.wp.com\/blogdoeloiltoncajuhy.com.br\/site\/wp-content\/uploads\/2021\/05\/Pablo-Itiuba.jpg?resize=606%2C525\" alt=\"\" class=\"wp-image-56398\" srcset=\"https:\/\/i0.wp.com\/blogdoeloiltoncajuhy.com.br\/site\/wp-content\/uploads\/2021\/05\/Pablo-Itiuba.jpg?w=606&amp;ssl=1 606w, https:\/\/i0.wp.com\/blogdoeloiltoncajuhy.com.br\/site\/wp-content\/uploads\/2021\/05\/Pablo-Itiuba.jpg?resize=300%2C260&amp;ssl=1 300w\" sizes=\"(max-width: 606px) 100vw, 606px\" \/><\/a><figcaption><em><sub>Pablo Marques Nogueira Costa<\/sub><\/em><\/figcaption><\/figure><\/div>\n\n\n\n<p>Um homem identificado por <strong>Pablo Marques Nogueira Costa<\/strong>, 41 anos, foi morto a tiros por volta das 22h30 desta quarta-feira (12), na Rua Benjamim Constant, no Centro de Iti\u00faba.<\/p>\n\n\n\n<p>Segundo informa\u00e7\u00f5es da pol\u00edcia, o fato foi comunicado por populares. A PM foi at\u00e9 o local para registrar a ocorr\u00eancia. O corpo da v\u00edtima foi encaminhado para o IML de Senhor do Bonfim para realiza\u00e7\u00e3o da necropsia. A autoria e motiva\u00e7\u00e3o do crime ainda s\u00e3o desconhecidas.<\/p>\n","protected":false},"excerpt":{"rendered":"<p>Por volta das 16h30 desta quarta-feira (12), um jovem identificado como Daniel Souza da Silva, 20 anos, foi morto a tiros nas imedia\u00e7\u00f5es da Rua Ant\u00f4nio Mendon\u00e7a, Bairro Projeto, no munic\u00edpio de Iti\u00faba. De acordo com as informa\u00e7\u00f5es, homens ocupando um ve\u00edculo, cor prata, n\u00e3o identificado, se aproximaram da v\u00edtima atirando, atingindo Daniel na cabe\u00e7a. [&hellip;]<\/p>\n","protected":false},"author":2,"featured_media":54323,"comment_status":"open","ping_status":"open","sticky":false,"template":"","format":"standard","meta":{"_acf_changed":false,"_monsterinsights_skip_tracking":false,"_monsterinsights_sitenote_active":false,"_monsterinsights_sitenote_note":"","_monsterinsights_sitenote_category":0,"_jetpack_memberships_contains_paid_content":false,"footnotes":"","jetpack_publicize_message":"","jetpack_publicize_feature_enabled":true,"jetpack_social_post_already_shared":false,"jetpack_social_options":{"image_generator_settings":{"template":"highway","default_image_id":0,"font":"","enabled":false},"version":2}},"categories":[15],"tags":[],"class_list":["post-56396","post","type-post","status-publish","format-standard","has-post-thumbnail","hentry","category-policia"],"acf":[],"jetpack_publicize_connections":[],"jetpack_featured_media_url":"https:\/\/i0.wp.com\/blogdoeloiltoncajuhy.com.br\/site\/wp-content\/uploads\/2021\/02\/Policia-Noticia-Sirene.jpeg?fit=599%2C311&ssl=1","jetpack_sharing_enabled":true,"publishpress_future_workflow_manual_trigger":{"enabledWorkflows":[]},"_links":{"self":[{"href":"https:\/\/blogdoeloiltoncajuhy.com.br\/site\/wp-json\/wp\/v2\/posts\/56396","targetHints":{"allow":["GET"]}}],"collection":[{"href":"https:\/\/blogdoeloiltoncajuhy.com.br\/site\/wp-json\/wp\/v2\/posts"}],"about":[{"href":"https:\/\/blogdoeloiltoncajuhy.com.br\/site\/wp-json\/wp\/v2\/types\/post"}],"author":[{"embeddable":true,"href":"https:\/\/blogdoeloiltoncajuhy.com.br\/site\/wp-json\/wp\/v2\/users\/2"}],"replies":[{"embeddable":true,"href":"https:\/\/blogdoeloiltoncajuhy.com.br\/site\/wp-json\/wp\/v2\/comments?post=56396"}],"version-history":[{"count":2,"href":"https:\/\/blogdoeloiltoncajuhy.com.br\/site\/wp-json\/wp\/v2\/posts\/56396\/revisions"}],"predecessor-version":[{"id":56400,"href":"https:\/\/blogdoeloiltoncajuhy.com.br\/site\/wp-json\/wp\/v2\/posts\/56396\/revisions\/56400"}],"wp:featuredmedia":[{"embeddable":true,"href":"https:\/\/blogdoeloiltoncajuhy.com.br\/site\/wp-json\/wp\/v2\/media\/54323"}],"wp:attachment":[{"href":"https:\/\/blogdoeloiltoncajuhy.com.br\/site\/wp-json\/wp\/v2\/media?parent=56396"}],"wp:term":[{"taxonomy":"category","embeddable":true,"href":"https:\/\/blogdoeloiltoncajuhy.com.br\/site\/wp-json\/wp\/v2\/categories?post=56396"},{"taxonomy":"post_tag","embeddable":true,"href":"https:\/\/blogdoeloiltoncajuhy.com.br\/site\/wp-json\/wp\/v2\/tags?post=56396"}],"curies":[{"name":"wp","href":"https:\/\/api.w.org\/{rel}","templated":true}]}}