{"id":56372,"date":"2021-05-12T09:07:17","date_gmt":"2021-05-12T12:07:17","guid":{"rendered":"http:\/\/blogdoeloiltoncajuhy.com.br\/site\/?p=56372"},"modified":"2021-05-12T09:07:18","modified_gmt":"2021-05-12T12:07:18","slug":"menor-e-apreendido-pela-policia-civil-de-senhor-do-bonfim-acusado-de-varios-homicidios","status":"publish","type":"post","link":"https:\/\/blogdoeloiltoncajuhy.com.br\/site\/menor-e-apreendido-pela-policia-civil-de-senhor-do-bonfim-acusado-de-varios-homicidios\/","title":{"rendered":"Menor \u00e9 apreendido pela Pol\u00edcia Civil de Senhor do Bonfim acusado de v\u00e1rios homic\u00eddios"},"content":{"rendered":"\n<div class=\"wp-block-image\"><figure class=\"aligncenter size-large is-resized\"><a href=\"https:\/\/i0.wp.com\/blogdoeloiltoncajuhy.com.br\/site\/wp-content\/uploads\/2021\/04\/Policia-Civil-2.jpeg\"><img data-recalc-dims=\"1\" fetchpriority=\"high\" decoding=\"async\" src=\"https:\/\/i0.wp.com\/blogdoeloiltoncajuhy.com.br\/site\/wp-content\/uploads\/2021\/04\/Policia-Civil-2.jpeg?resize=355%2C512\" alt=\"\" class=\"wp-image-55455\" width=\"355\" height=\"512\" srcset=\"https:\/\/i0.wp.com\/blogdoeloiltoncajuhy.com.br\/site\/wp-content\/uploads\/2021\/04\/Policia-Civil-2.jpeg?resize=709%2C1024&amp;ssl=1 709w, https:\/\/i0.wp.com\/blogdoeloiltoncajuhy.com.br\/site\/wp-content\/uploads\/2021\/04\/Policia-Civil-2.jpeg?resize=208%2C300&amp;ssl=1 208w, https:\/\/i0.wp.com\/blogdoeloiltoncajuhy.com.br\/site\/wp-content\/uploads\/2021\/04\/Policia-Civil-2.jpeg?w=760&amp;ssl=1 760w\" sizes=\"(max-width: 355px) 100vw, 355px\" \/><\/a><\/figure><\/div>\n\n\n\n<p>Na manh\u00e3 desta quarta-feira (12), cumprindo mandados de busca e apreens\u00e3o e apreens\u00e3o de menor, a Pol\u00edcia Civil de Senhor do Bonfim apreendeu um menor pelos homic\u00eddios de <strong>Leonardo Alves da Silva<\/strong> e <strong>Jos\u00e9 Agno Serafim de Souza<\/strong>, e tentativas de homic\u00eddios contra outras duas pessoas, crimes ocorridos no \u00faltimo dia 23 de abril, em um Bar localizado no Bairro do Mercado em Senhor do Bonfim, por volta das 22h30 (<a rel=\"noreferrer noopener\" href=\"http:\/\/blogdoeloiltoncajuhy.com.br\/site\/bonfim-ataque-a-bar-no-bairro-do-mercado-deixa-dois-mortos-e-dois-feridos\/\" data-type=\"URL\" data-id=\"http:\/\/blogdoeloiltoncajuhy.com.br\/site\/bonfim-ataque-a-bar-no-bairro-do-mercado-deixa-dois-mortos-e-dois-feridos\/\" target=\"_blank\">relembre aqui<\/a>).<\/p>\n\n\n\n<p>Ainda de acordo com as investiga\u00e7\u00f5es policiais, o menor tamb\u00e9m e suspeito de ter assassinado <strong>Danilo de Jesus Ferreira<\/strong>, de 19 anos, fato ocorrido no dia 07 de mar\u00e7o no Bairro Monte Alegre (<a rel=\"noreferrer noopener\" href=\"http:\/\/blogdoeloiltoncajuhy.com.br\/site\/jovem-de-19-anos-e-executado-a-tiros-no-monte-alegre-em-senhor-do-bonfim\/\" data-type=\"URL\" data-id=\"http:\/\/blogdoeloiltoncajuhy.com.br\/site\/jovem-de-19-anos-e-executado-a-tiros-no-monte-alegre-em-senhor-do-bonfim\/\" target=\"_blank\">veja mat\u00e9ria<\/a>).<\/p>\n\n\n\n<p>A Pol\u00edcia Civil ainda informou que foi feito um BOC contra o menor por estupro de vulner\u00e1vel, tendo em vista que ele convive com uma menor de 13 anos. Segundo informa\u00e7\u00f5es da pol\u00edcia, o menor faz parte de uma fac\u00e7\u00e3o criminosa de tr\u00e1fico de drogas em Senhor do Bonfim.<\/p>\n","protected":false},"excerpt":{"rendered":"<p>Na manh\u00e3 desta quarta-feira (12), cumprindo mandados de busca e apreens\u00e3o e apreens\u00e3o de menor, a Pol\u00edcia Civil de Senhor do Bonfim apreendeu um menor pelos homic\u00eddios de Leonardo Alves da Silva e Jos\u00e9 Agno Serafim de Souza, e tentativas de homic\u00eddios contra outras duas pessoas, crimes ocorridos no \u00faltimo dia 23 de abril, em [&hellip;]<\/p>\n","protected":false},"author":2,"featured_media":50472,"comment_status":"open","ping_status":"open","sticky":false,"template":"","format":"standard","meta":{"_acf_changed":false,"_monsterinsights_skip_tracking":false,"_monsterinsights_sitenote_active":false,"_monsterinsights_sitenote_note":"","_monsterinsights_sitenote_category":0,"_jetpack_memberships_contains_paid_content":false,"footnotes":"","jetpack_publicize_message":"","jetpack_publicize_feature_enabled":true,"jetpack_social_post_already_shared":false,"jetpack_social_options":{"image_generator_settings":{"template":"highway","default_image_id":0,"font":"","enabled":false},"version":2}},"categories":[15],"tags":[],"class_list":["post-56372","post","type-post","status-publish","format-standard","has-post-thumbnail","hentry","category-policia"],"acf":[],"jetpack_publicize_connections":[],"jetpack_featured_media_url":"https:\/\/i0.wp.com\/blogdoeloiltoncajuhy.com.br\/site\/wp-content\/uploads\/2020\/10\/POLICIA-CIVIL.jpg?fit=619%2C640&ssl=1","jetpack_sharing_enabled":true,"publishpress_future_workflow_manual_trigger":{"enabledWorkflows":[]},"_links":{"self":[{"href":"https:\/\/blogdoeloiltoncajuhy.com.br\/site\/wp-json\/wp\/v2\/posts\/56372","targetHints":{"allow":["GET"]}}],"collection":[{"href":"https:\/\/blogdoeloiltoncajuhy.com.br\/site\/wp-json\/wp\/v2\/posts"}],"about":[{"href":"https:\/\/blogdoeloiltoncajuhy.com.br\/site\/wp-json\/wp\/v2\/types\/post"}],"author":[{"embeddable":true,"href":"https:\/\/blogdoeloiltoncajuhy.com.br\/site\/wp-json\/wp\/v2\/users\/2"}],"replies":[{"embeddable":true,"href":"https:\/\/blogdoeloiltoncajuhy.com.br\/site\/wp-json\/wp\/v2\/comments?post=56372"}],"version-history":[{"count":2,"href":"https:\/\/blogdoeloiltoncajuhy.com.br\/site\/wp-json\/wp\/v2\/posts\/56372\/revisions"}],"predecessor-version":[{"id":56374,"href":"https:\/\/blogdoeloiltoncajuhy.com.br\/site\/wp-json\/wp\/v2\/posts\/56372\/revisions\/56374"}],"wp:featuredmedia":[{"embeddable":true,"href":"https:\/\/blogdoeloiltoncajuhy.com.br\/site\/wp-json\/wp\/v2\/media\/50472"}],"wp:attachment":[{"href":"https:\/\/blogdoeloiltoncajuhy.com.br\/site\/wp-json\/wp\/v2\/media?parent=56372"}],"wp:term":[{"taxonomy":"category","embeddable":true,"href":"https:\/\/blogdoeloiltoncajuhy.com.br\/site\/wp-json\/wp\/v2\/categories?post=56372"},{"taxonomy":"post_tag","embeddable":true,"href":"https:\/\/blogdoeloiltoncajuhy.com.br\/site\/wp-json\/wp\/v2\/tags?post=56372"}],"curies":[{"name":"wp","href":"https:\/\/api.w.org\/{rel}","templated":true}]}}