{"id":56368,"date":"2021-05-12T08:36:55","date_gmt":"2021-05-12T11:36:55","guid":{"rendered":"http:\/\/blogdoeloiltoncajuhy.com.br\/site\/?p=56368"},"modified":"2021-05-12T08:36:56","modified_gmt":"2021-05-12T11:36:56","slug":"e-se-bonfim-fosse-chamada-de-cidade-nova-da-revolucao","status":"publish","type":"post","link":"https:\/\/blogdoeloiltoncajuhy.com.br\/site\/e-se-bonfim-fosse-chamada-de-cidade-nova-da-revolucao\/","title":{"rendered":"E se Bonfim fosse chamada de Cidade Nova da Revolu\u00e7\u00e3o?"},"content":{"rendered":"\n<div class=\"wp-block-image\"><figure class=\"aligncenter size-large\"><a href=\"https:\/\/i0.wp.com\/blogdoeloiltoncajuhy.com.br\/site\/wp-content\/uploads\/2021\/05\/MC_Cidade-da-Revolucao.jpeg\"><img data-recalc-dims=\"1\" fetchpriority=\"high\" decoding=\"async\" width=\"720\" height=\"540\" src=\"https:\/\/i0.wp.com\/blogdoeloiltoncajuhy.com.br\/site\/wp-content\/uploads\/2021\/05\/MC_Cidade-da-Revolucao.jpeg?resize=720%2C540\" alt=\"\" class=\"wp-image-56369\" srcset=\"https:\/\/i0.wp.com\/blogdoeloiltoncajuhy.com.br\/site\/wp-content\/uploads\/2021\/05\/MC_Cidade-da-Revolucao.jpeg?w=720&amp;ssl=1 720w, https:\/\/i0.wp.com\/blogdoeloiltoncajuhy.com.br\/site\/wp-content\/uploads\/2021\/05\/MC_Cidade-da-Revolucao.jpeg?resize=300%2C225&amp;ssl=1 300w\" sizes=\"(max-width: 720px) 100vw, 720px\" \/><\/a><\/figure><\/div>\n\n\n\n<p>Animados com a Proclama\u00e7\u00e3o da Rep\u00fablica e com o fato de Senhor do Bonfim ter sido a primeira cidade baiana a reconhecer o novo regime, alguns republicanos mais exaltados propuseram que o munic\u00edpio passasse a se chamar <strong>\u201cCidade Nova da Revolu\u00e7\u00e3o\u201d<\/strong>. Por sorte a ideia acabou n\u00e3o saindo do papel, sen\u00e3o, em vez de bonfinenses, hoje ser\u00edamos chamados de novos revolucion\u00e1rios.<\/p>\n\n\n\n<p class=\"has-black-color has-text-color has-medium-font-size\"><strong>Por que Senhor do Bonfim?<\/strong><\/p>\n\n\n\n<p>O nome da cidade est\u00e1 diretamente relacionado \u00e0 devo\u00e7\u00e3o cat\u00f3lica dos moradores do Arraial de Senhor do Bonfim da Tapera, povoamento fundado por tropeiros em 1750. Ap\u00f3s a eleva\u00e7\u00e3o \u00e0 categoria de vila, em 1799, o local recebeu o nome de Vila Nova da Rainha, homenagem \u00e0 monarca portuguesa, Maria I. Em 1885, com a proximidade da chegada de estrada de ferro, deram-se in\u00edcio aos pleitos para que a vila fosse elevada \u00e0 cidade, um status cosmopolita e mais condizente com o progresso que era vivido naquele momento, passando a localidade ent\u00e3o a se chamar Cidade do Senhor do Bonfim.<\/p>\n\n\n\n<p>Com a Reforma Territorial no in\u00edcio do S\u00e9culo XX o munic\u00edpio passou a ser chamado apenas de Bonfim, ou Cidade do Bonfim. Contudo, por existirem outros munic\u00edpios com o mesmo nome, em Goi\u00e1s e Minas Gerais, o Conselho Nacional de Geografia impugnou a utiliza\u00e7\u00e3o dessa nomenclatura. Como n\u00e3o foram apresentadas outras alternativas, em dezembro de 1943 foi restaurada a denomina\u00e7\u00e3o de Senhor do Bonfim.<\/p>\n\n\n\n<p class=\"has-black-color has-text-color\"><strong><em>*Com informa\u00e7\u00f5es do livro Bonfim: Terra do Bom Come\u00e7o (Adolpho Silva)<\/em><\/strong><\/p>\n","protected":false},"excerpt":{"rendered":"<p>Animados com a Proclama\u00e7\u00e3o da Rep\u00fablica e com o fato de Senhor do Bonfim ter sido a primeira cidade baiana a reconhecer o novo regime, alguns republicanos mais exaltados propuseram que o munic\u00edpio passasse a se chamar \u201cCidade Nova da Revolu\u00e7\u00e3o\u201d. Por sorte a ideia acabou n\u00e3o saindo do papel, sen\u00e3o, em vez de bonfinenses, [&hellip;]<\/p>\n","protected":false},"author":2,"featured_media":56369,"comment_status":"open","ping_status":"open","sticky":false,"template":"","format":"standard","meta":{"_acf_changed":false,"_monsterinsights_skip_tracking":false,"_monsterinsights_sitenote_active":false,"_monsterinsights_sitenote_note":"","_monsterinsights_sitenote_category":0,"_jetpack_memberships_contains_paid_content":false,"footnotes":"","jetpack_publicize_message":"","jetpack_publicize_feature_enabled":true,"jetpack_social_post_already_shared":false,"jetpack_social_options":{"image_generator_settings":{"template":"highway","default_image_id":0,"font":"","enabled":false},"version":2}},"categories":[4],"tags":[],"class_list":["post-56368","post","type-post","status-publish","format-standard","has-post-thumbnail","hentry","category-local"],"acf":[],"jetpack_publicize_connections":[],"jetpack_featured_media_url":"https:\/\/i0.wp.com\/blogdoeloiltoncajuhy.com.br\/site\/wp-content\/uploads\/2021\/05\/MC_Cidade-da-Revolucao.jpeg?fit=720%2C540&ssl=1","jetpack_sharing_enabled":true,"publishpress_future_workflow_manual_trigger":{"enabledWorkflows":[]},"_links":{"self":[{"href":"https:\/\/blogdoeloiltoncajuhy.com.br\/site\/wp-json\/wp\/v2\/posts\/56368","targetHints":{"allow":["GET"]}}],"collection":[{"href":"https:\/\/blogdoeloiltoncajuhy.com.br\/site\/wp-json\/wp\/v2\/posts"}],"about":[{"href":"https:\/\/blogdoeloiltoncajuhy.com.br\/site\/wp-json\/wp\/v2\/types\/post"}],"author":[{"embeddable":true,"href":"https:\/\/blogdoeloiltoncajuhy.com.br\/site\/wp-json\/wp\/v2\/users\/2"}],"replies":[{"embeddable":true,"href":"https:\/\/blogdoeloiltoncajuhy.com.br\/site\/wp-json\/wp\/v2\/comments?post=56368"}],"version-history":[{"count":2,"href":"https:\/\/blogdoeloiltoncajuhy.com.br\/site\/wp-json\/wp\/v2\/posts\/56368\/revisions"}],"predecessor-version":[{"id":56371,"href":"https:\/\/blogdoeloiltoncajuhy.com.br\/site\/wp-json\/wp\/v2\/posts\/56368\/revisions\/56371"}],"wp:featuredmedia":[{"embeddable":true,"href":"https:\/\/blogdoeloiltoncajuhy.com.br\/site\/wp-json\/wp\/v2\/media\/56369"}],"wp:attachment":[{"href":"https:\/\/blogdoeloiltoncajuhy.com.br\/site\/wp-json\/wp\/v2\/media?parent=56368"}],"wp:term":[{"taxonomy":"category","embeddable":true,"href":"https:\/\/blogdoeloiltoncajuhy.com.br\/site\/wp-json\/wp\/v2\/categories?post=56368"},{"taxonomy":"post_tag","embeddable":true,"href":"https:\/\/blogdoeloiltoncajuhy.com.br\/site\/wp-json\/wp\/v2\/tags?post=56368"}],"curies":[{"name":"wp","href":"https:\/\/api.w.org\/{rel}","templated":true}]}}