{"id":56363,"date":"2021-05-12T08:27:26","date_gmt":"2021-05-12T11:27:26","guid":{"rendered":"http:\/\/blogdoeloiltoncajuhy.com.br\/site\/?p=56363"},"modified":"2021-05-12T08:27:27","modified_gmt":"2021-05-12T11:27:27","slug":"familiares-e-amigos-do-vereador-pablo-campos-assassinado-no-municipio-de-andorinha-realizam-manifestacao-pedindo-justica-para-o-crime","status":"publish","type":"post","link":"https:\/\/blogdoeloiltoncajuhy.com.br\/site\/familiares-e-amigos-do-vereador-pablo-campos-assassinado-no-municipio-de-andorinha-realizam-manifestacao-pedindo-justica-para-o-crime\/","title":{"rendered":"Familiares e amigos do vereador Pablo Campos, assassinado no munic\u00edpio de Andorinha, realizam manifesta\u00e7\u00e3o pedindo justi\u00e7a para o crime"},"content":{"rendered":"\n<div class=\"wp-block-image\"><figure class=\"aligncenter size-large\"><a href=\"https:\/\/i0.wp.com\/blogdoeloiltoncajuhy.com.br\/site\/wp-content\/uploads\/2021\/05\/Manifestacao-Pablo-01.jpg\"><img data-recalc-dims=\"1\" fetchpriority=\"high\" decoding=\"async\" width=\"768\" height=\"512\" src=\"https:\/\/i0.wp.com\/blogdoeloiltoncajuhy.com.br\/site\/wp-content\/uploads\/2021\/05\/Manifestacao-Pablo-01.jpg?resize=768%2C512\" alt=\"\" class=\"wp-image-56364\" srcset=\"https:\/\/i0.wp.com\/blogdoeloiltoncajuhy.com.br\/site\/wp-content\/uploads\/2021\/05\/Manifestacao-Pablo-01.jpg?w=768&amp;ssl=1 768w, https:\/\/i0.wp.com\/blogdoeloiltoncajuhy.com.br\/site\/wp-content\/uploads\/2021\/05\/Manifestacao-Pablo-01.jpg?resize=300%2C200&amp;ssl=1 300w\" sizes=\"(max-width: 768px) 100vw, 768px\" \/><\/a><\/figure><\/div>\n\n\n\n<p>Nessa ter\u00e7a-feira (11) familiares e amigos de Pablo Campos Alves, brutalmente assassinado no \u00faltimo dia 20 de abril, no munic\u00edpio de Andorinha (BA), realizaram uma manifesta\u00e7\u00e3o, na Pra\u00e7a de Eventos da cidade, pedindo que o Estado da Bahia ofere\u00e7a suporte \u00e0 Pol\u00edcia Civil para elucida\u00e7\u00e3o do crime que chocou a regi\u00e3o.<\/p>\n\n\n\n<p><em>\u201cO coordenador Dr. Felipe Neri e o Dr. At\u00edlio T\u00e9rcio, delegado de Andorinha, juntamente com toda a equipe, v\u00eam fazendo um bom trabalho, mas sentimos que eles precisam de mais apoio da Secretaria de Seguran\u00e7a P\u00fablica do Estado da Bahia para intensificar as investiga\u00e7\u00f5es e chegarem at\u00e9 o autor ou atores do assassinato. Foi um crime brutal, que ocorreu em sua pr\u00f3pria casa, encerrando sua vida e deixando nossa fam\u00edlia dilacerada. Clamamos por justi\u00e7a\u201d<\/em>, disse ao PNB, Tatiane Novaes, prima da v\u00edtima.<\/p>\n\n\n\n<p>Pablo Campos, eleito vereador de Andorinha pelo PP, nas \u00faltimas elei\u00e7\u00f5es, estava no seu primeiro mandato e tamb\u00e9m j\u00e1 tinha exercido o cargo de Secret\u00e1rio Municipal de Sa\u00fade.<\/p>\n\n\n\n<p>Ele foi morto a tiros por tr\u00eas homens que chegaram at\u00e9 sua resid\u00eancia, na Fazenda de Alves, povoado de Bananeiras, em um ve\u00edculo Celta preto. Os criminosos fizeram v\u00e1rios disparos contra o vereador, que estava com a namorada e a filha dela no momento do crime, de acordo com a Pol\u00edcia Civil.<\/p>\n\n\n\n<p>Vinte e dois dias ap\u00f3s o assassinato, n\u00e3o se sabe a autoria e a motiva\u00e7\u00e3o do crime, que est\u00e1 sendo investigado pela 19\u00aa Coordenadoria Regional de Pol\u00edcia do Interior (Coorpin\/Senhor do Bonfim).<\/p>\n\n\n\n<div class=\"wp-block-image\"><figure class=\"aligncenter size-large\"><a href=\"https:\/\/i0.wp.com\/blogdoeloiltoncajuhy.com.br\/site\/wp-content\/uploads\/2021\/05\/Manifestacao-Pablo-02.jpg\"><img data-recalc-dims=\"1\" decoding=\"async\" width=\"768\" height=\"512\" src=\"https:\/\/i0.wp.com\/blogdoeloiltoncajuhy.com.br\/site\/wp-content\/uploads\/2021\/05\/Manifestacao-Pablo-02.jpg?resize=768%2C512\" alt=\"\" class=\"wp-image-56365\" srcset=\"https:\/\/i0.wp.com\/blogdoeloiltoncajuhy.com.br\/site\/wp-content\/uploads\/2021\/05\/Manifestacao-Pablo-02.jpg?w=768&amp;ssl=1 768w, https:\/\/i0.wp.com\/blogdoeloiltoncajuhy.com.br\/site\/wp-content\/uploads\/2021\/05\/Manifestacao-Pablo-02.jpg?resize=300%2C200&amp;ssl=1 300w\" sizes=\"(max-width: 768px) 100vw, 768px\" \/><\/a><\/figure><\/div>\n\n\n\n<p>Segundo informa\u00e7\u00f5es obtidas pelo PNB, suspeitou-se, inicialmente, de latroc\u00ednio, roubo seguido de morte, mas, no decorrer das investiga\u00e7\u00f5es, apareceram ind\u00edcios de homic\u00eddio.<\/p>\n\n\n\n<p><em>\u201cN\u00f3s estamos vendo as autoridades municipais trabalharem, mas sei que precisam de mais apoio. \u00c9 isso que pedimos que o estado apoie essa a\u00e7\u00e3o e que Pablo Campos n\u00e3o seja mais um na estat\u00edstica. Queremos justi\u00e7a para quem sabe trazer um pouco de paz para nossa fam\u00edlia\u201d<\/em>, afirmou Tatiane Novaes.<\/p>\n\n\n\n<p>A manifesta\u00e7\u00e3o mobilizou a cidade de Andorinha e contou com a participa\u00e7\u00e3o de familiares da v\u00edtima, vereadores, amigos e funcion\u00e1rios da Secretaria de Sa\u00fade, al\u00e9m do Prefeito de Andorinha, Renato Brand\u00e3o e do Vice Prefeito Jos\u00e9 Vitor Soares.<\/p>\n\n\n\n<p>Na ocasi\u00e3o do crime, a Prefeitura de Andorinha decretou luto oficial de tr\u00eas dias pela morte de Pablo da Sa\u00fade, como era conhecido na cidade.<\/p>\n\n\n\n<p><em>\u201cUm homem que em t\u00e3o pouco tempo de vida fez grande hist\u00f3ria no munic\u00edpio de Andorinha\u201d<\/em>, dizia a nota publicada no perfil da prefeitura no Instagram.<\/p>\n","protected":false},"excerpt":{"rendered":"<p>Nessa ter\u00e7a-feira (11) familiares e amigos de Pablo Campos Alves, brutalmente assassinado no \u00faltimo dia 20 de abril, no munic\u00edpio de Andorinha (BA), realizaram uma manifesta\u00e7\u00e3o, na Pra\u00e7a de Eventos da cidade, pedindo que o Estado da Bahia ofere\u00e7a suporte \u00e0 Pol\u00edcia Civil para elucida\u00e7\u00e3o do crime que chocou a regi\u00e3o. \u201cO coordenador Dr. Felipe [&hellip;]<\/p>\n","protected":false},"author":2,"featured_media":56365,"comment_status":"open","ping_status":"open","sticky":false,"template":"","format":"standard","meta":{"_acf_changed":false,"_monsterinsights_skip_tracking":false,"_monsterinsights_sitenote_active":false,"_monsterinsights_sitenote_note":"","_monsterinsights_sitenote_category":0,"_jetpack_memberships_contains_paid_content":false,"footnotes":"","jetpack_publicize_message":"","jetpack_publicize_feature_enabled":true,"jetpack_social_post_already_shared":false,"jetpack_social_options":{"image_generator_settings":{"template":"highway","default_image_id":0,"font":"","enabled":false},"version":2}},"categories":[15],"tags":[],"class_list":["post-56363","post","type-post","status-publish","format-standard","has-post-thumbnail","hentry","category-policia"],"acf":[],"jetpack_publicize_connections":[],"jetpack_featured_media_url":"https:\/\/i0.wp.com\/blogdoeloiltoncajuhy.com.br\/site\/wp-content\/uploads\/2021\/05\/Manifestacao-Pablo-02.jpg?fit=768%2C512&ssl=1","jetpack_sharing_enabled":true,"publishpress_future_workflow_manual_trigger":{"enabledWorkflows":[]},"_links":{"self":[{"href":"https:\/\/blogdoeloiltoncajuhy.com.br\/site\/wp-json\/wp\/v2\/posts\/56363","targetHints":{"allow":["GET"]}}],"collection":[{"href":"https:\/\/blogdoeloiltoncajuhy.com.br\/site\/wp-json\/wp\/v2\/posts"}],"about":[{"href":"https:\/\/blogdoeloiltoncajuhy.com.br\/site\/wp-json\/wp\/v2\/types\/post"}],"author":[{"embeddable":true,"href":"https:\/\/blogdoeloiltoncajuhy.com.br\/site\/wp-json\/wp\/v2\/users\/2"}],"replies":[{"embeddable":true,"href":"https:\/\/blogdoeloiltoncajuhy.com.br\/site\/wp-json\/wp\/v2\/comments?post=56363"}],"version-history":[{"count":2,"href":"https:\/\/blogdoeloiltoncajuhy.com.br\/site\/wp-json\/wp\/v2\/posts\/56363\/revisions"}],"predecessor-version":[{"id":56367,"href":"https:\/\/blogdoeloiltoncajuhy.com.br\/site\/wp-json\/wp\/v2\/posts\/56363\/revisions\/56367"}],"wp:featuredmedia":[{"embeddable":true,"href":"https:\/\/blogdoeloiltoncajuhy.com.br\/site\/wp-json\/wp\/v2\/media\/56365"}],"wp:attachment":[{"href":"https:\/\/blogdoeloiltoncajuhy.com.br\/site\/wp-json\/wp\/v2\/media?parent=56363"}],"wp:term":[{"taxonomy":"category","embeddable":true,"href":"https:\/\/blogdoeloiltoncajuhy.com.br\/site\/wp-json\/wp\/v2\/categories?post=56363"},{"taxonomy":"post_tag","embeddable":true,"href":"https:\/\/blogdoeloiltoncajuhy.com.br\/site\/wp-json\/wp\/v2\/tags?post=56363"}],"curies":[{"name":"wp","href":"https:\/\/api.w.org\/{rel}","templated":true}]}}