{"id":56359,"date":"2021-05-12T07:51:59","date_gmt":"2021-05-12T10:51:59","guid":{"rendered":"http:\/\/blogdoeloiltoncajuhy.com.br\/site\/?p=56359"},"modified":"2021-05-12T07:52:00","modified_gmt":"2021-05-12T10:52:00","slug":"funcionamento-de-espacos-culturais-na-bahia-e-liberado","status":"publish","type":"post","link":"https:\/\/blogdoeloiltoncajuhy.com.br\/site\/funcionamento-de-espacos-culturais-na-bahia-e-liberado\/","title":{"rendered":"Funcionamento de espa\u00e7os culturais na Bahia \u00e9 liberado"},"content":{"rendered":"\n<h5 class=\"has-text-align-center wp-block-heading\"><em>Foi autorizado o funcionamento de espa\u00e7os culturais em munic\u00edpios baianos integrantes de regi\u00e3o de sa\u00fade onde a taxa de ocupa\u00e7\u00e3o de leitos de UTI se mantenha igual ou inferior a 75%, por cinco dias consecutivos<\/em><\/h5>\n\n\n\n<div class=\"wp-block-image\"><figure class=\"aligncenter size-large\"><a href=\"https:\/\/i0.wp.com\/blogdoeloiltoncajuhy.com.br\/site\/wp-content\/uploads\/2021\/05\/Espaco-Cultura.jpg\"><img data-recalc-dims=\"1\" fetchpriority=\"high\" decoding=\"async\" width=\"800\" height=\"532\" src=\"https:\/\/i0.wp.com\/blogdoeloiltoncajuhy.com.br\/site\/wp-content\/uploads\/2021\/05\/Espaco-Cultura.jpg?resize=800%2C532\" alt=\"\" class=\"wp-image-56360\" srcset=\"https:\/\/i0.wp.com\/blogdoeloiltoncajuhy.com.br\/site\/wp-content\/uploads\/2021\/05\/Espaco-Cultura.jpg?w=984&amp;ssl=1 984w, https:\/\/i0.wp.com\/blogdoeloiltoncajuhy.com.br\/site\/wp-content\/uploads\/2021\/05\/Espaco-Cultura.jpg?resize=300%2C199&amp;ssl=1 300w, https:\/\/i0.wp.com\/blogdoeloiltoncajuhy.com.br\/site\/wp-content\/uploads\/2021\/05\/Espaco-Cultura.jpg?resize=768%2C510&amp;ssl=1 768w\" sizes=\"(max-width: 800px) 100vw, 800px\" \/><\/a><figcaption><em><sub>Funcionamento de espa\u00e7os culturais na Bahia \u00e9 liberado \u2014 Foto: Divulga\u00e7\u00e3o<\/sub><\/em><\/figcaption><\/figure><\/div>\n\n\n\n<p>O funcionamento de espa\u00e7os culturais na Bahia foi liberado, segundo informa\u00e7\u00f5es divulgadas na noite desta ter\u00e7a-feira (11), pelo governo.<\/p>\n\n\n\n<p>Segundo informa\u00e7\u00f5es do governo, foi autorizado o funcionamento de espa\u00e7os culturais em munic\u00edpios baianos integrantes de regi\u00e3o de sa\u00fade onde a taxa de ocupa\u00e7\u00e3o de leitos de UTI se mantenha igual ou inferior a 75%, por cinco dias consecutivos.<\/p>\n\n\n\n<p>A decis\u00e3o ser\u00e1 publicada em decreto no Di\u00e1rio Oficial do Estado (DOE) desta quarta-feira (12). Os espa\u00e7os culturais desses munic\u00edpios podem realizar atividades art\u00edsticas, sem a participa\u00e7\u00e3o de p\u00fablico, para transmiss\u00e3o ao vivo ou grava\u00e7\u00e3o para posterior exibi\u00e7\u00e3o, obedecidos os protocolos sanit\u00e1rios estabelecidos.<\/p>\n","protected":false},"excerpt":{"rendered":"<p>Foi autorizado o funcionamento de espa\u00e7os culturais em munic\u00edpios baianos integrantes de regi\u00e3o de sa\u00fade onde a taxa de ocupa\u00e7\u00e3o de leitos de UTI se mantenha igual ou inferior a 75%, por cinco dias consecutivos O funcionamento de espa\u00e7os culturais na Bahia foi liberado, segundo informa\u00e7\u00f5es divulgadas na noite desta ter\u00e7a-feira (11), pelo governo. Segundo [&hellip;]<\/p>\n","protected":false},"author":2,"featured_media":56360,"comment_status":"open","ping_status":"open","sticky":false,"template":"","format":"standard","meta":{"_acf_changed":false,"_monsterinsights_skip_tracking":false,"_monsterinsights_sitenote_active":false,"_monsterinsights_sitenote_note":"","_monsterinsights_sitenote_category":0,"_jetpack_memberships_contains_paid_content":false,"footnotes":"","jetpack_publicize_message":"","jetpack_publicize_feature_enabled":true,"jetpack_social_post_already_shared":false,"jetpack_social_options":{"image_generator_settings":{"template":"highway","default_image_id":0,"font":"","enabled":false},"version":2}},"categories":[8],"tags":[],"class_list":["post-56359","post","type-post","status-publish","format-standard","has-post-thumbnail","hentry","category-cultura"],"acf":[],"jetpack_publicize_connections":[],"jetpack_featured_media_url":"https:\/\/i0.wp.com\/blogdoeloiltoncajuhy.com.br\/site\/wp-content\/uploads\/2021\/05\/Espaco-Cultura.jpg?fit=984%2C654&ssl=1","jetpack_sharing_enabled":true,"publishpress_future_workflow_manual_trigger":{"enabledWorkflows":[]},"_links":{"self":[{"href":"https:\/\/blogdoeloiltoncajuhy.com.br\/site\/wp-json\/wp\/v2\/posts\/56359","targetHints":{"allow":["GET"]}}],"collection":[{"href":"https:\/\/blogdoeloiltoncajuhy.com.br\/site\/wp-json\/wp\/v2\/posts"}],"about":[{"href":"https:\/\/blogdoeloiltoncajuhy.com.br\/site\/wp-json\/wp\/v2\/types\/post"}],"author":[{"embeddable":true,"href":"https:\/\/blogdoeloiltoncajuhy.com.br\/site\/wp-json\/wp\/v2\/users\/2"}],"replies":[{"embeddable":true,"href":"https:\/\/blogdoeloiltoncajuhy.com.br\/site\/wp-json\/wp\/v2\/comments?post=56359"}],"version-history":[{"count":2,"href":"https:\/\/blogdoeloiltoncajuhy.com.br\/site\/wp-json\/wp\/v2\/posts\/56359\/revisions"}],"predecessor-version":[{"id":56362,"href":"https:\/\/blogdoeloiltoncajuhy.com.br\/site\/wp-json\/wp\/v2\/posts\/56359\/revisions\/56362"}],"wp:featuredmedia":[{"embeddable":true,"href":"https:\/\/blogdoeloiltoncajuhy.com.br\/site\/wp-json\/wp\/v2\/media\/56360"}],"wp:attachment":[{"href":"https:\/\/blogdoeloiltoncajuhy.com.br\/site\/wp-json\/wp\/v2\/media?parent=56359"}],"wp:term":[{"taxonomy":"category","embeddable":true,"href":"https:\/\/blogdoeloiltoncajuhy.com.br\/site\/wp-json\/wp\/v2\/categories?post=56359"},{"taxonomy":"post_tag","embeddable":true,"href":"https:\/\/blogdoeloiltoncajuhy.com.br\/site\/wp-json\/wp\/v2\/tags?post=56359"}],"curies":[{"name":"wp","href":"https:\/\/api.w.org\/{rel}","templated":true}]}}