{"id":56331,"date":"2021-05-10T21:47:52","date_gmt":"2021-05-11T00:47:52","guid":{"rendered":"http:\/\/blogdoeloiltoncajuhy.com.br\/site\/?p=56331"},"modified":"2021-05-10T21:47:53","modified_gmt":"2021-05-11T00:47:53","slug":"sinos-da-basilica-do-senhor-do-bonfim-em-salvador-voltam-a-tocar-nesta-semana-veja-detalhes","status":"publish","type":"post","link":"https:\/\/blogdoeloiltoncajuhy.com.br\/site\/sinos-da-basilica-do-senhor-do-bonfim-em-salvador-voltam-a-tocar-nesta-semana-veja-detalhes\/","title":{"rendered":"Sinos da Bas\u00edlica do Senhor do Bonfim, em Salvador, voltam a tocar nesta semana; veja detalhes"},"content":{"rendered":"\n<h5 class=\"has-text-align-center wp-block-heading\"><em>Uma missa ser\u00e1 celebrada para marcar a retomada dos sinos, mas a entrada ser\u00e1 restrita por causa da pandemia. A celebra\u00e7\u00e3o ser\u00e1 transmitida ao vivo nas redes sociais da Igreja e da Setur<\/em><\/h5>\n\n\n\n<div class=\"wp-block-image\"><figure class=\"aligncenter size-large\"><a href=\"https:\/\/i0.wp.com\/blogdoeloiltoncajuhy.com.br\/site\/wp-content\/uploads\/2021\/05\/SSA_Basilica-do-Bonfim.jpg\"><img data-recalc-dims=\"1\" fetchpriority=\"high\" decoding=\"async\" width=\"800\" height=\"450\" src=\"https:\/\/i0.wp.com\/blogdoeloiltoncajuhy.com.br\/site\/wp-content\/uploads\/2021\/05\/SSA_Basilica-do-Bonfim.jpg?resize=800%2C450\" alt=\"\" class=\"wp-image-56332\" srcset=\"https:\/\/i0.wp.com\/blogdoeloiltoncajuhy.com.br\/site\/wp-content\/uploads\/2021\/05\/SSA_Basilica-do-Bonfim.jpg?w=984&amp;ssl=1 984w, https:\/\/i0.wp.com\/blogdoeloiltoncajuhy.com.br\/site\/wp-content\/uploads\/2021\/05\/SSA_Basilica-do-Bonfim.jpg?resize=300%2C169&amp;ssl=1 300w, https:\/\/i0.wp.com\/blogdoeloiltoncajuhy.com.br\/site\/wp-content\/uploads\/2021\/05\/SSA_Basilica-do-Bonfim.jpg?resize=768%2C432&amp;ssl=1 768w\" sizes=\"(max-width: 800px) 100vw, 800px\" \/><\/a><figcaption><em><sub>Sinos da Igreja do Senhor do Bonfim v\u00e3o voltar a tocar nesta semana em Salvador \u2014 Foto: Reprodu\u00e7\u00e3o \/ TV Bahia<\/sub><\/em><\/figcaption><\/figure><\/div>\n\n\n\n<p>Os quatro sinos da Bas\u00edlica Santu\u00e1rio do Senhor do Bonfim, na regi\u00e3o da Cidade Baixa, em Salvador, ser\u00e3o reinaugurados e v\u00e3o voltar a tocar na pr\u00f3xima quinta-feira (13), \u00e0s 9h, segundo informa\u00e7\u00f5es da Secretaria de Turismo da Bahia (Setur).<\/p>\n\n\n\n<p>Uma missa ser\u00e1 celebrada para marcar a retomada, contudo, por causa da pandemia, a entrada de pessoas ser\u00e1 restrita. A celebra\u00e7\u00e3o ser\u00e1 transmitida ao vivo nas redes sociais da Igreja e da Setur. No dia da reativa\u00e7\u00e3o, outras igrejas do Centro Hist\u00f3rico de Salvador tamb\u00e9m v\u00e3o tocar os sinos.<\/p>\n\n\n\n<p>De acordo com a Setur, os sinos da Bas\u00edlica tocavam apenas em cerim\u00f4nias especiais, missas e festejos. No decorrer do s\u00e9culo XX o n\u00famero de badaladas foi diminuindo, e nos \u00faltimos anos, somente um deles funcionava.<\/p>\n\n\n\n<p>Ap\u00f3s d\u00e9cadas parados, os quatro sinos da Igreja voltar\u00e3o a tocar juntos. Eles foram revitalizados por meio de um projeto da Setur, que conta com a parceria da iniciativa privada. Ao todo, a iniciativa j\u00e1 viabilizou a restaura\u00e7\u00e3o de sinos em nove igrejas de Salvador, incluindo a da Colina Sagrada.<\/p>\n","protected":false},"excerpt":{"rendered":"<p>Uma missa ser\u00e1 celebrada para marcar a retomada dos sinos, mas a entrada ser\u00e1 restrita por causa da pandemia. A celebra\u00e7\u00e3o ser\u00e1 transmitida ao vivo nas redes sociais da Igreja e da Setur Os quatro sinos da Bas\u00edlica Santu\u00e1rio do Senhor do Bonfim, na regi\u00e3o da Cidade Baixa, em Salvador, ser\u00e3o reinaugurados e v\u00e3o voltar [&hellip;]<\/p>\n","protected":false},"author":2,"featured_media":56332,"comment_status":"open","ping_status":"open","sticky":false,"template":"","format":"standard","meta":{"_acf_changed":false,"_monsterinsights_skip_tracking":false,"_monsterinsights_sitenote_active":false,"_monsterinsights_sitenote_note":"","_monsterinsights_sitenote_category":0,"_jetpack_memberships_contains_paid_content":false,"footnotes":"","jetpack_publicize_message":"","jetpack_publicize_feature_enabled":true,"jetpack_social_post_already_shared":false,"jetpack_social_options":{"image_generator_settings":{"template":"highway","default_image_id":0,"font":"","enabled":false},"version":2}},"categories":[1],"tags":[],"class_list":["post-56331","post","type-post","status-publish","format-standard","has-post-thumbnail","hentry","category-noticias"],"acf":[],"jetpack_publicize_connections":[],"jetpack_featured_media_url":"https:\/\/i0.wp.com\/blogdoeloiltoncajuhy.com.br\/site\/wp-content\/uploads\/2021\/05\/SSA_Basilica-do-Bonfim.jpg?fit=984%2C554&ssl=1","jetpack_sharing_enabled":true,"publishpress_future_workflow_manual_trigger":{"enabledWorkflows":[]},"_links":{"self":[{"href":"https:\/\/blogdoeloiltoncajuhy.com.br\/site\/wp-json\/wp\/v2\/posts\/56331","targetHints":{"allow":["GET"]}}],"collection":[{"href":"https:\/\/blogdoeloiltoncajuhy.com.br\/site\/wp-json\/wp\/v2\/posts"}],"about":[{"href":"https:\/\/blogdoeloiltoncajuhy.com.br\/site\/wp-json\/wp\/v2\/types\/post"}],"author":[{"embeddable":true,"href":"https:\/\/blogdoeloiltoncajuhy.com.br\/site\/wp-json\/wp\/v2\/users\/2"}],"replies":[{"embeddable":true,"href":"https:\/\/blogdoeloiltoncajuhy.com.br\/site\/wp-json\/wp\/v2\/comments?post=56331"}],"version-history":[{"count":2,"href":"https:\/\/blogdoeloiltoncajuhy.com.br\/site\/wp-json\/wp\/v2\/posts\/56331\/revisions"}],"predecessor-version":[{"id":56334,"href":"https:\/\/blogdoeloiltoncajuhy.com.br\/site\/wp-json\/wp\/v2\/posts\/56331\/revisions\/56334"}],"wp:featuredmedia":[{"embeddable":true,"href":"https:\/\/blogdoeloiltoncajuhy.com.br\/site\/wp-json\/wp\/v2\/media\/56332"}],"wp:attachment":[{"href":"https:\/\/blogdoeloiltoncajuhy.com.br\/site\/wp-json\/wp\/v2\/media?parent=56331"}],"wp:term":[{"taxonomy":"category","embeddable":true,"href":"https:\/\/blogdoeloiltoncajuhy.com.br\/site\/wp-json\/wp\/v2\/categories?post=56331"},{"taxonomy":"post_tag","embeddable":true,"href":"https:\/\/blogdoeloiltoncajuhy.com.br\/site\/wp-json\/wp\/v2\/tags?post=56331"}],"curies":[{"name":"wp","href":"https:\/\/api.w.org\/{rel}","templated":true}]}}