{"id":56326,"date":"2021-05-10T21:25:32","date_gmt":"2021-05-11T00:25:32","guid":{"rendered":"http:\/\/blogdoeloiltoncajuhy.com.br\/site\/?p=56326"},"modified":"2021-05-10T21:25:34","modified_gmt":"2021-05-11T00:25:34","slug":"tremores-de-terra-sao-registrados-em-jacobina-cidade-contabiliza-10-abalos-no-ano","status":"publish","type":"post","link":"https:\/\/blogdoeloiltoncajuhy.com.br\/site\/tremores-de-terra-sao-registrados-em-jacobina-cidade-contabiliza-10-abalos-no-ano\/","title":{"rendered":"Tremores de terra s\u00e3o registrados em Jacobina; cidade contabiliza 10 abalos no ano"},"content":{"rendered":"\n<h5 class=\"has-text-align-center wp-block-heading\"><em>Outros abalos s\u00edsmicos foram registrados nos meses de fevereiro e mar\u00e7o deste ano. Moradores n\u00e3o sentiram tremor desta segunda<\/em><\/h5>\n\n\n\n<div class=\"wp-block-image\"><figure class=\"aligncenter size-large\"><a href=\"https:\/\/i0.wp.com\/blogdoeloiltoncajuhy.com.br\/site\/wp-content\/uploads\/2021\/05\/AbaloSismicoJacobina.jpg\"><img data-recalc-dims=\"1\" fetchpriority=\"high\" decoding=\"async\" width=\"800\" height=\"495\" src=\"https:\/\/i0.wp.com\/blogdoeloiltoncajuhy.com.br\/site\/wp-content\/uploads\/2021\/05\/AbaloSismicoJacobina.jpg?resize=800%2C495\" alt=\"\" class=\"wp-image-56327\" srcset=\"https:\/\/i0.wp.com\/blogdoeloiltoncajuhy.com.br\/site\/wp-content\/uploads\/2021\/05\/AbaloSismicoJacobina.jpg?w=984&amp;ssl=1 984w, https:\/\/i0.wp.com\/blogdoeloiltoncajuhy.com.br\/site\/wp-content\/uploads\/2021\/05\/AbaloSismicoJacobina.jpg?resize=300%2C186&amp;ssl=1 300w, https:\/\/i0.wp.com\/blogdoeloiltoncajuhy.com.br\/site\/wp-content\/uploads\/2021\/05\/AbaloSismicoJacobina.jpg?resize=768%2C475&amp;ssl=1 768w\" sizes=\"(max-width: 800px) 100vw, 800px\" \/><\/a><figcaption><em><sub>Tremor de terra \u00e9 registrado na cidade de Jacobina, no norte da Bahia \u2014 Foto: Divulga\u00e7\u00e3o \/ LabSis<\/sub><\/em><\/figcaption><\/figure><\/div>\n\n\n\n<p>Dois tremores de terra de magnitude preliminar de 2.0mR foram registrados na cidade de Jacobina, na manh\u00e3 desta segunda-feira (10). A identifica\u00e7\u00e3o foi feita pelo Laborat\u00f3rio Sismol\u00f3gico da Universidade Federal do Rio Grande do Norte (LabSis). Este foi o d\u00e9cimo abalo s\u00edsmico registrado no munic\u00edpio somente este ano.<\/p>\n\n\n\n<p>Segundo o LabSis, os eventos aconteceram \u00e0s 9h40 e 10h45. At\u00e9 a publica\u00e7\u00e3o desta reportagem, o laborat\u00f3rio n\u00e3o recebeu a informa\u00e7\u00e3o de que moradores da regi\u00e3o escutaram ou sentiram o tremor de terra.<\/p>\n\n\n\n<p>O LabSis informou ainda que segue o monitoramento cont\u00ednuo de eventos s\u00edsmicos e tem informado a Defesa Civil sobre as ocorr\u00eancias. Ao G1, o laborat\u00f3rio informou que houveram dois tremores em janeiro e fevereiro, tr\u00eas em mar\u00e7o, um em abril e dois em maio.<\/p>\n\n\n\n<p>Entre fevereiro e mar\u00e7o deste ano, pelo quatro abalos foram registrados no munic\u00edpio. No dia 18 de mar\u00e7o, dois tremores, com magnitude de 2.2 mR e 1.7 mR, ocorreram em Jacobina. Em 3 de fevereiro, mais um abalo, desta vez de 2.7 mR, ocorreu na regi\u00e3o. Este, de intensidade mais alta, chegou a ser escutado pelos moradores da cidade.<\/p>\n\n\n\n<p>Abaixo de 2 mR, os tremores s\u00e3o captados somente pelos sism\u00f3grafos. Entre 2.1 e 4 pontos de magnitude, o impacto \u00e9 semelhante \u00e0 passagem de um ve\u00edculo pesado.<\/p>\n\n\n\n<div class=\"wp-block-image\"><figure class=\"aligncenter size-large\"><a href=\"https:\/\/i0.wp.com\/blogdoeloiltoncajuhy.com.br\/site\/wp-content\/uploads\/2021\/05\/Jacobina.jpg\"><img data-recalc-dims=\"1\" decoding=\"async\" width=\"800\" height=\"502\" src=\"https:\/\/i0.wp.com\/blogdoeloiltoncajuhy.com.br\/site\/wp-content\/uploads\/2021\/05\/Jacobina.jpg?resize=800%2C502\" alt=\"\" class=\"wp-image-56328\" srcset=\"https:\/\/i0.wp.com\/blogdoeloiltoncajuhy.com.br\/site\/wp-content\/uploads\/2021\/05\/Jacobina.jpg?w=984&amp;ssl=1 984w, https:\/\/i0.wp.com\/blogdoeloiltoncajuhy.com.br\/site\/wp-content\/uploads\/2021\/05\/Jacobina.jpg?resize=300%2C188&amp;ssl=1 300w, https:\/\/i0.wp.com\/blogdoeloiltoncajuhy.com.br\/site\/wp-content\/uploads\/2021\/05\/Jacobina.jpg?resize=768%2C482&amp;ssl=1 768w\" sizes=\"(max-width: 800px) 100vw, 800px\" \/><\/a><figcaption><em><sub>Novo tremor de terra \u00e9 registrado em Jacobina \u2014 Foto: Reprodu\u00e7\u00e3o\/TV Bahia<\/sub><\/em><\/figcaption><\/figure><\/div>\n\n\n\n<p>O \u00faltimo abalo s\u00edsmico registrado em Jacobina aconteceu no dia 30 de mar\u00e7o e foi um tremor de terra de magnitude preliminar de 1.2mR, considerado de intensidade baixa. A esta\u00e7\u00e3o que mede os abalos s\u00edsmicos localizada mais perto de Jacobina est\u00e1 instalada na cidade de Ponto Novo, cerca de 60 km distante.<\/p>\n\n\n\n<p>Em entrevista ao podcast &#8220;Eu Te Explico&#8221;, do G1 BA, o coordenador do LabSis, Aderson Nascimento, falou sobre a frequ\u00eancia dos abalos na Bahia.<\/p>\n\n\n\n<p><em>&#8220;Em m\u00e9dia, n\u00e3o existe raz\u00e3o nenhuma pra gente pensar que a sismicidade de uma hora pra outra ela aumenta. Ela aumenta e diminui. Quando voc\u00ea pega um certo intervalo de tempo, em m\u00e9dia, \u00e9 sempre a mesma. N\u00e3o tem nenhuma raz\u00e3o para pensar que ela aumentou. O que aumentou, de fato, isso \u00e9 not\u00e1vel, \u00e9 a nossa capacidade de monitoramento e detec\u00e7\u00e3o&#8221;<\/em>.<\/p>\n","protected":false},"excerpt":{"rendered":"<p>Outros abalos s\u00edsmicos foram registrados nos meses de fevereiro e mar\u00e7o deste ano. Moradores n\u00e3o sentiram tremor desta segunda Dois tremores de terra de magnitude preliminar de 2.0mR foram registrados na cidade de Jacobina, na manh\u00e3 desta segunda-feira (10). A identifica\u00e7\u00e3o foi feita pelo Laborat\u00f3rio Sismol\u00f3gico da Universidade Federal do Rio Grande do Norte (LabSis). [&hellip;]<\/p>\n","protected":false},"author":2,"featured_media":56328,"comment_status":"open","ping_status":"open","sticky":false,"template":"","format":"standard","meta":{"_acf_changed":false,"_monsterinsights_skip_tracking":false,"_monsterinsights_sitenote_active":false,"_monsterinsights_sitenote_note":"","_monsterinsights_sitenote_category":0,"_jetpack_memberships_contains_paid_content":false,"footnotes":"","jetpack_publicize_message":"","jetpack_publicize_feature_enabled":true,"jetpack_social_post_already_shared":false,"jetpack_social_options":{"image_generator_settings":{"template":"highway","default_image_id":0,"font":"","enabled":false},"version":2}},"categories":[11],"tags":[],"class_list":["post-56326","post","type-post","status-publish","format-standard","has-post-thumbnail","hentry","category-regional"],"acf":[],"jetpack_publicize_connections":[],"jetpack_featured_media_url":"https:\/\/i0.wp.com\/blogdoeloiltoncajuhy.com.br\/site\/wp-content\/uploads\/2021\/05\/Jacobina.jpg?fit=984%2C617&ssl=1","jetpack_sharing_enabled":true,"publishpress_future_workflow_manual_trigger":{"enabledWorkflows":[]},"_links":{"self":[{"href":"https:\/\/blogdoeloiltoncajuhy.com.br\/site\/wp-json\/wp\/v2\/posts\/56326","targetHints":{"allow":["GET"]}}],"collection":[{"href":"https:\/\/blogdoeloiltoncajuhy.com.br\/site\/wp-json\/wp\/v2\/posts"}],"about":[{"href":"https:\/\/blogdoeloiltoncajuhy.com.br\/site\/wp-json\/wp\/v2\/types\/post"}],"author":[{"embeddable":true,"href":"https:\/\/blogdoeloiltoncajuhy.com.br\/site\/wp-json\/wp\/v2\/users\/2"}],"replies":[{"embeddable":true,"href":"https:\/\/blogdoeloiltoncajuhy.com.br\/site\/wp-json\/wp\/v2\/comments?post=56326"}],"version-history":[{"count":2,"href":"https:\/\/blogdoeloiltoncajuhy.com.br\/site\/wp-json\/wp\/v2\/posts\/56326\/revisions"}],"predecessor-version":[{"id":56330,"href":"https:\/\/blogdoeloiltoncajuhy.com.br\/site\/wp-json\/wp\/v2\/posts\/56326\/revisions\/56330"}],"wp:featuredmedia":[{"embeddable":true,"href":"https:\/\/blogdoeloiltoncajuhy.com.br\/site\/wp-json\/wp\/v2\/media\/56328"}],"wp:attachment":[{"href":"https:\/\/blogdoeloiltoncajuhy.com.br\/site\/wp-json\/wp\/v2\/media?parent=56326"}],"wp:term":[{"taxonomy":"category","embeddable":true,"href":"https:\/\/blogdoeloiltoncajuhy.com.br\/site\/wp-json\/wp\/v2\/categories?post=56326"},{"taxonomy":"post_tag","embeddable":true,"href":"https:\/\/blogdoeloiltoncajuhy.com.br\/site\/wp-json\/wp\/v2\/tags?post=56326"}],"curies":[{"name":"wp","href":"https:\/\/api.w.org\/{rel}","templated":true}]}}