{"id":56318,"date":"2021-05-10T10:47:38","date_gmt":"2021-05-10T13:47:38","guid":{"rendered":"http:\/\/blogdoeloiltoncajuhy.com.br\/site\/?p=56318"},"modified":"2021-05-10T10:47:39","modified_gmt":"2021-05-10T13:47:39","slug":"biontech-ate-o-momento-vacina-da-pfizer-funciona-contra-variantes-do-sars-cov-2","status":"publish","type":"post","link":"https:\/\/blogdoeloiltoncajuhy.com.br\/site\/biontech-ate-o-momento-vacina-da-pfizer-funciona-contra-variantes-do-sars-cov-2\/","title":{"rendered":"BioNTech: at\u00e9 o momento, vacina da Pfizer funciona contra variantes do Sars-CoV-2"},"content":{"rendered":"\n<h5 class=\"has-text-align-center wp-block-heading\"><em>Segundo farmac\u00eautica, imunizante n\u00e3o precisa ser modificado e empresas j\u00e1 estudam vers\u00e3o para caso o v\u00edrus mude &#8216;o suficiente&#8217; para exigir atualiza\u00e7\u00e3o<\/em><\/h5>\n\n\n\n<div class=\"wp-block-image\"><figure class=\"aligncenter size-large\"><a href=\"https:\/\/i0.wp.com\/blogdoeloiltoncajuhy.com.br\/site\/wp-content\/uploads\/2021\/05\/Corona_Vacina_Pfizer-BioNTech.jpg\"><img data-recalc-dims=\"1\" fetchpriority=\"high\" decoding=\"async\" width=\"800\" height=\"480\" src=\"https:\/\/i0.wp.com\/blogdoeloiltoncajuhy.com.br\/site\/wp-content\/uploads\/2021\/05\/Corona_Vacina_Pfizer-BioNTech.jpg?resize=800%2C480\" alt=\"\" class=\"wp-image-56319\" srcset=\"https:\/\/i0.wp.com\/blogdoeloiltoncajuhy.com.br\/site\/wp-content\/uploads\/2021\/05\/Corona_Vacina_Pfizer-BioNTech.jpg?resize=1024%2C615&amp;ssl=1 1024w, https:\/\/i0.wp.com\/blogdoeloiltoncajuhy.com.br\/site\/wp-content\/uploads\/2021\/05\/Corona_Vacina_Pfizer-BioNTech.jpg?resize=300%2C180&amp;ssl=1 300w, https:\/\/i0.wp.com\/blogdoeloiltoncajuhy.com.br\/site\/wp-content\/uploads\/2021\/05\/Corona_Vacina_Pfizer-BioNTech.jpg?resize=768%2C461&amp;ssl=1 768w, https:\/\/i0.wp.com\/blogdoeloiltoncajuhy.com.br\/site\/wp-content\/uploads\/2021\/05\/Corona_Vacina_Pfizer-BioNTech.jpg?w=1086&amp;ssl=1 1086w\" sizes=\"(max-width: 800px) 100vw, 800px\" \/><\/a><figcaption><em><sub>Frasco de vacina contra a Covid-19 da Pfizer\/BioNTech | Foto: BERTRAND GUAY \/ AFP<\/sub><\/em><\/figcaption><\/figure><\/div>\n\n\n\n<p>A farmac\u00eautica alem\u00e3 BioNTech anunciou nesta segunda-feira (10) que n\u00e3o h\u00e1 nenhuma evid\u00eancia de que sua vacina contra a Covid-19, desenvolvida em conjunto com a Pfizer, precise de modifica\u00e7\u00f5es para ser eficaz contra variantes do coronav\u00edrus.<\/p>\n\n\n\n<p><em>&#8220;At\u00e9 o momento, n\u00e3o h\u00e1 evid\u00eancia de que uma adapta\u00e7\u00e3o da atual vacina contra o coronav\u00edrus da BioNTech contra as variantes identificadas seja necess\u00e1ria&#8221;<\/em>, disse a empresa em um comunicado.<\/p>\n\n\n\n<p>No entanto, em mar\u00e7o, a BioNTech anunciou que come\u00e7ou a testar uma <em>&#8220;vers\u00e3o modificada e espec\u00edfica para uma variante&#8221;<\/em>, antecipando a necessidade de, em algum momento, fazer ajustes em sua vacina atual.<\/p>\n\n\n\n<p><em>&#8220;Este estudo visa explorar o caminho regulat\u00f3rio que a BioNTech e a Pfizer ter\u00e3o que seguir se o v\u00edrus SARS-CoV-2 mudar o suficiente para exigir uma vacina atualizada&#8221;<\/em>, informou a empresa.<\/p>\n\n\n\n<p>H\u00e1 tamb\u00e9m uma avalia\u00e7\u00e3o cont\u00ednua do impacto de uma poss\u00edvel terceira dose da vacina para estender a imunidade e proteger contra variantes do v\u00edrus.<\/p>\n\n\n\n<p>O fundador e diretor da BioNTech, Ugur Sahin, disse em abril que o imunizante protege contra a variante indiana do coronav\u00edrus.<\/p>\n\n\n\n<p>A vacina da Pfizer\/BioNTech foi a primeira a ser licenciada nos pa\u00edses ocidentais e atualmente \u00e9 aplicada em mais de 90 pa\u00edses, incluindo o Brasil, que recebeu as primeiras doses do imunizante no dia 29 de abril.<\/p>\n\n\n\n<p>O Minist\u00e9rio da Sa\u00fade anunciou que vai distribuir um novo lote com 1,12 milh\u00e3o de doses da vacina da Pfizer\/BioNTech aos estados a partir desta segunda-feira.<\/p>\n","protected":false},"excerpt":{"rendered":"<p>Segundo farmac\u00eautica, imunizante n\u00e3o precisa ser modificado e empresas j\u00e1 estudam vers\u00e3o para caso o v\u00edrus mude &#8216;o suficiente&#8217; para exigir atualiza\u00e7\u00e3o A farmac\u00eautica alem\u00e3 BioNTech anunciou nesta segunda-feira (10) que n\u00e3o h\u00e1 nenhuma evid\u00eancia de que sua vacina contra a Covid-19, desenvolvida em conjunto com a Pfizer, precise de modifica\u00e7\u00f5es para ser eficaz contra [&hellip;]<\/p>\n","protected":false},"author":2,"featured_media":56319,"comment_status":"open","ping_status":"open","sticky":false,"template":"","format":"standard","meta":{"_acf_changed":false,"_monsterinsights_skip_tracking":false,"_monsterinsights_sitenote_active":false,"_monsterinsights_sitenote_note":"","_monsterinsights_sitenote_category":0,"_jetpack_memberships_contains_paid_content":false,"footnotes":"","jetpack_publicize_message":"","jetpack_publicize_feature_enabled":true,"jetpack_social_post_already_shared":false,"jetpack_social_options":{"image_generator_settings":{"template":"highway","default_image_id":0,"font":"","enabled":false},"version":2}},"categories":[7],"tags":[],"class_list":["post-56318","post","type-post","status-publish","format-standard","has-post-thumbnail","hentry","category-saude"],"acf":[],"jetpack_publicize_connections":[],"jetpack_featured_media_url":"https:\/\/i0.wp.com\/blogdoeloiltoncajuhy.com.br\/site\/wp-content\/uploads\/2021\/05\/Corona_Vacina_Pfizer-BioNTech.jpg?fit=1086%2C652&ssl=1","jetpack_sharing_enabled":true,"publishpress_future_workflow_manual_trigger":{"enabledWorkflows":[]},"_links":{"self":[{"href":"https:\/\/blogdoeloiltoncajuhy.com.br\/site\/wp-json\/wp\/v2\/posts\/56318","targetHints":{"allow":["GET"]}}],"collection":[{"href":"https:\/\/blogdoeloiltoncajuhy.com.br\/site\/wp-json\/wp\/v2\/posts"}],"about":[{"href":"https:\/\/blogdoeloiltoncajuhy.com.br\/site\/wp-json\/wp\/v2\/types\/post"}],"author":[{"embeddable":true,"href":"https:\/\/blogdoeloiltoncajuhy.com.br\/site\/wp-json\/wp\/v2\/users\/2"}],"replies":[{"embeddable":true,"href":"https:\/\/blogdoeloiltoncajuhy.com.br\/site\/wp-json\/wp\/v2\/comments?post=56318"}],"version-history":[{"count":2,"href":"https:\/\/blogdoeloiltoncajuhy.com.br\/site\/wp-json\/wp\/v2\/posts\/56318\/revisions"}],"predecessor-version":[{"id":56321,"href":"https:\/\/blogdoeloiltoncajuhy.com.br\/site\/wp-json\/wp\/v2\/posts\/56318\/revisions\/56321"}],"wp:featuredmedia":[{"embeddable":true,"href":"https:\/\/blogdoeloiltoncajuhy.com.br\/site\/wp-json\/wp\/v2\/media\/56319"}],"wp:attachment":[{"href":"https:\/\/blogdoeloiltoncajuhy.com.br\/site\/wp-json\/wp\/v2\/media?parent=56318"}],"wp:term":[{"taxonomy":"category","embeddable":true,"href":"https:\/\/blogdoeloiltoncajuhy.com.br\/site\/wp-json\/wp\/v2\/categories?post=56318"},{"taxonomy":"post_tag","embeddable":true,"href":"https:\/\/blogdoeloiltoncajuhy.com.br\/site\/wp-json\/wp\/v2\/tags?post=56318"}],"curies":[{"name":"wp","href":"https:\/\/api.w.org\/{rel}","templated":true}]}}