{"id":56315,"date":"2021-05-10T09:12:16","date_gmt":"2021-05-10T12:12:16","guid":{"rendered":"http:\/\/blogdoeloiltoncajuhy.com.br\/site\/?p=56315"},"modified":"2021-05-10T09:12:17","modified_gmt":"2021-05-10T12:12:17","slug":"eleicoes-para-lideres-de-classe-da-rede-estadual-comecam-nesta-segunda-feira-10","status":"publish","type":"post","link":"https:\/\/blogdoeloiltoncajuhy.com.br\/site\/eleicoes-para-lideres-de-classe-da-rede-estadual-comecam-nesta-segunda-feira-10\/","title":{"rendered":"Elei\u00e7\u00f5es para l\u00edderes de classe da rede estadual come\u00e7am nesta segunda-feira (10)"},"content":{"rendered":"\n<figure class=\"wp-block-image alignwide size-large\"><a href=\"https:\/\/i0.wp.com\/blogdoeloiltoncajuhy.com.br\/site\/wp-content\/uploads\/2016\/01\/Col%C3%A9gio-Estadual_1.jpg\"><img data-recalc-dims=\"1\" fetchpriority=\"high\" decoding=\"async\" width=\"320\" height=\"180\" src=\"https:\/\/i0.wp.com\/blogdoeloiltoncajuhy.com.br\/site\/wp-content\/uploads\/2016\/01\/Col%C3%A9gio-Estadual_1.jpg?resize=320%2C180\" alt=\"\" class=\"wp-image-7010\" srcset=\"https:\/\/i0.wp.com\/blogdoeloiltoncajuhy.com.br\/site\/wp-content\/uploads\/2016\/01\/Col%C3%A9gio-Estadual_1.jpg?w=320&amp;ssl=1 320w, https:\/\/i0.wp.com\/blogdoeloiltoncajuhy.com.br\/site\/wp-content\/uploads\/2016\/01\/Col%C3%A9gio-Estadual_1.jpg?resize=300%2C169&amp;ssl=1 300w, https:\/\/i0.wp.com\/blogdoeloiltoncajuhy.com.br\/site\/wp-content\/uploads\/2016\/01\/Col%C3%A9gio-Estadual_1.jpg?resize=250%2C141&amp;ssl=1 250w\" sizes=\"(max-width: 320px) 100vw, 320px\" \/><\/a><\/figure>\n\n\n\n<p>Come\u00e7am nesta segunda-feira (10) as elei\u00e7\u00f5es para l\u00edderes de classe da rede estadual de ensino. A novidade, este ano, \u00e9 que tamb\u00e9m ser\u00e1 realizada a escolha de representantes nos \u00e2mbitos escolar, municipal e territorial. Por isso, o processo eletivo acontecer\u00e1 em diferentes etapas. De 10 a 14 de maio ser\u00e3o realizadas as elei\u00e7\u00f5es para l\u00edder de classe; de 24 a 28 de maio, para l\u00edder da escola; de 7 a 11 de junho, para l\u00edder do munic\u00edpio; e de 21 a 25 de junho, para l\u00edder do N\u00facleo Territorial de Educa\u00e7\u00e3o (NTE). Os mandatos ser\u00e3o v\u00e1lidos para o ano letivo de 2020\/2021.<\/p>\n\n\n\n<p>O coordenador de Pol\u00edticas para a Juventude da Secretaria da Educa\u00e7\u00e3o do Estado (SEC), Jocivaldo Bispo, falou sobre a import\u00e2ncia da participa\u00e7\u00e3o dos estudantes no processo eleitoral da rede estadual. <em>\u201dQueremos fomentar o protagonismo da juventude, de modo que possa contribuir com a gest\u00e3o participativa das escolas, al\u00e9m de fazer que essas lideran\u00e7as atuem fora dos muros das escolas e dialoguem sobre a educa\u00e7\u00e3o junto \u00e0 sua comunidade e, tamb\u00e9m, no seu territ\u00f3rio\u201d<\/em>.<\/p>\n\n\n\n<p>Para as elei\u00e7\u00f5es, a unidade escolar dever\u00e1 abrir um formul\u00e1rio on-line para a vota\u00e7\u00e3o, que permanecer\u00e1 aberta das 8h \u00e0s 22h horas no dia da elei\u00e7\u00e3o. O estudante somente poder\u00e1 votar para l\u00edder e vice-l\u00edder de classe se estiver matriculado. Para as elei\u00e7\u00f5es subsequentes, somente poder\u00e3o concorrer os eleitos nas elei\u00e7\u00f5es anteriores e poder\u00e3o participar tanto os l\u00edderes, quanto os vice-l\u00edderes.<\/p>\n\n\n\n<p>Cabe \u00e0 unidade escolar, ainda, definir e implementar as estrat\u00e9gias pedag\u00f3gicas e administrativas que sejam apropriadas \u00e0 participa\u00e7\u00e3o dos estudantes que n\u00e3o t\u00eam acesso \u00e0 Internet, sempre buscando respeitar as condi\u00e7\u00f5es territoriais e cotidianas da comunidade escolar e a observ\u00e2ncia dos par\u00e2metros de seguran\u00e7a relacionados \u00e0 pandemia do novo Coronav\u00edrus. As unidades escolares que j\u00e1 realizaram elei\u00e7\u00e3o para a escolha de l\u00edderes e vice-l\u00edderes de classe escolar no ano de 2020 podem optar por n\u00e3o realizar o processo, informando no Servi\u00e7o de Apoio \u00e0 Gest\u00e3o da Aprendizagem (SAGA) os nomes dos estudantes j\u00e1 empossados.<\/p>\n\n\n\n<p>As escolas que n\u00e3o conseguirem realizar as elei\u00e7\u00f5es nos prazos determinados pela portaria dever\u00e3o comunicar, em tempo h\u00e1bil, ao NTE e \u00e0 SEC as condi\u00e7\u00f5es determinantes para a n\u00e3o realiza\u00e7\u00e3o do processo e propor datas poss\u00edveis para realiz\u00e1-las.<\/p>\n","protected":false},"excerpt":{"rendered":"<p>Come\u00e7am nesta segunda-feira (10) as elei\u00e7\u00f5es para l\u00edderes de classe da rede estadual de ensino. A novidade, este ano, \u00e9 que tamb\u00e9m ser\u00e1 realizada a escolha de representantes nos \u00e2mbitos escolar, municipal e territorial. Por isso, o processo eletivo acontecer\u00e1 em diferentes etapas. De 10 a 14 de maio ser\u00e3o realizadas as elei\u00e7\u00f5es para l\u00edder [&hellip;]<\/p>\n","protected":false},"author":2,"featured_media":7010,"comment_status":"open","ping_status":"open","sticky":false,"template":"","format":"standard","meta":{"_acf_changed":false,"_monsterinsights_skip_tracking":false,"_monsterinsights_sitenote_active":false,"_monsterinsights_sitenote_note":"","_monsterinsights_sitenote_category":0,"_jetpack_memberships_contains_paid_content":false,"footnotes":"","jetpack_publicize_message":"","jetpack_publicize_feature_enabled":true,"jetpack_social_post_already_shared":false,"jetpack_social_options":{"image_generator_settings":{"template":"highway","default_image_id":0,"font":"","enabled":false},"version":2}},"categories":[14],"tags":[],"class_list":["post-56315","post","type-post","status-publish","format-standard","has-post-thumbnail","hentry","category-educacao"],"acf":[],"jetpack_publicize_connections":[],"jetpack_featured_media_url":"https:\/\/i0.wp.com\/blogdoeloiltoncajuhy.com.br\/site\/wp-content\/uploads\/2016\/01\/Col%C3%A9gio-Estadual_1.jpg?fit=320%2C180&ssl=1","jetpack_sharing_enabled":true,"publishpress_future_workflow_manual_trigger":{"enabledWorkflows":[]},"_links":{"self":[{"href":"https:\/\/blogdoeloiltoncajuhy.com.br\/site\/wp-json\/wp\/v2\/posts\/56315","targetHints":{"allow":["GET"]}}],"collection":[{"href":"https:\/\/blogdoeloiltoncajuhy.com.br\/site\/wp-json\/wp\/v2\/posts"}],"about":[{"href":"https:\/\/blogdoeloiltoncajuhy.com.br\/site\/wp-json\/wp\/v2\/types\/post"}],"author":[{"embeddable":true,"href":"https:\/\/blogdoeloiltoncajuhy.com.br\/site\/wp-json\/wp\/v2\/users\/2"}],"replies":[{"embeddable":true,"href":"https:\/\/blogdoeloiltoncajuhy.com.br\/site\/wp-json\/wp\/v2\/comments?post=56315"}],"version-history":[{"count":2,"href":"https:\/\/blogdoeloiltoncajuhy.com.br\/site\/wp-json\/wp\/v2\/posts\/56315\/revisions"}],"predecessor-version":[{"id":56317,"href":"https:\/\/blogdoeloiltoncajuhy.com.br\/site\/wp-json\/wp\/v2\/posts\/56315\/revisions\/56317"}],"wp:featuredmedia":[{"embeddable":true,"href":"https:\/\/blogdoeloiltoncajuhy.com.br\/site\/wp-json\/wp\/v2\/media\/7010"}],"wp:attachment":[{"href":"https:\/\/blogdoeloiltoncajuhy.com.br\/site\/wp-json\/wp\/v2\/media?parent=56315"}],"wp:term":[{"taxonomy":"category","embeddable":true,"href":"https:\/\/blogdoeloiltoncajuhy.com.br\/site\/wp-json\/wp\/v2\/categories?post=56315"},{"taxonomy":"post_tag","embeddable":true,"href":"https:\/\/blogdoeloiltoncajuhy.com.br\/site\/wp-json\/wp\/v2\/tags?post=56315"}],"curies":[{"name":"wp","href":"https:\/\/api.w.org\/{rel}","templated":true}]}}