{"id":56311,"date":"2021-05-10T08:23:07","date_gmt":"2021-05-10T11:23:07","guid":{"rendered":"http:\/\/blogdoeloiltoncajuhy.com.br\/site\/?p=56311"},"modified":"2021-05-10T08:23:09","modified_gmt":"2021-05-10T11:23:09","slug":"quatro-homens-morrem-apos-trocarem-tiros-com-policiais-militares-em-feira-de-santana","status":"publish","type":"post","link":"https:\/\/blogdoeloiltoncajuhy.com.br\/site\/quatro-homens-morrem-apos-trocarem-tiros-com-policiais-militares-em-feira-de-santana\/","title":{"rendered":"Quatro homens morrem ap\u00f3s trocarem tiros com policiais militares em Feira de Santana"},"content":{"rendered":"\n<h5 class=\"has-text-align-center wp-block-heading\"><em>Caso ocorreu no s\u00e1bado (8), no bairro Bara\u00fanas<\/em><\/h5>\n\n\n\n<div class=\"wp-block-image\"><figure class=\"aligncenter size-large\"><a href=\"https:\/\/i0.wp.com\/blogdoeloiltoncajuhy.com.br\/site\/wp-content\/uploads\/2021\/05\/Quatro-mortos-em-Feira.jpg\"><img data-recalc-dims=\"1\" fetchpriority=\"high\" decoding=\"async\" width=\"800\" height=\"479\" src=\"https:\/\/i0.wp.com\/blogdoeloiltoncajuhy.com.br\/site\/wp-content\/uploads\/2021\/05\/Quatro-mortos-em-Feira.jpg?resize=800%2C479\" alt=\"\" class=\"wp-image-56312\" srcset=\"https:\/\/i0.wp.com\/blogdoeloiltoncajuhy.com.br\/site\/wp-content\/uploads\/2021\/05\/Quatro-mortos-em-Feira.jpg?w=984&amp;ssl=1 984w, https:\/\/i0.wp.com\/blogdoeloiltoncajuhy.com.br\/site\/wp-content\/uploads\/2021\/05\/Quatro-mortos-em-Feira.jpg?resize=300%2C180&amp;ssl=1 300w, https:\/\/i0.wp.com\/blogdoeloiltoncajuhy.com.br\/site\/wp-content\/uploads\/2021\/05\/Quatro-mortos-em-Feira.jpg?resize=768%2C460&amp;ssl=1 768w\" sizes=\"(max-width: 800px) 100vw, 800px\" \/><\/a><figcaption><em><sub>Armas apreendidas em Feira de Santana \u2014 Foto: Divulga\u00e7\u00e3o\/Pol\u00edcia Militar<\/sub><\/em><\/figcaption><\/figure><\/div>\n\n\n\n<p>Quatro homens morreram durante a\u00e7\u00e3o policial realizada no s\u00e1bado (8), no bairro Bara\u00fanas, em Feira de Santana. Eles trocaram tiros com equipes da 66\u00aa Companhia Independente de Pol\u00edcia Militar e foram alvejados.<\/p>\n\n\n\n<p>Segundo informa\u00e7\u00f5es da PM, guarni\u00e7\u00f5es realizavam rondas no local, para refor\u00e7ar o policiamento, quando visualizaram quatro homens em atitude suspeita. Ao perceberem a aproxima\u00e7\u00e3o dos policiais, o grupo teria disparado e houve revide.<\/p>\n\n\n\n<p>Ap\u00f3s o tiroteio, quatro indiv\u00edduos foram encontrados ca\u00eddos ao solo. Segundo a PM, todos foram socorridos para o Hospital Cl\u00e9riston Andrade, mas n\u00e3o resistiram aos ferimentos.<\/p>\n\n\n\n<p>Durante a a\u00e7\u00e3o foram apreendidos tr\u00eas rev\u00f3lveres e uma pistola, al\u00e9m de muni\u00e7\u00f5es. A ocorr\u00eancia foi registrada na Pol\u00edcia Civil.<\/p>\n","protected":false},"excerpt":{"rendered":"<p>Caso ocorreu no s\u00e1bado (8), no bairro Bara\u00fanas Quatro homens morreram durante a\u00e7\u00e3o policial realizada no s\u00e1bado (8), no bairro Bara\u00fanas, em Feira de Santana. Eles trocaram tiros com equipes da 66\u00aa Companhia Independente de Pol\u00edcia Militar e foram alvejados. Segundo informa\u00e7\u00f5es da PM, guarni\u00e7\u00f5es realizavam rondas no local, para refor\u00e7ar o policiamento, quando visualizaram [&hellip;]<\/p>\n","protected":false},"author":2,"featured_media":56312,"comment_status":"open","ping_status":"open","sticky":false,"template":"","format":"standard","meta":{"_acf_changed":false,"_monsterinsights_skip_tracking":false,"_monsterinsights_sitenote_active":false,"_monsterinsights_sitenote_note":"","_monsterinsights_sitenote_category":0,"_jetpack_memberships_contains_paid_content":false,"footnotes":"","jetpack_publicize_message":"","jetpack_publicize_feature_enabled":true,"jetpack_social_post_already_shared":false,"jetpack_social_options":{"image_generator_settings":{"template":"highway","default_image_id":0,"font":"","enabled":false},"version":2}},"categories":[15],"tags":[],"class_list":["post-56311","post","type-post","status-publish","format-standard","has-post-thumbnail","hentry","category-policia"],"acf":[],"jetpack_publicize_connections":[],"jetpack_featured_media_url":"https:\/\/i0.wp.com\/blogdoeloiltoncajuhy.com.br\/site\/wp-content\/uploads\/2021\/05\/Quatro-mortos-em-Feira.jpg?fit=984%2C589&ssl=1","jetpack_sharing_enabled":true,"publishpress_future_workflow_manual_trigger":{"enabledWorkflows":[]},"_links":{"self":[{"href":"https:\/\/blogdoeloiltoncajuhy.com.br\/site\/wp-json\/wp\/v2\/posts\/56311","targetHints":{"allow":["GET"]}}],"collection":[{"href":"https:\/\/blogdoeloiltoncajuhy.com.br\/site\/wp-json\/wp\/v2\/posts"}],"about":[{"href":"https:\/\/blogdoeloiltoncajuhy.com.br\/site\/wp-json\/wp\/v2\/types\/post"}],"author":[{"embeddable":true,"href":"https:\/\/blogdoeloiltoncajuhy.com.br\/site\/wp-json\/wp\/v2\/users\/2"}],"replies":[{"embeddable":true,"href":"https:\/\/blogdoeloiltoncajuhy.com.br\/site\/wp-json\/wp\/v2\/comments?post=56311"}],"version-history":[{"count":2,"href":"https:\/\/blogdoeloiltoncajuhy.com.br\/site\/wp-json\/wp\/v2\/posts\/56311\/revisions"}],"predecessor-version":[{"id":56314,"href":"https:\/\/blogdoeloiltoncajuhy.com.br\/site\/wp-json\/wp\/v2\/posts\/56311\/revisions\/56314"}],"wp:featuredmedia":[{"embeddable":true,"href":"https:\/\/blogdoeloiltoncajuhy.com.br\/site\/wp-json\/wp\/v2\/media\/56312"}],"wp:attachment":[{"href":"https:\/\/blogdoeloiltoncajuhy.com.br\/site\/wp-json\/wp\/v2\/media?parent=56311"}],"wp:term":[{"taxonomy":"category","embeddable":true,"href":"https:\/\/blogdoeloiltoncajuhy.com.br\/site\/wp-json\/wp\/v2\/categories?post=56311"},{"taxonomy":"post_tag","embeddable":true,"href":"https:\/\/blogdoeloiltoncajuhy.com.br\/site\/wp-json\/wp\/v2\/tags?post=56311"}],"curies":[{"name":"wp","href":"https:\/\/api.w.org\/{rel}","templated":true}]}}