{"id":56301,"date":"2021-05-09T22:10:36","date_gmt":"2021-05-10T01:10:36","guid":{"rendered":"http:\/\/blogdoeloiltoncajuhy.com.br\/site\/?p=56301"},"modified":"2021-05-09T22:10:38","modified_gmt":"2021-05-10T01:10:38","slug":"secretario-de-saude-de-andorinha-participa-de-reuniao-para-discutir-expansao-dos-atendimentos-da-policlinica-regional","status":"publish","type":"post","link":"https:\/\/blogdoeloiltoncajuhy.com.br\/site\/secretario-de-saude-de-andorinha-participa-de-reuniao-para-discutir-expansao-dos-atendimentos-da-policlinica-regional\/","title":{"rendered":"Secret\u00e1rio de Sa\u00fade de Andorinha participa de reuni\u00e3o para discutir expans\u00e3o dos atendimentos da Policl\u00ednica Regional"},"content":{"rendered":"\n<div class=\"wp-block-image\"><figure class=\"aligncenter size-large\"><a href=\"https:\/\/i0.wp.com\/blogdoeloiltoncajuhy.com.br\/site\/wp-content\/uploads\/2021\/05\/PMA_Reuniao-Policlinica-01.jpeg\"><img data-recalc-dims=\"1\" fetchpriority=\"high\" decoding=\"async\" width=\"800\" height=\"598\" src=\"https:\/\/i0.wp.com\/blogdoeloiltoncajuhy.com.br\/site\/wp-content\/uploads\/2021\/05\/PMA_Reuniao-Policlinica-01.jpeg?resize=800%2C598\" alt=\"\" class=\"wp-image-56302\" srcset=\"https:\/\/i0.wp.com\/blogdoeloiltoncajuhy.com.br\/site\/wp-content\/uploads\/2021\/05\/PMA_Reuniao-Policlinica-01.jpeg?resize=1024%2C766&amp;ssl=1 1024w, https:\/\/i0.wp.com\/blogdoeloiltoncajuhy.com.br\/site\/wp-content\/uploads\/2021\/05\/PMA_Reuniao-Policlinica-01.jpeg?resize=300%2C225&amp;ssl=1 300w, https:\/\/i0.wp.com\/blogdoeloiltoncajuhy.com.br\/site\/wp-content\/uploads\/2021\/05\/PMA_Reuniao-Policlinica-01.jpeg?resize=768%2C575&amp;ssl=1 768w, https:\/\/i0.wp.com\/blogdoeloiltoncajuhy.com.br\/site\/wp-content\/uploads\/2021\/05\/PMA_Reuniao-Policlinica-01.jpeg?w=1280&amp;ssl=1 1280w\" sizes=\"(max-width: 800px) 100vw, 800px\" \/><\/a><\/figure><\/div>\n\n\n\n<p>O secret\u00e1rio de Sa\u00fade do munic\u00edpio de Andorinha, Gabriel Alves, participou na sexta-feira, 7, de uma reuni\u00e3o na cidade de Campo Formoso para discutir a viabilidade da Policl\u00ednica Regional de Sa\u00fade realizar novos atendimentos de alta e m\u00e9dia complexidade na rede de sa\u00fade da regi\u00e3o, ampliando o acesso ambulatorial a especialidades m\u00e9dicas diversas e exames, na busca de maior aten\u00e7\u00e3o \u00e0 sa\u00fade dos pacientes.<\/p>\n\n\n\n<p>O projeto visa garantir a oferta dos exames complementares e consultas especializadas para todas as regi\u00f5es de sa\u00fade da Bahia, fornecendo resolutividade \u00e0 Aten\u00e7\u00e3o B\u00e1sica e evitando que os pacientes precisem ir para os hospitais com casos que podem e devem ser solucionados na aten\u00e7\u00e3o prim\u00e1ria e secund\u00e1ria.<\/p>\n\n\n\n<div class=\"wp-block-image\"><figure class=\"aligncenter size-large\"><a href=\"https:\/\/i0.wp.com\/blogdoeloiltoncajuhy.com.br\/site\/wp-content\/uploads\/2021\/05\/PMA_Reuniao-Policlinica-02.jpeg\"><img data-recalc-dims=\"1\" decoding=\"async\" width=\"800\" height=\"602\" src=\"https:\/\/i0.wp.com\/blogdoeloiltoncajuhy.com.br\/site\/wp-content\/uploads\/2021\/05\/PMA_Reuniao-Policlinica-02.jpeg?resize=800%2C602\" alt=\"\" class=\"wp-image-56303\" srcset=\"https:\/\/i0.wp.com\/blogdoeloiltoncajuhy.com.br\/site\/wp-content\/uploads\/2021\/05\/PMA_Reuniao-Policlinica-02.jpeg?resize=1024%2C770&amp;ssl=1 1024w, https:\/\/i0.wp.com\/blogdoeloiltoncajuhy.com.br\/site\/wp-content\/uploads\/2021\/05\/PMA_Reuniao-Policlinica-02.jpeg?resize=300%2C225&amp;ssl=1 300w, https:\/\/i0.wp.com\/blogdoeloiltoncajuhy.com.br\/site\/wp-content\/uploads\/2021\/05\/PMA_Reuniao-Policlinica-02.jpeg?resize=768%2C577&amp;ssl=1 768w, https:\/\/i0.wp.com\/blogdoeloiltoncajuhy.com.br\/site\/wp-content\/uploads\/2021\/05\/PMA_Reuniao-Policlinica-02.jpeg?w=1280&amp;ssl=1 1280w\" sizes=\"(max-width: 800px) 100vw, 800px\" \/><\/a><\/figure><\/div>\n","protected":false},"excerpt":{"rendered":"<p>O secret\u00e1rio de Sa\u00fade do munic\u00edpio de Andorinha, Gabriel Alves, participou na sexta-feira, 7, de uma reuni\u00e3o na cidade de Campo Formoso para discutir a viabilidade da Policl\u00ednica Regional de Sa\u00fade realizar novos atendimentos de alta e m\u00e9dia complexidade na rede de sa\u00fade da regi\u00e3o, ampliando o acesso ambulatorial a especialidades m\u00e9dicas diversas e exames, [&hellip;]<\/p>\n","protected":false},"author":2,"featured_media":56302,"comment_status":"open","ping_status":"open","sticky":false,"template":"","format":"standard","meta":{"_acf_changed":false,"_monsterinsights_skip_tracking":false,"_monsterinsights_sitenote_active":false,"_monsterinsights_sitenote_note":"","_monsterinsights_sitenote_category":0,"_jetpack_memberships_contains_paid_content":false,"footnotes":"","jetpack_publicize_message":"","jetpack_publicize_feature_enabled":true,"jetpack_social_post_already_shared":false,"jetpack_social_options":{"image_generator_settings":{"template":"highway","default_image_id":0,"font":"","enabled":false},"version":2}},"categories":[11],"tags":[],"class_list":["post-56301","post","type-post","status-publish","format-standard","has-post-thumbnail","hentry","category-regional"],"acf":[],"jetpack_publicize_connections":[],"jetpack_featured_media_url":"https:\/\/i0.wp.com\/blogdoeloiltoncajuhy.com.br\/site\/wp-content\/uploads\/2021\/05\/PMA_Reuniao-Policlinica-01.jpeg?fit=1280%2C958&ssl=1","jetpack_sharing_enabled":true,"publishpress_future_workflow_manual_trigger":{"enabledWorkflows":[]},"_links":{"self":[{"href":"https:\/\/blogdoeloiltoncajuhy.com.br\/site\/wp-json\/wp\/v2\/posts\/56301","targetHints":{"allow":["GET"]}}],"collection":[{"href":"https:\/\/blogdoeloiltoncajuhy.com.br\/site\/wp-json\/wp\/v2\/posts"}],"about":[{"href":"https:\/\/blogdoeloiltoncajuhy.com.br\/site\/wp-json\/wp\/v2\/types\/post"}],"author":[{"embeddable":true,"href":"https:\/\/blogdoeloiltoncajuhy.com.br\/site\/wp-json\/wp\/v2\/users\/2"}],"replies":[{"embeddable":true,"href":"https:\/\/blogdoeloiltoncajuhy.com.br\/site\/wp-json\/wp\/v2\/comments?post=56301"}],"version-history":[{"count":1,"href":"https:\/\/blogdoeloiltoncajuhy.com.br\/site\/wp-json\/wp\/v2\/posts\/56301\/revisions"}],"predecessor-version":[{"id":56304,"href":"https:\/\/blogdoeloiltoncajuhy.com.br\/site\/wp-json\/wp\/v2\/posts\/56301\/revisions\/56304"}],"wp:featuredmedia":[{"embeddable":true,"href":"https:\/\/blogdoeloiltoncajuhy.com.br\/site\/wp-json\/wp\/v2\/media\/56302"}],"wp:attachment":[{"href":"https:\/\/blogdoeloiltoncajuhy.com.br\/site\/wp-json\/wp\/v2\/media?parent=56301"}],"wp:term":[{"taxonomy":"category","embeddable":true,"href":"https:\/\/blogdoeloiltoncajuhy.com.br\/site\/wp-json\/wp\/v2\/categories?post=56301"},{"taxonomy":"post_tag","embeddable":true,"href":"https:\/\/blogdoeloiltoncajuhy.com.br\/site\/wp-json\/wp\/v2\/tags?post=56301"}],"curies":[{"name":"wp","href":"https:\/\/api.w.org\/{rel}","templated":true}]}}