{"id":56292,"date":"2021-05-09T21:43:15","date_gmt":"2021-05-10T00:43:15","guid":{"rendered":"http:\/\/blogdoeloiltoncajuhy.com.br\/site\/?p=56292"},"modified":"2021-05-09T22:05:14","modified_gmt":"2021-05-10T01:05:14","slug":"toque-de-recolher-em-senhor-do-bonfim-vai-comecar-as-22h-a-partir-desta-segunda-feira-10","status":"publish","type":"post","link":"https:\/\/blogdoeloiltoncajuhy.com.br\/site\/toque-de-recolher-em-senhor-do-bonfim-vai-comecar-as-22h-a-partir-desta-segunda-feira-10\/","title":{"rendered":"Toque de Recolher em Senhor do Bonfim vai come\u00e7ar \u00e0s 22h a partir desta segunda-feira (10)"},"content":{"rendered":"\n<figure class=\"wp-block-image alignwide size-large\"><a href=\"https:\/\/i0.wp.com\/blogdoeloiltoncajuhy.com.br\/site\/wp-content\/uploads\/2020\/03\/coronavirus_4.jpg\"><img data-recalc-dims=\"1\" fetchpriority=\"high\" decoding=\"async\" width=\"360\" height=\"240\" src=\"https:\/\/i0.wp.com\/blogdoeloiltoncajuhy.com.br\/site\/wp-content\/uploads\/2020\/03\/coronavirus_4.jpg?resize=360%2C240\" alt=\"\" class=\"wp-image-42282\" srcset=\"https:\/\/i0.wp.com\/blogdoeloiltoncajuhy.com.br\/site\/wp-content\/uploads\/2020\/03\/coronavirus_4.jpg?w=360&amp;ssl=1 360w, https:\/\/i0.wp.com\/blogdoeloiltoncajuhy.com.br\/site\/wp-content\/uploads\/2020\/03\/coronavirus_4.jpg?resize=300%2C200&amp;ssl=1 300w, https:\/\/i0.wp.com\/blogdoeloiltoncajuhy.com.br\/site\/wp-content\/uploads\/2020\/03\/coronavirus_4.jpg?resize=250%2C167&amp;ssl=1 250w\" sizes=\"(max-width: 360px) 100vw, 360px\" \/><\/a><\/figure>\n\n\n\n<p>O Governo do Estado decidiu prorrogar a restri\u00e7\u00e3o da locomo\u00e7\u00e3o noturna de pessoas das 21h \u00e0s 5h, em toda a Bahia, at\u00e9 o dia 17 de maio. A medida, que tem como objetivo conter a dissemina\u00e7\u00e3o do novo coronav\u00edrus, foi publicada neste domingo (9) na vers\u00e3o on-line do Di\u00e1rio Oficial do Estado (DOE).<\/p>\n\n\n\n<p>Em 227 munic\u00edpios (ver lista abaixo), o toque de recolher vale das 20h \u00e0s 5h. J\u00e1 nos munic\u00edpios integrantes de regi\u00e3o de sa\u00fade em que a taxa de ocupa\u00e7\u00e3o de leitos de UTI vier a se manter igual ou inferior a 75%, por cinco dias consecutivos, a restri\u00e7\u00e3o na locomo\u00e7\u00e3o ser\u00e1 v\u00e1lida das 22h \u00e0s 5h. Por ter alcan\u00e7ado esta meta, o toque de recolher em Salvador est\u00e1 em vigor das 22h \u00e0s 5h.<\/p>\n\n\n\n<p>Em Senhor do Bonfim, esta taxa est\u00e1 em 60% conforme boletim epidemiol\u00f3gico divulgado na noite deste domingo. Ao todo, s\u00e3o 12 pacientes internados na UTI do HDAM.<\/p>\n\n\n\n<p>Fica proibida, em todo o territ\u00f3rio do Estado da Bahia, a venda de bebida alco\u00f3lica em quaisquer estabelecimentos, inclusive por sistema de entrega em domic\u00edlio (delivery), das 18h de 14 maio at\u00e9 \u00e0s 5h de 17 de maio.<\/p>\n\n\n\n<p>Para a venda de bebida alco\u00f3lica aos finais de semana, continua a valer a determina\u00e7\u00e3o de que as regi\u00f5es de sa\u00fade precisam alcan\u00e7ar a taxa de 75% ou menos de ocupa\u00e7\u00e3o de leitos de UTI por cinco dias consecutivos. Por isso, em Salvador, segue permitida a venda de bebidas alco\u00f3licas durante o final de semana.<\/p>\n\n\n\n<p>A realiza\u00e7\u00e3o de shows e festas, independentemente do n\u00famero de participantes, tamb\u00e9m continua proibida at\u00e9 17 de maio. Esta medida vale para toda a Bahia sem exce\u00e7\u00e3o, nem mesmo para Salvador.<\/p>\n\n\n\n<p class=\"has-black-color has-text-color has-medium-font-size\"><strong>Aulas<\/strong><\/p>\n\n\n\n<p>As unidades de ensino p\u00fablicas e particulares podem manter as atividades de forma semipresencial. Para que isso ocorra, \u00e9 necess\u00e1rio que a taxa de ocupa\u00e7\u00e3o de leitos de UTI Covid esteja abaixo de 75% por cinco dias consecutivos nas regi\u00f5es de sa\u00fade. Para Salvador, o Governo do Estado j\u00e1 havia autorizado o retorno das aulas, respeitando tais crit\u00e9rios, e segue mantido.<\/p>\n\n\n\n<p>Al\u00e9m disso, as atividades letivas devem ficar condicionadas \u00e0 ocupa\u00e7\u00e3o m\u00e1xima de 50% da capacidade de cada sala de aula e ao atendimento dos protocolos sanit\u00e1rios estabelecidos.<\/p>\n\n\n\n<p class=\"has-black-color has-text-color has-medium-font-size\"><strong>Munic\u00edpios com toque de recolher das 20h \u00e0s 5h:<\/strong><\/p>\n\n\n\n<p>Aba\u00edra, Acajutiba, Adustina, Alagoinhas, Alcoba\u00e7a, Am\u00e9rica Dourada, Anag\u00e9, Andara\u00ed, Angical, Antas, Apor\u00e1, Ara\u00e7\u00e1s, Aracatu, Aramari, Baian\u00f3polis, Banza\u00ea, Barra, Barra da Estiva, Barra do Cho\u00e7a, Barra do Mendes, Barreiras, Barro Alto, Belmonte, Belo Campo, Boa Vista do Tupim, Bom Jesus da Lapa, Bom Jesus da Serra, Boninal, Bonito, Boquira, Botupor\u00e3, Brejol\u00e2ndia, Brotas de Maca\u00fabas, Brumado, Buritirama, Caatiba, Cacul\u00e9, Ca\u00e9m, Caetanos, Caetit\u00e9, Cafarnaum, Caldeir\u00e3o Grande, Can\u00e1polis, Canarana, Candiba, C\u00e2ndido Sales, Capim Grosso, Cara\u00edbas, Caravelas, Cardeal da Silva, Carinhanha, Catol\u00e2ndia, Catu, Caturama, Central, C\u00edcero Dantas, Cip\u00f3, Cocos, Conde\u00faba, Contendas do Sincor\u00e1, Cordeiros, Coribe, Coronel Jo\u00e3o S\u00e1, Correntina, Cotegipe, Cris\u00f3polis, Crist\u00f3polis, Dom Bas\u00edlio, Encruzilhada, Entre Rios, \u00c9rico Cardoso, Esplanada, Eun\u00e1polis, F\u00e1tima, Feira da Mata, Firmino Alves, Formosa do Rio Preto, Gentio do Ouro, Guajeru, Guanambi, Guaratinga , Heli\u00f3polis, Ia\u00e7u, Ibiassuc\u00ea, Ibicoara, Ibicu\u00ed, Ibipeba, Ibipitanga, Ibiquera, Ibirapu\u00e3, Ibitiara, Ibitit\u00e1, Ibotirama, Igapor\u00e3, Igua\u00ed, Inhambupe, Ipupiara, Iraquara, Irec\u00ea, Itabela, Itaberaba, Itaet\u00ea, Itagimirim, Itagua\u00e7u da Bahia, Itamaraju, Itamb\u00e9, Itanagra, Itanh\u00e9m, Itapebi, Itapetinga, Itapicuru, Itarantim, Itoror\u00f3, Itua\u00e7u, Iuiu, Jaborandi, Jacaraci, Jacobina, Janda\u00edra, Jo\u00e3o Dourado, Jucuru\u00e7u, Jussara, Jussiape, Lagoa Real, Lajed\u00e3o, Lajedinho, Lap\u00e3o, Len\u00e7\u00f3is, Lic\u00ednio de Almeida, Livramento de Nossa Senhora, Lu\u00eds Eduardo Magalh\u00e3es, Macajuba, Macarani, Maca\u00fabas, Maetinga, Maiquinique, Mairi, Malhada, Malhada de Pedras, Mansid\u00e3o, Marcion\u00edlio Souza, Matina, Medeiros Neto, Miguel Calmon, Mirangaba, Mirante, Morpar\u00e1, Morro do Chap\u00e9u, Mortugaba, Mucug\u00ea, Mucuri, Mulungu do Morro, Muqu\u00e9m do S\u00e3o Francisco, Nova Cana\u00e3, Nova Reden\u00e7\u00e3o, Nova Soure, Nova Vi\u00e7osa, Novo Horizonte, Novo Triunfo, Olindina, Oliveira dos Brejinhos, Ouri\u00e7angas, Ourol\u00e2ndia, Palmas de Monte Alto, Palmeiras, Paramirim, Paratinga, Paripiranga, Pedr\u00e3o, Piat\u00e3, Pinda\u00ed, Pirip\u00e1, Piritiba, Planalto, Po\u00e7\u00f5es, Porto Seguro, Potiragu\u00e1, Prado, Presidente Dutra, Presidente J\u00e2nio Quadros, Quixabeira, Riach\u00e3o das Neves, Riacho de Santana, Ribeira do Amparo, Ribeira do Pombal, Ribeir\u00e3o do Largo, Rio de Contas, Rio do Ant\u00f4nio, Rio do Pires, Rio Real, Ruy Barbosa, Santa Cruz Cabr\u00e1lia, Santa Maria da Vit\u00f3ria, Santa Rita de C\u00e1ssia, Santana, S\u00e3o Desid\u00e9rio, S\u00e3o F\u00e9lix do Coribe, S\u00e3o Gabriel, S\u00e3o Jos\u00e9 do Jacu\u00edpe, S\u00e1tiro Dias, Sa\u00fade, Seabra, Sebasti\u00e3o Laranjeiras, Serra do Ramalho, Serra Dourada, Serrol\u00e2ndia, S\u00edtio do Mato, S\u00edtio do Quinto, Souto Soares, Tabocas do Brejo Velho, Tanha\u00e7u, Tanque Novo, Tapiramut\u00e1, Teixeira de Freitas, Tremedal, Uiba\u00ed, Umburanas, Urandi, Utinga, V\u00e1rzea da Ro\u00e7a, V\u00e1rzea do Po\u00e7o, V\u00e1rzea Nova, Vereda, Vit\u00f3ria da Conquista, Wagner, Wanderley e Xique-Xique.<\/p>\n","protected":false},"excerpt":{"rendered":"<p>O Governo do Estado decidiu prorrogar a restri\u00e7\u00e3o da locomo\u00e7\u00e3o noturna de pessoas das 21h \u00e0s 5h, em toda a Bahia, at\u00e9 o dia 17 de maio. A medida, que tem como objetivo conter a dissemina\u00e7\u00e3o do novo coronav\u00edrus, foi publicada neste domingo (9) na vers\u00e3o on-line do Di\u00e1rio Oficial do Estado (DOE). Em 227 [&hellip;]<\/p>\n","protected":false},"author":2,"featured_media":42282,"comment_status":"open","ping_status":"open","sticky":false,"template":"","format":"standard","meta":{"_acf_changed":false,"_monsterinsights_skip_tracking":false,"_monsterinsights_sitenote_active":false,"_monsterinsights_sitenote_note":"","_monsterinsights_sitenote_category":0,"_jetpack_memberships_contains_paid_content":false,"footnotes":"","jetpack_publicize_message":"","jetpack_publicize_feature_enabled":true,"jetpack_social_post_already_shared":false,"jetpack_social_options":{"image_generator_settings":{"template":"highway","default_image_id":0,"font":"","enabled":false},"version":2}},"categories":[7],"tags":[],"class_list":["post-56292","post","type-post","status-publish","format-standard","has-post-thumbnail","hentry","category-saude"],"acf":[],"jetpack_publicize_connections":[],"jetpack_featured_media_url":"https:\/\/i0.wp.com\/blogdoeloiltoncajuhy.com.br\/site\/wp-content\/uploads\/2020\/03\/coronavirus_4.jpg?fit=360%2C240&ssl=1","jetpack_sharing_enabled":true,"publishpress_future_workflow_manual_trigger":{"enabledWorkflows":[]},"_links":{"self":[{"href":"https:\/\/blogdoeloiltoncajuhy.com.br\/site\/wp-json\/wp\/v2\/posts\/56292","targetHints":{"allow":["GET"]}}],"collection":[{"href":"https:\/\/blogdoeloiltoncajuhy.com.br\/site\/wp-json\/wp\/v2\/posts"}],"about":[{"href":"https:\/\/blogdoeloiltoncajuhy.com.br\/site\/wp-json\/wp\/v2\/types\/post"}],"author":[{"embeddable":true,"href":"https:\/\/blogdoeloiltoncajuhy.com.br\/site\/wp-json\/wp\/v2\/users\/2"}],"replies":[{"embeddable":true,"href":"https:\/\/blogdoeloiltoncajuhy.com.br\/site\/wp-json\/wp\/v2\/comments?post=56292"}],"version-history":[{"count":3,"href":"https:\/\/blogdoeloiltoncajuhy.com.br\/site\/wp-json\/wp\/v2\/posts\/56292\/revisions"}],"predecessor-version":[{"id":56300,"href":"https:\/\/blogdoeloiltoncajuhy.com.br\/site\/wp-json\/wp\/v2\/posts\/56292\/revisions\/56300"}],"wp:featuredmedia":[{"embeddable":true,"href":"https:\/\/blogdoeloiltoncajuhy.com.br\/site\/wp-json\/wp\/v2\/media\/42282"}],"wp:attachment":[{"href":"https:\/\/blogdoeloiltoncajuhy.com.br\/site\/wp-json\/wp\/v2\/media?parent=56292"}],"wp:term":[{"taxonomy":"category","embeddable":true,"href":"https:\/\/blogdoeloiltoncajuhy.com.br\/site\/wp-json\/wp\/v2\/categories?post=56292"},{"taxonomy":"post_tag","embeddable":true,"href":"https:\/\/blogdoeloiltoncajuhy.com.br\/site\/wp-json\/wp\/v2\/tags?post=56292"}],"curies":[{"name":"wp","href":"https:\/\/api.w.org\/{rel}","templated":true}]}}