{"id":56288,"date":"2021-05-09T21:16:53","date_gmt":"2021-05-10T00:16:53","guid":{"rendered":"http:\/\/blogdoeloiltoncajuhy.com.br\/site\/?p=56288"},"modified":"2021-05-09T21:16:55","modified_gmt":"2021-05-10T00:16:55","slug":"prefeitura-de-andorinha-discute-com-moradores-de-jabuticaba-coleta-de-residuos","status":"publish","type":"post","link":"https:\/\/blogdoeloiltoncajuhy.com.br\/site\/prefeitura-de-andorinha-discute-com-moradores-de-jabuticaba-coleta-de-residuos\/","title":{"rendered":"Prefeitura de Andorinha discute com moradores de Jabuticaba coleta de res\u00edduos"},"content":{"rendered":"\n<div class=\"wp-block-image\"><figure class=\"aligncenter size-large\"><a href=\"https:\/\/i0.wp.com\/blogdoeloiltoncajuhy.com.br\/site\/wp-content\/uploads\/2021\/05\/PMA_Reuniao-Jaboticaba-01.jpeg\"><img data-recalc-dims=\"1\" fetchpriority=\"high\" decoding=\"async\" width=\"800\" height=\"600\" src=\"https:\/\/i0.wp.com\/blogdoeloiltoncajuhy.com.br\/site\/wp-content\/uploads\/2021\/05\/PMA_Reuniao-Jaboticaba-01.jpeg?resize=800%2C600\" alt=\"\" class=\"wp-image-56289\" srcset=\"https:\/\/i0.wp.com\/blogdoeloiltoncajuhy.com.br\/site\/wp-content\/uploads\/2021\/05\/PMA_Reuniao-Jaboticaba-01.jpeg?resize=1024%2C768&amp;ssl=1 1024w, https:\/\/i0.wp.com\/blogdoeloiltoncajuhy.com.br\/site\/wp-content\/uploads\/2021\/05\/PMA_Reuniao-Jaboticaba-01.jpeg?resize=300%2C225&amp;ssl=1 300w, https:\/\/i0.wp.com\/blogdoeloiltoncajuhy.com.br\/site\/wp-content\/uploads\/2021\/05\/PMA_Reuniao-Jaboticaba-01.jpeg?resize=768%2C576&amp;ssl=1 768w, https:\/\/i0.wp.com\/blogdoeloiltoncajuhy.com.br\/site\/wp-content\/uploads\/2021\/05\/PMA_Reuniao-Jaboticaba-01.jpeg?resize=1536%2C1152&amp;ssl=1 1536w, https:\/\/i0.wp.com\/blogdoeloiltoncajuhy.com.br\/site\/wp-content\/uploads\/2021\/05\/PMA_Reuniao-Jaboticaba-01.jpeg?w=1600&amp;ssl=1 1600w\" sizes=\"(max-width: 800px) 100vw, 800px\" \/><\/a><\/figure><\/div>\n\n\n\n<p>Na \u00faltima quinta-feira, 06, a Prefeitura de Andorinha, atrav\u00e9s das secretarias de Desenvolvimento Rural e Meio Ambiente e de Infraestrutura, promoveu reuni\u00e3o na comunidade de Jabuticaba para tratar da viabiliza\u00e7\u00e3o da coleta de res\u00edduos descart\u00e1veis na comunidade. O carro coletor come\u00e7ar\u00e1 a passar na comunidade tr\u00eas vezes por semana e realizar\u00e1 a coleta de res\u00edduos n\u00e3o recicl\u00e1veis.<\/p>\n\n\n\n<p>Al\u00e9m de pautar sobre a coleta de res\u00edduos n\u00e3o recicl\u00e1veis, tamb\u00e9m foi apresentada pela equipe da Secretaria de Desenvolvimento Rural e Meio Ambiente a coleta seletiva e como a comunidade de Jabuticaba pode contribuir com essa nova a\u00e7\u00e3o da prefeitura. O vereador Jairo Duarte tamb\u00e9m participou da reuni\u00e3o.<\/p>\n\n\n\n<p>Na reuni\u00e3o, moradores aproveitaram para fazer algumas reivindica\u00e7\u00f5es. <em>\u201cFomos at\u00e9 a comunidade informar sobre a coleta de res\u00edduos recicl\u00e1veis e n\u00e3o recicl\u00e1veis e tamb\u00e9m para ouvi-los. Pol\u00edticas p\u00fablicas de qualidade s\u00e3o realizadas com o governo mais pr\u00f3ximo ao povo. \u00c9 nisso que acreditamos e continuaremos indo at\u00e9 as associa\u00e7\u00f5es ouvir suas necessidades e apresentar novos projetos\u201d<\/em>, informou M\u00e1rcio Dias, secret\u00e1rio de Infraestrutura.<\/p>\n\n\n\n<div class=\"wp-block-image\"><figure class=\"aligncenter size-large\"><a href=\"https:\/\/i0.wp.com\/blogdoeloiltoncajuhy.com.br\/site\/wp-content\/uploads\/2021\/05\/PMA_Reuniao-Jaboticaba-02.jpeg\"><img data-recalc-dims=\"1\" decoding=\"async\" width=\"800\" height=\"600\" src=\"https:\/\/i0.wp.com\/blogdoeloiltoncajuhy.com.br\/site\/wp-content\/uploads\/2021\/05\/PMA_Reuniao-Jaboticaba-02.jpeg?resize=800%2C600\" alt=\"\" class=\"wp-image-56290\" srcset=\"https:\/\/i0.wp.com\/blogdoeloiltoncajuhy.com.br\/site\/wp-content\/uploads\/2021\/05\/PMA_Reuniao-Jaboticaba-02.jpeg?resize=1024%2C768&amp;ssl=1 1024w, https:\/\/i0.wp.com\/blogdoeloiltoncajuhy.com.br\/site\/wp-content\/uploads\/2021\/05\/PMA_Reuniao-Jaboticaba-02.jpeg?resize=300%2C225&amp;ssl=1 300w, https:\/\/i0.wp.com\/blogdoeloiltoncajuhy.com.br\/site\/wp-content\/uploads\/2021\/05\/PMA_Reuniao-Jaboticaba-02.jpeg?resize=768%2C576&amp;ssl=1 768w, https:\/\/i0.wp.com\/blogdoeloiltoncajuhy.com.br\/site\/wp-content\/uploads\/2021\/05\/PMA_Reuniao-Jaboticaba-02.jpeg?resize=1536%2C1152&amp;ssl=1 1536w, https:\/\/i0.wp.com\/blogdoeloiltoncajuhy.com.br\/site\/wp-content\/uploads\/2021\/05\/PMA_Reuniao-Jaboticaba-02.jpeg?w=1600&amp;ssl=1 1600w\" sizes=\"(max-width: 800px) 100vw, 800px\" \/><\/a><\/figure><\/div>\n","protected":false},"excerpt":{"rendered":"<p>Na \u00faltima quinta-feira, 06, a Prefeitura de Andorinha, atrav\u00e9s das secretarias de Desenvolvimento Rural e Meio Ambiente e de Infraestrutura, promoveu reuni\u00e3o na comunidade de Jabuticaba para tratar da viabiliza\u00e7\u00e3o da coleta de res\u00edduos descart\u00e1veis na comunidade. O carro coletor come\u00e7ar\u00e1 a passar na comunidade tr\u00eas vezes por semana e realizar\u00e1 a coleta de res\u00edduos [&hellip;]<\/p>\n","protected":false},"author":2,"featured_media":56289,"comment_status":"open","ping_status":"open","sticky":false,"template":"","format":"standard","meta":{"_acf_changed":false,"_monsterinsights_skip_tracking":false,"_monsterinsights_sitenote_active":false,"_monsterinsights_sitenote_note":"","_monsterinsights_sitenote_category":0,"_jetpack_memberships_contains_paid_content":false,"footnotes":"","jetpack_publicize_message":"","jetpack_publicize_feature_enabled":true,"jetpack_social_post_already_shared":false,"jetpack_social_options":{"image_generator_settings":{"template":"highway","default_image_id":0,"font":"","enabled":false},"version":2}},"categories":[11],"tags":[],"class_list":["post-56288","post","type-post","status-publish","format-standard","has-post-thumbnail","hentry","category-regional"],"acf":[],"jetpack_publicize_connections":[],"jetpack_featured_media_url":"https:\/\/i0.wp.com\/blogdoeloiltoncajuhy.com.br\/site\/wp-content\/uploads\/2021\/05\/PMA_Reuniao-Jaboticaba-01.jpeg?fit=1600%2C1200&ssl=1","jetpack_sharing_enabled":true,"publishpress_future_workflow_manual_trigger":{"enabledWorkflows":[]},"_links":{"self":[{"href":"https:\/\/blogdoeloiltoncajuhy.com.br\/site\/wp-json\/wp\/v2\/posts\/56288","targetHints":{"allow":["GET"]}}],"collection":[{"href":"https:\/\/blogdoeloiltoncajuhy.com.br\/site\/wp-json\/wp\/v2\/posts"}],"about":[{"href":"https:\/\/blogdoeloiltoncajuhy.com.br\/site\/wp-json\/wp\/v2\/types\/post"}],"author":[{"embeddable":true,"href":"https:\/\/blogdoeloiltoncajuhy.com.br\/site\/wp-json\/wp\/v2\/users\/2"}],"replies":[{"embeddable":true,"href":"https:\/\/blogdoeloiltoncajuhy.com.br\/site\/wp-json\/wp\/v2\/comments?post=56288"}],"version-history":[{"count":1,"href":"https:\/\/blogdoeloiltoncajuhy.com.br\/site\/wp-json\/wp\/v2\/posts\/56288\/revisions"}],"predecessor-version":[{"id":56291,"href":"https:\/\/blogdoeloiltoncajuhy.com.br\/site\/wp-json\/wp\/v2\/posts\/56288\/revisions\/56291"}],"wp:featuredmedia":[{"embeddable":true,"href":"https:\/\/blogdoeloiltoncajuhy.com.br\/site\/wp-json\/wp\/v2\/media\/56289"}],"wp:attachment":[{"href":"https:\/\/blogdoeloiltoncajuhy.com.br\/site\/wp-json\/wp\/v2\/media?parent=56288"}],"wp:term":[{"taxonomy":"category","embeddable":true,"href":"https:\/\/blogdoeloiltoncajuhy.com.br\/site\/wp-json\/wp\/v2\/categories?post=56288"},{"taxonomy":"post_tag","embeddable":true,"href":"https:\/\/blogdoeloiltoncajuhy.com.br\/site\/wp-json\/wp\/v2\/tags?post=56288"}],"curies":[{"name":"wp","href":"https:\/\/api.w.org\/{rel}","templated":true}]}}