{"id":56282,"date":"2021-05-09T20:51:11","date_gmt":"2021-05-09T23:51:11","guid":{"rendered":"http:\/\/blogdoeloiltoncajuhy.com.br\/site\/?p=56282"},"modified":"2021-05-10T08:05:25","modified_gmt":"2021-05-10T11:05:25","slug":"pm-de-senhor-do-bonfim-lotado-em-campo-formoso-e-mais-uma-vitima-da-covid-19","status":"publish","type":"post","link":"https:\/\/blogdoeloiltoncajuhy.com.br\/site\/pm-de-senhor-do-bonfim-lotado-em-campo-formoso-e-mais-uma-vitima-da-covid-19\/","title":{"rendered":"PM de Senhor do Bonfim lotado em Campo Formoso \u00e9 mais uma v\u00edtima da Covid-19"},"content":{"rendered":"\n<p class=\"has-black-color has-text-color\"><strong><em>Atualizado em 10 de maio de 2021 \u00e0s 7h50<\/em><\/strong><\/p>\n\n\n\n<div class=\"wp-block-image\"><figure class=\"aligncenter size-large\"><a href=\"https:\/\/i0.wp.com\/blogdoeloiltoncajuhy.com.br\/site\/wp-content\/uploads\/2021\/05\/Cabo-PM-Neguinho.jpeg\"><img data-recalc-dims=\"1\" fetchpriority=\"high\" decoding=\"async\" width=\"525\" height=\"507\" src=\"https:\/\/i0.wp.com\/blogdoeloiltoncajuhy.com.br\/site\/wp-content\/uploads\/2021\/05\/Cabo-PM-Neguinho.jpeg?resize=525%2C507\" alt=\"\" class=\"wp-image-56283\" srcset=\"https:\/\/i0.wp.com\/blogdoeloiltoncajuhy.com.br\/site\/wp-content\/uploads\/2021\/05\/Cabo-PM-Neguinho.jpeg?w=525&amp;ssl=1 525w, https:\/\/i0.wp.com\/blogdoeloiltoncajuhy.com.br\/site\/wp-content\/uploads\/2021\/05\/Cabo-PM-Neguinho.jpeg?resize=300%2C290&amp;ssl=1 300w\" sizes=\"(max-width: 525px) 100vw, 525px\" \/><\/a><figcaption><em><sub>Foto: Redes Sociais<\/sub><\/em><\/figcaption><\/figure><\/div>\n\n\n\n<p>Faleceu no in\u00edcio da noite deste domingo (09), v\u00edtima da Covid-19, o Policial Militar Antonio Jos\u00e9 Evangelista da Silva, 45 anos, mais conhecido como &#8220;Neguinho&#8221;, morador da Rua Manoel Novaes, em Senhor do Bonfim. O PM era lotado na 54\u00aa CIPM de Campo Formoso.<\/p>\n\n\n\n<p>Segundo informa\u00e7\u00f5es, Neguinho encontrava-se internado a aproximadamente um m\u00eas em hospital de Petrolina-PE, e morreu no referido hospital. Neguinho deixa esposa, a escritora Leonice Souza, e tr\u00eas filhos.<\/p>\n\n\n\n<p>O vel\u00f3rio ser\u00e1 realizado das 09h \u00e0s 11h desta segunda-feira (10), no Memorial Vila Nova, e seu sepultamento acontecer\u00e1 logo em seguida no Cemit\u00e9rio Jardim da Esperan\u00e7a, nesta cidade.<\/p>\n\n\n\n<p class=\"has-black-color has-text-color\"><strong>O Comando de Policiamento da Regia\u0303o Norte (CPRN) divulgou nota de pesar lamentando o falecimento do policial:<\/strong><\/p>\n\n\n\n<div class=\"wp-block-image\"><figure class=\"aligncenter size-full is-resized\"><a href=\"https:\/\/i0.wp.com\/blogdoeloiltoncajuhy.com.br\/site\/wp-content\/uploads\/2021\/05\/PM-Norte-Nota-de-Pesar.png\"><img data-recalc-dims=\"1\" decoding=\"async\" src=\"https:\/\/i0.wp.com\/blogdoeloiltoncajuhy.com.br\/site\/wp-content\/uploads\/2021\/05\/PM-Norte-Nota-de-Pesar.png?resize=459%2C515\" alt=\"\" class=\"wp-image-56284\" width=\"459\" height=\"515\" srcset=\"https:\/\/i0.wp.com\/blogdoeloiltoncajuhy.com.br\/site\/wp-content\/uploads\/2021\/05\/PM-Norte-Nota-de-Pesar.png?w=612&amp;ssl=1 612w, https:\/\/i0.wp.com\/blogdoeloiltoncajuhy.com.br\/site\/wp-content\/uploads\/2021\/05\/PM-Norte-Nota-de-Pesar.png?resize=268%2C300&amp;ssl=1 268w\" sizes=\"(max-width: 459px) 100vw, 459px\" \/><\/a><\/figure><\/div>\n\n\n\n<p><em>E\u0301 com grande pesar que o Coronel PM Valter Ara\u00fajo, Comandante do Comando de Policiamento da Regia\u0303o Norte (CPRN), comunica o falecimento do Cabo PM Ant\u00f4nio Jos\u00e9 Evangelista da Silva, neste domingo (09).<\/em><\/p>\n\n\n\n<p><em>O Policial Militar era lotado na 54\u00aa CIPM \/ Campo Formoso &#8211; BA. Deixa esposa e tr\u00eas filhos.<\/em><\/p>\n\n\n\n<p><em>Todos os Oficiais e Prac\u0327as que compo\u0303em o efetivo do CPRN manifestam os mais profundos sentimentos de solidariedade a\u0300 fami\u0301lia e amigos do policial militar.<\/em><\/p>\n","protected":false},"excerpt":{"rendered":"<p>Atualizado em 10 de maio de 2021 \u00e0s 7h50 Faleceu no in\u00edcio da noite deste domingo (09), v\u00edtima da Covid-19, o Policial Militar Antonio Jos\u00e9 Evangelista da Silva, 45 anos, mais conhecido como &#8220;Neguinho&#8221;, morador da Rua Manoel Novaes, em Senhor do Bonfim. O PM era lotado na 54\u00aa CIPM de Campo Formoso. Segundo informa\u00e7\u00f5es, [&hellip;]<\/p>\n","protected":false},"author":2,"featured_media":56310,"comment_status":"open","ping_status":"open","sticky":false,"template":"","format":"standard","meta":{"_acf_changed":false,"_monsterinsights_skip_tracking":false,"_monsterinsights_sitenote_active":false,"_monsterinsights_sitenote_note":"","_monsterinsights_sitenote_category":0,"_jetpack_memberships_contains_paid_content":false,"footnotes":"","jetpack_publicize_message":"","jetpack_publicize_feature_enabled":true,"jetpack_social_post_already_shared":false,"jetpack_social_options":{"image_generator_settings":{"template":"highway","default_image_id":0,"font":"","enabled":false},"version":2}},"categories":[4],"tags":[],"class_list":["post-56282","post","type-post","status-publish","format-standard","has-post-thumbnail","hentry","category-local"],"acf":[],"jetpack_publicize_connections":[],"jetpack_featured_media_url":"https:\/\/i0.wp.com\/blogdoeloiltoncajuhy.com.br\/site\/wp-content\/uploads\/2021\/05\/antonio-evangelista.jpg?fit=540%2C659&ssl=1","jetpack_sharing_enabled":true,"publishpress_future_workflow_manual_trigger":{"enabledWorkflows":[]},"_links":{"self":[{"href":"https:\/\/blogdoeloiltoncajuhy.com.br\/site\/wp-json\/wp\/v2\/posts\/56282","targetHints":{"allow":["GET"]}}],"collection":[{"href":"https:\/\/blogdoeloiltoncajuhy.com.br\/site\/wp-json\/wp\/v2\/posts"}],"about":[{"href":"https:\/\/blogdoeloiltoncajuhy.com.br\/site\/wp-json\/wp\/v2\/types\/post"}],"author":[{"embeddable":true,"href":"https:\/\/blogdoeloiltoncajuhy.com.br\/site\/wp-json\/wp\/v2\/users\/2"}],"replies":[{"embeddable":true,"href":"https:\/\/blogdoeloiltoncajuhy.com.br\/site\/wp-json\/wp\/v2\/comments?post=56282"}],"version-history":[{"count":4,"href":"https:\/\/blogdoeloiltoncajuhy.com.br\/site\/wp-json\/wp\/v2\/posts\/56282\/revisions"}],"predecessor-version":[{"id":56309,"href":"https:\/\/blogdoeloiltoncajuhy.com.br\/site\/wp-json\/wp\/v2\/posts\/56282\/revisions\/56309"}],"wp:featuredmedia":[{"embeddable":true,"href":"https:\/\/blogdoeloiltoncajuhy.com.br\/site\/wp-json\/wp\/v2\/media\/56310"}],"wp:attachment":[{"href":"https:\/\/blogdoeloiltoncajuhy.com.br\/site\/wp-json\/wp\/v2\/media?parent=56282"}],"wp:term":[{"taxonomy":"category","embeddable":true,"href":"https:\/\/blogdoeloiltoncajuhy.com.br\/site\/wp-json\/wp\/v2\/categories?post=56282"},{"taxonomy":"post_tag","embeddable":true,"href":"https:\/\/blogdoeloiltoncajuhy.com.br\/site\/wp-json\/wp\/v2\/tags?post=56282"}],"curies":[{"name":"wp","href":"https:\/\/api.w.org\/{rel}","templated":true}]}}