{"id":56276,"date":"2021-05-08T21:37:23","date_gmt":"2021-05-09T00:37:23","guid":{"rendered":"http:\/\/blogdoeloiltoncajuhy.com.br\/site\/?p=56276"},"modified":"2021-05-08T21:37:24","modified_gmt":"2021-05-09T00:37:24","slug":"prefeitura-de-andorinha-retoma-obras-de-pavimentacao-asfaltica-do-centro-da-cidade","status":"publish","type":"post","link":"https:\/\/blogdoeloiltoncajuhy.com.br\/site\/prefeitura-de-andorinha-retoma-obras-de-pavimentacao-asfaltica-do-centro-da-cidade\/","title":{"rendered":"Prefeitura de Andorinha retoma obras de pavimenta\u00e7\u00e3o asf\u00e1ltica do centro da cidade"},"content":{"rendered":"\n<div class=\"wp-block-image\"><figure class=\"aligncenter size-large\"><a href=\"https:\/\/i0.wp.com\/blogdoeloiltoncajuhy.com.br\/site\/wp-content\/uploads\/2021\/05\/PMA_ObrasAsfaltoRetomadas.jpeg\"><img data-recalc-dims=\"1\" fetchpriority=\"high\" decoding=\"async\" width=\"800\" height=\"369\" src=\"https:\/\/i0.wp.com\/blogdoeloiltoncajuhy.com.br\/site\/wp-content\/uploads\/2021\/05\/PMA_ObrasAsfaltoRetomadas.jpeg?resize=800%2C369\" alt=\"\" class=\"wp-image-56277\" srcset=\"https:\/\/i0.wp.com\/blogdoeloiltoncajuhy.com.br\/site\/wp-content\/uploads\/2021\/05\/PMA_ObrasAsfaltoRetomadas.jpeg?resize=1024%2C472&amp;ssl=1 1024w, https:\/\/i0.wp.com\/blogdoeloiltoncajuhy.com.br\/site\/wp-content\/uploads\/2021\/05\/PMA_ObrasAsfaltoRetomadas.jpeg?resize=300%2C138&amp;ssl=1 300w, https:\/\/i0.wp.com\/blogdoeloiltoncajuhy.com.br\/site\/wp-content\/uploads\/2021\/05\/PMA_ObrasAsfaltoRetomadas.jpeg?resize=768%2C354&amp;ssl=1 768w, https:\/\/i0.wp.com\/blogdoeloiltoncajuhy.com.br\/site\/wp-content\/uploads\/2021\/05\/PMA_ObrasAsfaltoRetomadas.jpeg?w=1280&amp;ssl=1 1280w\" sizes=\"(max-width: 800px) 100vw, 800px\" \/><\/a><\/figure><\/div>\n\n\n\n<p>O prefeito Municipal de Andorinha, Renato Brand\u00e3o, percorreu na manh\u00e3 deste s\u00e1bado (08) as ruas que est\u00e3o retomando as obras de pavimenta\u00e7\u00e3o asf\u00e1ltica no munic\u00edpio.<\/p>\n\n\n\n<p>Ap\u00f3s a conclus\u00e3o da obra, a pavimenta\u00e7\u00e3o asf\u00e1ltica totalizar\u00e1 2 km nas principais ruas do centro da cidade. Uma conquista para a popula\u00e7\u00e3o.<\/p>\n\n\n\n<p><em>\u201cEstamos trabalhando para dar qualidade de vida para a popula\u00e7\u00e3o andorinhense e com certeza esta obra contribuir\u00e1 para melhorar a qualidade de vida do nosso povo. Essa \u00e9 mais uma conquista do nosso governo. Trabalhando juntos para a nossa cidade melhorar&#8221;<\/em>, pontuou o prefeito.<\/p>\n","protected":false},"excerpt":{"rendered":"<p>O prefeito Municipal de Andorinha, Renato Brand\u00e3o, percorreu na manh\u00e3 deste s\u00e1bado (08) as ruas que est\u00e3o retomando as obras de pavimenta\u00e7\u00e3o asf\u00e1ltica no munic\u00edpio. Ap\u00f3s a conclus\u00e3o da obra, a pavimenta\u00e7\u00e3o asf\u00e1ltica totalizar\u00e1 2 km nas principais ruas do centro da cidade. Uma conquista para a popula\u00e7\u00e3o. \u201cEstamos trabalhando para dar qualidade de vida [&hellip;]<\/p>\n","protected":false},"author":2,"featured_media":56277,"comment_status":"open","ping_status":"open","sticky":false,"template":"","format":"standard","meta":{"_acf_changed":false,"_monsterinsights_skip_tracking":false,"_monsterinsights_sitenote_active":false,"_monsterinsights_sitenote_note":"","_monsterinsights_sitenote_category":0,"_jetpack_memberships_contains_paid_content":false,"footnotes":"","jetpack_publicize_message":"","jetpack_publicize_feature_enabled":true,"jetpack_social_post_already_shared":false,"jetpack_social_options":{"image_generator_settings":{"template":"highway","default_image_id":0,"font":"","enabled":false},"version":2}},"categories":[11],"tags":[],"class_list":["post-56276","post","type-post","status-publish","format-standard","has-post-thumbnail","hentry","category-regional"],"acf":[],"jetpack_publicize_connections":[],"jetpack_featured_media_url":"https:\/\/i0.wp.com\/blogdoeloiltoncajuhy.com.br\/site\/wp-content\/uploads\/2021\/05\/PMA_ObrasAsfaltoRetomadas.jpeg?fit=1280%2C590&ssl=1","jetpack_sharing_enabled":true,"publishpress_future_workflow_manual_trigger":{"enabledWorkflows":[]},"_links":{"self":[{"href":"https:\/\/blogdoeloiltoncajuhy.com.br\/site\/wp-json\/wp\/v2\/posts\/56276","targetHints":{"allow":["GET"]}}],"collection":[{"href":"https:\/\/blogdoeloiltoncajuhy.com.br\/site\/wp-json\/wp\/v2\/posts"}],"about":[{"href":"https:\/\/blogdoeloiltoncajuhy.com.br\/site\/wp-json\/wp\/v2\/types\/post"}],"author":[{"embeddable":true,"href":"https:\/\/blogdoeloiltoncajuhy.com.br\/site\/wp-json\/wp\/v2\/users\/2"}],"replies":[{"embeddable":true,"href":"https:\/\/blogdoeloiltoncajuhy.com.br\/site\/wp-json\/wp\/v2\/comments?post=56276"}],"version-history":[{"count":1,"href":"https:\/\/blogdoeloiltoncajuhy.com.br\/site\/wp-json\/wp\/v2\/posts\/56276\/revisions"}],"predecessor-version":[{"id":56278,"href":"https:\/\/blogdoeloiltoncajuhy.com.br\/site\/wp-json\/wp\/v2\/posts\/56276\/revisions\/56278"}],"wp:featuredmedia":[{"embeddable":true,"href":"https:\/\/blogdoeloiltoncajuhy.com.br\/site\/wp-json\/wp\/v2\/media\/56277"}],"wp:attachment":[{"href":"https:\/\/blogdoeloiltoncajuhy.com.br\/site\/wp-json\/wp\/v2\/media?parent=56276"}],"wp:term":[{"taxonomy":"category","embeddable":true,"href":"https:\/\/blogdoeloiltoncajuhy.com.br\/site\/wp-json\/wp\/v2\/categories?post=56276"},{"taxonomy":"post_tag","embeddable":true,"href":"https:\/\/blogdoeloiltoncajuhy.com.br\/site\/wp-json\/wp\/v2\/tags?post=56276"}],"curies":[{"name":"wp","href":"https:\/\/api.w.org\/{rel}","templated":true}]}}