{"id":56272,"date":"2021-05-08T21:27:19","date_gmt":"2021-05-09T00:27:19","guid":{"rendered":"http:\/\/blogdoeloiltoncajuhy.com.br\/site\/?p=56272"},"modified":"2021-05-08T21:27:20","modified_gmt":"2021-05-09T00:27:20","slug":"bahia-deve-vacinar-mais-de-10-milhoes-de-animais-contra-a-febre-aftosa-ate-o-final-de-maio","status":"publish","type":"post","link":"https:\/\/blogdoeloiltoncajuhy.com.br\/site\/bahia-deve-vacinar-mais-de-10-milhoes-de-animais-contra-a-febre-aftosa-ate-o-final-de-maio\/","title":{"rendered":"Bahia deve vacinar mais de 10 milh\u00f5es de animais contra a febre aftosa at\u00e9 o final de maio"},"content":{"rendered":"\n<div class=\"wp-block-image\"><figure class=\"aligncenter size-large\"><a href=\"https:\/\/i0.wp.com\/blogdoeloiltoncajuhy.com.br\/site\/wp-content\/uploads\/2021\/05\/GOVBA_CampanhaAftosa2021.jpg\"><img data-recalc-dims=\"1\" fetchpriority=\"high\" decoding=\"async\" width=\"800\" height=\"534\" src=\"https:\/\/i0.wp.com\/blogdoeloiltoncajuhy.com.br\/site\/wp-content\/uploads\/2021\/05\/GOVBA_CampanhaAftosa2021.jpg?resize=800%2C534\" alt=\"\" class=\"wp-image-56273\" srcset=\"https:\/\/i0.wp.com\/blogdoeloiltoncajuhy.com.br\/site\/wp-content\/uploads\/2021\/05\/GOVBA_CampanhaAftosa2021.jpg?resize=1024%2C683&amp;ssl=1 1024w, https:\/\/i0.wp.com\/blogdoeloiltoncajuhy.com.br\/site\/wp-content\/uploads\/2021\/05\/GOVBA_CampanhaAftosa2021.jpg?resize=300%2C200&amp;ssl=1 300w, https:\/\/i0.wp.com\/blogdoeloiltoncajuhy.com.br\/site\/wp-content\/uploads\/2021\/05\/GOVBA_CampanhaAftosa2021.jpg?resize=768%2C512&amp;ssl=1 768w, https:\/\/i0.wp.com\/blogdoeloiltoncajuhy.com.br\/site\/wp-content\/uploads\/2021\/05\/GOVBA_CampanhaAftosa2021.jpg?w=1068&amp;ssl=1 1068w\" sizes=\"(max-width: 800px) 100vw, 800px\" \/><\/a><figcaption><em><sub>Foto: Fernando Vivas\/GOVBA<\/sub><\/em><\/figcaption><\/figure><\/div>\n\n\n\n<p>A Bahia j\u00e1 iniciou a campanha de vacina\u00e7\u00e3o contra a febre aftosa e os animais, de todas as idades, devem ser vacinados at\u00e9 dia 31 de maio. O estado possui um rebanho de 10,7 milh\u00f5es de cabe\u00e7as de gado e h\u00e1 23 anos \u00e9 considerada zona livre de febre aftosa. A expectativa \u00e9 de que, em 2023, seja retirada a vacina por conta da erradica\u00e7\u00e3o da doen\u00e7a em territ\u00f3rio baiano.<\/p>\n\n\n\n<p>Segundo o diretor-geral da Ag\u00eancia de Defesa Agropecu\u00e1ria da Bahia (Adab), Maur\u00edcio Bacelar, a vacina\u00e7\u00e3o \u00e9 obrigat\u00f3ria para todos os animais e inclui tamb\u00e9m os bubalinos. <em>\u201cIremos vacinar todos os bovinos e bubalinos. Mais uma vez, a Adab, a Secretaria de Agricultura e o Governo do Estado contam com a colabora\u00e7\u00e3o dos produtores para imunizar o rebanho. Os animais mais jovens, bezerros, devem ter um cuidado especial, j\u00e1 que s\u00e3o mais vulner\u00e1veis. \u00c9 importante destacar que a campanha s\u00f3 se encerra ap\u00f3s a declara\u00e7\u00e3o de todo o rebanho. A declara\u00e7\u00e3o pode ser feita presencialmente nos escrit\u00f3rios da Adab ou pelo site\u201d<\/em>.<\/p>\n\n\n\n<p>A Ag\u00eancia possui 384 escrit\u00f3rios espalhados pelos 27 Territ\u00f3rios de Identidade do estado. Al\u00e9m disso, a vacina de 2 ml poder ser comprada pelos produtores rurais em mais de mil pontos de revendas credenciados pela Adab. A avalia\u00e7\u00e3o para retirada da vacina\u00e7\u00e3o contra a febre aftosa na Bahia depender\u00e1 da realiza\u00e7\u00e3o de auditorias e sorologia dos animais. Os produtores que n\u00e3o realizarem a vacina\u00e7\u00e3o pagar\u00e3o multa no valor de R$ 53, por animal. Informa\u00e7\u00f5es detalhadas sobre a vacina\u00e7\u00e3o contra a febre aftosa est\u00e3o dispon\u00edveis no site da Adab.<\/p>\n\n\n\n<p>A Bahia possui certifica\u00e7\u00e3o de \u00c1rea Livre de Febre Aftosa com Vacina\u00e7\u00e3o, tendo implementado a vacina de forma oficial em 1968. O coordenador do Programa Febre Aftosa da Adab, Jos\u00e9 Neder, destacou que a parceria com os produtores \u00e9 fundamental para manter o estado como zona livre da doen\u00e7a. <em>\u201c\u00c9 muito importante que, ocorrendo qualquer suspeita da doen\u00e7a, o produtor comunique imediatamente a Ag\u00eancia para que possamos fazer o atendimento. \u00c9 necess\u00e1rio que o produtor fique ainda mais atento ao seu rebanho e, se observar algum animal babando, mancando, salivando, deitado com o pelo arrepiado no rebanho, deve comunicar de imediato \u00e0 Adab. Esse atendimento ser\u00e1 gratuito e \u00e9 imprescind\u00edvel para que o estado possa avan\u00e7ar na retirada da vacina em 2023\u201d<\/em>, explicou.<\/p>\n","protected":false},"excerpt":{"rendered":"<p>A Bahia j\u00e1 iniciou a campanha de vacina\u00e7\u00e3o contra a febre aftosa e os animais, de todas as idades, devem ser vacinados at\u00e9 dia 31 de maio. O estado possui um rebanho de 10,7 milh\u00f5es de cabe\u00e7as de gado e h\u00e1 23 anos \u00e9 considerada zona livre de febre aftosa. A expectativa \u00e9 de que, [&hellip;]<\/p>\n","protected":false},"author":2,"featured_media":56273,"comment_status":"open","ping_status":"open","sticky":false,"template":"","format":"standard","meta":{"_acf_changed":false,"_monsterinsights_skip_tracking":false,"_monsterinsights_sitenote_active":false,"_monsterinsights_sitenote_note":"","_monsterinsights_sitenote_category":0,"_jetpack_memberships_contains_paid_content":false,"footnotes":"","jetpack_publicize_message":"","jetpack_publicize_feature_enabled":true,"jetpack_social_post_already_shared":false,"jetpack_social_options":{"image_generator_settings":{"template":"highway","default_image_id":0,"font":"","enabled":false},"version":2}},"categories":[1],"tags":[],"class_list":["post-56272","post","type-post","status-publish","format-standard","has-post-thumbnail","hentry","category-noticias"],"acf":[],"jetpack_publicize_connections":[],"jetpack_featured_media_url":"https:\/\/i0.wp.com\/blogdoeloiltoncajuhy.com.br\/site\/wp-content\/uploads\/2021\/05\/GOVBA_CampanhaAftosa2021.jpg?fit=1068%2C712&ssl=1","jetpack_sharing_enabled":true,"publishpress_future_workflow_manual_trigger":{"enabledWorkflows":[]},"_links":{"self":[{"href":"https:\/\/blogdoeloiltoncajuhy.com.br\/site\/wp-json\/wp\/v2\/posts\/56272","targetHints":{"allow":["GET"]}}],"collection":[{"href":"https:\/\/blogdoeloiltoncajuhy.com.br\/site\/wp-json\/wp\/v2\/posts"}],"about":[{"href":"https:\/\/blogdoeloiltoncajuhy.com.br\/site\/wp-json\/wp\/v2\/types\/post"}],"author":[{"embeddable":true,"href":"https:\/\/blogdoeloiltoncajuhy.com.br\/site\/wp-json\/wp\/v2\/users\/2"}],"replies":[{"embeddable":true,"href":"https:\/\/blogdoeloiltoncajuhy.com.br\/site\/wp-json\/wp\/v2\/comments?post=56272"}],"version-history":[{"count":2,"href":"https:\/\/blogdoeloiltoncajuhy.com.br\/site\/wp-json\/wp\/v2\/posts\/56272\/revisions"}],"predecessor-version":[{"id":56275,"href":"https:\/\/blogdoeloiltoncajuhy.com.br\/site\/wp-json\/wp\/v2\/posts\/56272\/revisions\/56275"}],"wp:featuredmedia":[{"embeddable":true,"href":"https:\/\/blogdoeloiltoncajuhy.com.br\/site\/wp-json\/wp\/v2\/media\/56273"}],"wp:attachment":[{"href":"https:\/\/blogdoeloiltoncajuhy.com.br\/site\/wp-json\/wp\/v2\/media?parent=56272"}],"wp:term":[{"taxonomy":"category","embeddable":true,"href":"https:\/\/blogdoeloiltoncajuhy.com.br\/site\/wp-json\/wp\/v2\/categories?post=56272"},{"taxonomy":"post_tag","embeddable":true,"href":"https:\/\/blogdoeloiltoncajuhy.com.br\/site\/wp-json\/wp\/v2\/tags?post=56272"}],"curies":[{"name":"wp","href":"https:\/\/api.w.org\/{rel}","templated":true}]}}