{"id":56260,"date":"2021-05-08T13:54:42","date_gmt":"2021-05-08T16:54:42","guid":{"rendered":"http:\/\/blogdoeloiltoncajuhy.com.br\/site\/?p=56260"},"modified":"2021-05-08T13:54:43","modified_gmt":"2021-05-08T16:54:43","slug":"menino-de-7-anos-junta-dinheiro-com-venda-de-geladinhos-na-bahia-e-doa-cestas-basicas-para-familias-carentes","status":"publish","type":"post","link":"https:\/\/blogdoeloiltoncajuhy.com.br\/site\/menino-de-7-anos-junta-dinheiro-com-venda-de-geladinhos-na-bahia-e-doa-cestas-basicas-para-familias-carentes\/","title":{"rendered":"Menino de 7 anos junta dinheiro com venda de &#8216;geladinhos&#8217; na Bahia e doa cestas b\u00e1sicas para fam\u00edlias carentes"},"content":{"rendered":"\n<h5 class=\"has-text-align-center wp-block-heading\"><em>Samuel Soares mora na cidade de Caetit\u00e9, no sudoeste da Bahia. Ao lado das cestas, crian\u00e7a escreveu um bilhete que dizia: &#8216;Oi, eu sou Samuel, tenho 7 anos. Deus aben\u00e7oe sua vida&#8217; e desenhou um cora\u00e7\u00e3o ao lado da frase<\/em><\/h5>\n\n\n\n<div class=\"wp-block-image\"><figure class=\"aligncenter size-large\"><a href=\"https:\/\/i0.wp.com\/blogdoeloiltoncajuhy.com.br\/site\/wp-content\/uploads\/2021\/05\/Samuel-Soares-01.jpeg\"><img data-recalc-dims=\"1\" fetchpriority=\"high\" decoding=\"async\" width=\"800\" height=\"715\" src=\"https:\/\/i0.wp.com\/blogdoeloiltoncajuhy.com.br\/site\/wp-content\/uploads\/2021\/05\/Samuel-Soares-01.jpeg?resize=800%2C715\" alt=\"\" class=\"wp-image-56261\" srcset=\"https:\/\/i0.wp.com\/blogdoeloiltoncajuhy.com.br\/site\/wp-content\/uploads\/2021\/05\/Samuel-Soares-01.jpeg?w=984&amp;ssl=1 984w, https:\/\/i0.wp.com\/blogdoeloiltoncajuhy.com.br\/site\/wp-content\/uploads\/2021\/05\/Samuel-Soares-01.jpeg?resize=300%2C268&amp;ssl=1 300w, https:\/\/i0.wp.com\/blogdoeloiltoncajuhy.com.br\/site\/wp-content\/uploads\/2021\/05\/Samuel-Soares-01.jpeg?resize=768%2C686&amp;ssl=1 768w\" sizes=\"(max-width: 800px) 100vw, 800px\" \/><\/a><figcaption><em><sub>Samuel Soares juntou dinheiro com venda de &#8216;geladinhos&#8217; e doou cestas b\u00e1sicas para fam\u00edlias carentes \u2014 Foto: Arquivo Pessoal<\/sub><\/em><\/figcaption><\/figure><\/div>\n\n\n\n<p>O pequeno Samuel Soares, de 7 anos, surpreendeu a fam\u00edlia quando disse que queria vender &#8220;geladinhos&#8221; na cidade de Caetit\u00e9, no sudoeste da Bahia. A ideia do garoto foi aceita pelos pais quando ele revelou o motivo: gastar o dinheiro das vendas com cestas b\u00e1sicas para fam\u00edlias carentes.<\/p>\n\n\n\n<figure class=\"wp-block-pullquote is-style-solid-color\"><blockquote><p>\u201cEu vi muitas pessoas precisando de comida, precisando comer e eu fui l\u00e1 e pedi para minha m\u00e3e fazer o geladinho e vender para poder doar\u201d, disse o garoto Samuel Soares.<\/p><\/blockquote><\/figure>\n\n\n\n<p>A ideia de Samuel foi bem aceita pelos pais do garoto, o casal de fot\u00f3grafos Amilton Miranda e Simone Soares. O pai do menino confessou que se sentiu surpreso inicialmente.<\/p>\n\n\n\n<p><em>\u201cEu fiquei surpreso, porque eu n\u00e3o entendi. Eu fiquei perguntando a ele onde teve essa ideia, onde ele viu isso. \u2018N\u00e3o pai, eu s\u00f3 queria ajudar\u2019. E eu achei interessante porque a gente aqui em casa nunca tinha feito uma a\u00e7\u00e3o dessa\u201d<\/em>, contou Amilton Miranda.<\/p>\n\n\n\n<p>Segundo Simone Soares, o menino primeiro n\u00e3o contou qual era o motivo da inusitada venda dos geladinhos. Os pais, preocupados, disseram que ele n\u00e3o tinha idade para vender o lanche, mas Samuel n\u00e3o desistiu.<\/p>\n\n\n\n<figure class=\"wp-block-pullquote is-style-solid-color\"><blockquote><p>\u201cEle pediu, falou comigo e meu esposo, que queria vender geladinhos. A\u00ed, no primeiro momento, a gente explicou para ele que ele \u00e9 muito novo, que ele n\u00e3o ia saber vender geladinho, fazer troco, s\u00f3 que ele continuou insistindo\u201d, disse Simone Soares.<\/p><\/blockquote><\/figure>\n\n\n\n<p>Se a ideia n\u00e3o foi aceita pelos pais, Samuel apelou e foi contar para a av\u00f3, Maria do Carmo Soares. Como ele j\u00e1 esperava, surgiu o primeiro apoio e ele ganhou o isopor para colocar os geladinhos.<\/p>\n\n\n\n<p><em>&#8220;Ele comentou com a minha m\u00e3e e ela comprou o isopor. Ele continuou insistindo e eu falei: \u2018Eu fa\u00e7o o geladinho, mas s\u00f3 se voc\u00ea me falar qual a finalidade do dinheiro\u2019. A\u00ed ele me falou: \u2018N\u00e3o m\u00e3e, eu quero ajudar as pessoas que n\u00e3o tem o que comer\u2019. A\u00ed n\u00e3o tem como dizer n\u00e3o, n\u00e9?\u201d<\/em>, contou a m\u00e3e do garoto, que ao saber qual era a inten\u00e7\u00e3o do filho, aceitou o pedido.<\/p>\n\n\n\n<div class=\"wp-block-image\"><figure class=\"aligncenter size-large\"><a href=\"https:\/\/i0.wp.com\/blogdoeloiltoncajuhy.com.br\/site\/wp-content\/uploads\/2021\/05\/Samuel-Soares-Cestas.jpeg\"><img data-recalc-dims=\"1\" decoding=\"async\" width=\"800\" height=\"600\" src=\"https:\/\/i0.wp.com\/blogdoeloiltoncajuhy.com.br\/site\/wp-content\/uploads\/2021\/05\/Samuel-Soares-Cestas.jpeg?resize=800%2C600\" alt=\"\" class=\"wp-image-56262\" srcset=\"https:\/\/i0.wp.com\/blogdoeloiltoncajuhy.com.br\/site\/wp-content\/uploads\/2021\/05\/Samuel-Soares-Cestas.jpeg?w=984&amp;ssl=1 984w, https:\/\/i0.wp.com\/blogdoeloiltoncajuhy.com.br\/site\/wp-content\/uploads\/2021\/05\/Samuel-Soares-Cestas.jpeg?resize=300%2C225&amp;ssl=1 300w, https:\/\/i0.wp.com\/blogdoeloiltoncajuhy.com.br\/site\/wp-content\/uploads\/2021\/05\/Samuel-Soares-Cestas.jpeg?resize=768%2C576&amp;ssl=1 768w\" sizes=\"(max-width: 800px) 100vw, 800px\" \/><\/a><figcaption><em>Cestas b\u00e1sicas montadas por Samuel e os pais \u2014 Foto: Arquivo Pessoal<\/em><\/figcaption><\/figure><\/div>\n\n\n\n<p>A ideia de Samuel surgiu no final de fevereiro e a fam\u00edlia passou dois meses vendendo &#8220;geladinhos gourmet&#8221;, uma esp\u00e9cie de sorvetes de frutas ou chocolates, batidos com leite, armazenados em sacos pl\u00e1sticos. Sucesso em Caetit\u00e9.<\/p>\n\n\n\n<p>Ao G1, a fot\u00f3grafa contou que a ideia inicial era divulgar a venda dos geladinhos apenas nos grupos de aplicativo de mensagem da fam\u00edlia. O &#8220;neg\u00f3cio&#8221; do Samuel cresceu mais um pouco e ganhou at\u00e9 um ponto fixo, a barraquinha da av\u00f3, na feira org\u00e2nica, que funciona na cidade, toda quinta-feira.<\/p>\n\n\n\n<p><em>\u201cEu fiz os geladinhos, s\u00f3 coloquei no grupo da fam\u00edlia porque meus pais moram na zona rural, falando da iniciativa dele, quem quisesse colaborar, para quem seria e a\u00ed levamos pra ro\u00e7a, vendemos o geladinho e o pessoal colaborou\u201d<\/em>.<\/p>\n\n\n\n<div class=\"wp-block-image\"><figure class=\"aligncenter size-large\"><a href=\"https:\/\/i0.wp.com\/blogdoeloiltoncajuhy.com.br\/site\/wp-content\/uploads\/2021\/05\/Samuel-Soares-Pais.jpeg\"><img data-recalc-dims=\"1\" decoding=\"async\" width=\"800\" height=\"593\" src=\"https:\/\/i0.wp.com\/blogdoeloiltoncajuhy.com.br\/site\/wp-content\/uploads\/2021\/05\/Samuel-Soares-Pais.jpeg?resize=800%2C593\" alt=\"\" class=\"wp-image-56263\" srcset=\"https:\/\/i0.wp.com\/blogdoeloiltoncajuhy.com.br\/site\/wp-content\/uploads\/2021\/05\/Samuel-Soares-Pais.jpeg?w=984&amp;ssl=1 984w, https:\/\/i0.wp.com\/blogdoeloiltoncajuhy.com.br\/site\/wp-content\/uploads\/2021\/05\/Samuel-Soares-Pais.jpeg?resize=300%2C223&amp;ssl=1 300w, https:\/\/i0.wp.com\/blogdoeloiltoncajuhy.com.br\/site\/wp-content\/uploads\/2021\/05\/Samuel-Soares-Pais.jpeg?resize=768%2C570&amp;ssl=1 768w\" sizes=\"(max-width: 800px) 100vw, 800px\" \/><\/a><figcaption><em><sub>Samuel mora com os pais Simone e Amilton, na cidade de Caetit\u00e9, no sudoeste da Bahia \u2014 Foto: Arquivo Pessoal<\/sub><\/em><\/figcaption><\/figure><\/div>\n\n\n\n<p>Ap\u00f3s vender os geladinhos, foi a vez do pai de Samuel colocar a m\u00e3o na massa e ir comprar os alimentos. A estrat\u00e9gia da fam\u00edlia era de fazer 10 cestas b\u00e1sicas, mas depois de comprar os alimentos, eles resolveram montar cinco, s\u00f3 que mais refor\u00e7ada.<\/p>\n\n\n\n<p>A escolha das fam\u00edlias foi feita depois de uma conversa de Simone com a manicure. Ela revelou que n\u00e3o queria fazer doa\u00e7\u00f5es para institui\u00e7\u00f5es, porque queria que as cestas b\u00e1sicas fossem entregues para pessoas que tivessem passando por vulnerabilidades e que n\u00e3o contam com ajuda.<\/p>\n\n\n\n<p><em>\u201cEla [uma mulher que organiza um projeto de doa\u00e7\u00f5es em Caetit\u00e9] me passou o n\u00famero e eu conversei. Falei que queria ajudar cinco fam\u00edlias que precisavam mesmo. Muita gente precisa, mas tem aquelas que precisam mais, que s\u00e3o mais necessitadas\u201d<\/em>, disse a fot\u00f3grafa.<\/p>\n","protected":false},"excerpt":{"rendered":"<p>Samuel Soares mora na cidade de Caetit\u00e9, no sudoeste da Bahia. Ao lado das cestas, crian\u00e7a escreveu um bilhete que dizia: &#8216;Oi, eu sou Samuel, tenho 7 anos. Deus aben\u00e7oe sua vida&#8217; e desenhou um cora\u00e7\u00e3o ao lado da frase O pequeno Samuel Soares, de 7 anos, surpreendeu a fam\u00edlia quando disse que queria vender [&hellip;]<\/p>\n","protected":false},"author":2,"featured_media":56261,"comment_status":"open","ping_status":"open","sticky":false,"template":"","format":"standard","meta":{"_acf_changed":false,"_monsterinsights_skip_tracking":false,"_monsterinsights_sitenote_active":false,"_monsterinsights_sitenote_note":"","_monsterinsights_sitenote_category":0,"_jetpack_memberships_contains_paid_content":false,"footnotes":"","jetpack_publicize_message":"","jetpack_publicize_feature_enabled":true,"jetpack_social_post_already_shared":false,"jetpack_social_options":{"image_generator_settings":{"template":"highway","default_image_id":0,"font":"","enabled":false},"version":2}},"categories":[1],"tags":[],"class_list":["post-56260","post","type-post","status-publish","format-standard","has-post-thumbnail","hentry","category-noticias"],"acf":[],"jetpack_publicize_connections":[],"jetpack_featured_media_url":"https:\/\/i0.wp.com\/blogdoeloiltoncajuhy.com.br\/site\/wp-content\/uploads\/2021\/05\/Samuel-Soares-01.jpeg?fit=984%2C879&ssl=1","jetpack_sharing_enabled":true,"publishpress_future_workflow_manual_trigger":{"enabledWorkflows":[]},"_links":{"self":[{"href":"https:\/\/blogdoeloiltoncajuhy.com.br\/site\/wp-json\/wp\/v2\/posts\/56260","targetHints":{"allow":["GET"]}}],"collection":[{"href":"https:\/\/blogdoeloiltoncajuhy.com.br\/site\/wp-json\/wp\/v2\/posts"}],"about":[{"href":"https:\/\/blogdoeloiltoncajuhy.com.br\/site\/wp-json\/wp\/v2\/types\/post"}],"author":[{"embeddable":true,"href":"https:\/\/blogdoeloiltoncajuhy.com.br\/site\/wp-json\/wp\/v2\/users\/2"}],"replies":[{"embeddable":true,"href":"https:\/\/blogdoeloiltoncajuhy.com.br\/site\/wp-json\/wp\/v2\/comments?post=56260"}],"version-history":[{"count":2,"href":"https:\/\/blogdoeloiltoncajuhy.com.br\/site\/wp-json\/wp\/v2\/posts\/56260\/revisions"}],"predecessor-version":[{"id":56265,"href":"https:\/\/blogdoeloiltoncajuhy.com.br\/site\/wp-json\/wp\/v2\/posts\/56260\/revisions\/56265"}],"wp:featuredmedia":[{"embeddable":true,"href":"https:\/\/blogdoeloiltoncajuhy.com.br\/site\/wp-json\/wp\/v2\/media\/56261"}],"wp:attachment":[{"href":"https:\/\/blogdoeloiltoncajuhy.com.br\/site\/wp-json\/wp\/v2\/media?parent=56260"}],"wp:term":[{"taxonomy":"category","embeddable":true,"href":"https:\/\/blogdoeloiltoncajuhy.com.br\/site\/wp-json\/wp\/v2\/categories?post=56260"},{"taxonomy":"post_tag","embeddable":true,"href":"https:\/\/blogdoeloiltoncajuhy.com.br\/site\/wp-json\/wp\/v2\/tags?post=56260"}],"curies":[{"name":"wp","href":"https:\/\/api.w.org\/{rel}","templated":true}]}}