{"id":56255,"date":"2021-05-08T13:36:38","date_gmt":"2021-05-08T16:36:38","guid":{"rendered":"http:\/\/blogdoeloiltoncajuhy.com.br\/site\/?p=56255"},"modified":"2021-05-08T13:37:08","modified_gmt":"2021-05-08T16:37:08","slug":"presidente-do-consorcio-do-piemonte-participa-de-reuniao-para-celebracao-de-convenios-de-gestao-ambiental-compartilhada","status":"publish","type":"post","link":"https:\/\/blogdoeloiltoncajuhy.com.br\/site\/presidente-do-consorcio-do-piemonte-participa-de-reuniao-para-celebracao-de-convenios-de-gestao-ambiental-compartilhada\/","title":{"rendered":"Presidente do Cons\u00f3rcio do Piemonte participa de reuni\u00e3o para celebra\u00e7\u00e3o de conv\u00eanios de gest\u00e3o ambiental compartilhada"},"content":{"rendered":"\n<div class=\"wp-block-columns is-layout-flex wp-container-core-columns-is-layout-28f84493 wp-block-columns-is-layout-flex\">\n<div class=\"wp-block-column is-layout-flow wp-block-column-is-layout-flow\" style=\"flex-basis:100%\">\n<div class=\"wp-block-group\"><div class=\"wp-block-group__inner-container is-layout-flow wp-block-group-is-layout-flow\">\n<div class=\"wp-block-image\"><figure class=\"aligncenter size-large is-resized\"><a href=\"https:\/\/i0.wp.com\/blogdoeloiltoncajuhy.com.br\/site\/wp-content\/uploads\/2021\/05\/Davi-Menezes.jpeg\"><img data-recalc-dims=\"1\" fetchpriority=\"high\" decoding=\"async\" src=\"https:\/\/i0.wp.com\/blogdoeloiltoncajuhy.com.br\/site\/wp-content\/uploads\/2021\/05\/Davi-Menezes.jpeg?resize=512%2C512\" alt=\"\" class=\"wp-image-56256\" width=\"512\" height=\"512\" srcset=\"https:\/\/i0.wp.com\/blogdoeloiltoncajuhy.com.br\/site\/wp-content\/uploads\/2021\/05\/Davi-Menezes.jpeg?resize=1024%2C1024&amp;ssl=1 1024w, https:\/\/i0.wp.com\/blogdoeloiltoncajuhy.com.br\/site\/wp-content\/uploads\/2021\/05\/Davi-Menezes.jpeg?resize=300%2C300&amp;ssl=1 300w, https:\/\/i0.wp.com\/blogdoeloiltoncajuhy.com.br\/site\/wp-content\/uploads\/2021\/05\/Davi-Menezes.jpeg?resize=150%2C150&amp;ssl=1 150w, https:\/\/i0.wp.com\/blogdoeloiltoncajuhy.com.br\/site\/wp-content\/uploads\/2021\/05\/Davi-Menezes.jpeg?resize=768%2C768&amp;ssl=1 768w, https:\/\/i0.wp.com\/blogdoeloiltoncajuhy.com.br\/site\/wp-content\/uploads\/2021\/05\/Davi-Menezes.jpeg?w=1080&amp;ssl=1 1080w\" sizes=\"(max-width: 512px) 100vw, 512px\" \/><\/a><\/figure><\/div>\n<\/div><\/div>\n<\/div>\n<\/div>\n\n\n\n<p>Na \u00faltima&nbsp;quinta-feira (06), o Prefeito de Pindoba\u00e7u e Presidente do Cons\u00f3rcio de Infraestrutura do Piemonte Norte do Itapicuru, Dr. Davi Menezes, participou de uma reuni\u00e3o virtual onde foram celebrados novos conv\u00eanios com cons\u00f3rcios p\u00fablicos Intermunicipais. O evento contou com a presen\u00e7a do Governador Rui Costa e representantes dos demais cons\u00f3rcios de territ\u00f3rios de identidade da Bahia. Os novos conv\u00eanios ter\u00e3o investimentos de 250 mil reais e atender\u00e3o as cidades da regi\u00e3o<\/p>\n\n\n\n<p>O principal objetivo do&nbsp;Gest\u00e3o Ambiental Compartilhada (GAC) &nbsp;\u00e9 apoiar o processo de organiza\u00e7\u00e3o e amplia\u00e7\u00e3o da capacidade dos munic\u00edpios para a gest\u00e3o ambiental. O programa foi criado em 2008 e incorpora os aspectos centrais da lei complementar 140, do Governo Federal, sancionada em dezembro de 2011, que parte do princ\u00edpio de que a compet\u00eancia pela gest\u00e3o ambiental \u00e9 compartilhada entre os entes federados.<\/p>\n\n\n\n<p>O Cons\u00f3rcio Piemonte Norte do Itapicuru tem buscado diversos recursos junto ao governo estadual para solucionar os problemas ambientais nos munic\u00edpios, principalmente em rela\u00e7\u00e3o aos lix\u00f5es.<\/p>\n\n\n\n<p>De acordo com o presidente do cons\u00f3rcio, a libera\u00e7\u00e3o de recursos por parte do governo estadual \u00e9 uma importante iniciativa para ajudar os munic\u00edpios a enfrentar seus problemas ambientais.<\/p>\n","protected":false},"excerpt":{"rendered":"<p>Na \u00faltima&nbsp;quinta-feira (06), o Prefeito de Pindoba\u00e7u e Presidente do Cons\u00f3rcio de Infraestrutura do Piemonte Norte do Itapicuru, Dr. Davi Menezes, participou de uma reuni\u00e3o virtual onde foram celebrados novos conv\u00eanios com cons\u00f3rcios p\u00fablicos Intermunicipais. O evento contou com a presen\u00e7a do Governador Rui Costa e representantes dos demais cons\u00f3rcios de territ\u00f3rios de identidade da [&hellip;]<\/p>\n","protected":false},"author":2,"featured_media":56256,"comment_status":"open","ping_status":"open","sticky":false,"template":"","format":"standard","meta":{"_acf_changed":false,"_monsterinsights_skip_tracking":false,"_monsterinsights_sitenote_active":false,"_monsterinsights_sitenote_note":"","_monsterinsights_sitenote_category":0,"_jetpack_memberships_contains_paid_content":false,"footnotes":"","jetpack_publicize_message":"","jetpack_publicize_feature_enabled":true,"jetpack_social_post_already_shared":false,"jetpack_social_options":{"image_generator_settings":{"template":"highway","default_image_id":0,"font":"","enabled":false},"version":2}},"categories":[11],"tags":[],"class_list":["post-56255","post","type-post","status-publish","format-standard","has-post-thumbnail","hentry","category-regional"],"acf":[],"jetpack_publicize_connections":[],"jetpack_featured_media_url":"https:\/\/i0.wp.com\/blogdoeloiltoncajuhy.com.br\/site\/wp-content\/uploads\/2021\/05\/Davi-Menezes.jpeg?fit=1080%2C1080&ssl=1","jetpack_sharing_enabled":true,"publishpress_future_workflow_manual_trigger":{"enabledWorkflows":[]},"_links":{"self":[{"href":"https:\/\/blogdoeloiltoncajuhy.com.br\/site\/wp-json\/wp\/v2\/posts\/56255","targetHints":{"allow":["GET"]}}],"collection":[{"href":"https:\/\/blogdoeloiltoncajuhy.com.br\/site\/wp-json\/wp\/v2\/posts"}],"about":[{"href":"https:\/\/blogdoeloiltoncajuhy.com.br\/site\/wp-json\/wp\/v2\/types\/post"}],"author":[{"embeddable":true,"href":"https:\/\/blogdoeloiltoncajuhy.com.br\/site\/wp-json\/wp\/v2\/users\/2"}],"replies":[{"embeddable":true,"href":"https:\/\/blogdoeloiltoncajuhy.com.br\/site\/wp-json\/wp\/v2\/comments?post=56255"}],"version-history":[{"count":3,"href":"https:\/\/blogdoeloiltoncajuhy.com.br\/site\/wp-json\/wp\/v2\/posts\/56255\/revisions"}],"predecessor-version":[{"id":56259,"href":"https:\/\/blogdoeloiltoncajuhy.com.br\/site\/wp-json\/wp\/v2\/posts\/56255\/revisions\/56259"}],"wp:featuredmedia":[{"embeddable":true,"href":"https:\/\/blogdoeloiltoncajuhy.com.br\/site\/wp-json\/wp\/v2\/media\/56256"}],"wp:attachment":[{"href":"https:\/\/blogdoeloiltoncajuhy.com.br\/site\/wp-json\/wp\/v2\/media?parent=56255"}],"wp:term":[{"taxonomy":"category","embeddable":true,"href":"https:\/\/blogdoeloiltoncajuhy.com.br\/site\/wp-json\/wp\/v2\/categories?post=56255"},{"taxonomy":"post_tag","embeddable":true,"href":"https:\/\/blogdoeloiltoncajuhy.com.br\/site\/wp-json\/wp\/v2\/tags?post=56255"}],"curies":[{"name":"wp","href":"https:\/\/api.w.org\/{rel}","templated":true}]}}