{"id":56245,"date":"2021-05-08T10:08:38","date_gmt":"2021-05-08T13:08:38","guid":{"rendered":"http:\/\/blogdoeloiltoncajuhy.com.br\/site\/?p=56245"},"modified":"2021-05-08T10:08:39","modified_gmt":"2021-05-08T13:08:39","slug":"prefeitura-de-andorinha-apoia-associacoes-rurais-em-projeto-de-seguranca-alimentar-e-nutricional-junto-a-car","status":"publish","type":"post","link":"https:\/\/blogdoeloiltoncajuhy.com.br\/site\/prefeitura-de-andorinha-apoia-associacoes-rurais-em-projeto-de-seguranca-alimentar-e-nutricional-junto-a-car\/","title":{"rendered":"Prefeitura de Andorinha apoia associa\u00e7\u00f5es rurais em projeto de seguran\u00e7a alimentar e nutricional junto \u00e0 CAR"},"content":{"rendered":"\n<div class=\"wp-block-image\"><figure class=\"aligncenter size-large\"><a href=\"https:\/\/i0.wp.com\/blogdoeloiltoncajuhy.com.br\/site\/wp-content\/uploads\/2021\/05\/PMA_ProjetosAssociacoes-01.jpeg\"><img data-recalc-dims=\"1\" fetchpriority=\"high\" decoding=\"async\" width=\"800\" height=\"598\" src=\"https:\/\/i0.wp.com\/blogdoeloiltoncajuhy.com.br\/site\/wp-content\/uploads\/2021\/05\/PMA_ProjetosAssociacoes-01.jpeg?resize=800%2C598\" alt=\"\" class=\"wp-image-56246\" srcset=\"https:\/\/i0.wp.com\/blogdoeloiltoncajuhy.com.br\/site\/wp-content\/uploads\/2021\/05\/PMA_ProjetosAssociacoes-01.jpeg?resize=1024%2C766&amp;ssl=1 1024w, https:\/\/i0.wp.com\/blogdoeloiltoncajuhy.com.br\/site\/wp-content\/uploads\/2021\/05\/PMA_ProjetosAssociacoes-01.jpeg?resize=300%2C225&amp;ssl=1 300w, https:\/\/i0.wp.com\/blogdoeloiltoncajuhy.com.br\/site\/wp-content\/uploads\/2021\/05\/PMA_ProjetosAssociacoes-01.jpeg?resize=768%2C575&amp;ssl=1 768w, https:\/\/i0.wp.com\/blogdoeloiltoncajuhy.com.br\/site\/wp-content\/uploads\/2021\/05\/PMA_ProjetosAssociacoes-01.jpeg?w=1280&amp;ssl=1 1280w\" sizes=\"(max-width: 800px) 100vw, 800px\" \/><\/a><\/figure><\/div>\n\n\n\n<p>Na \u00faltima quinta-feira, 06, a Prefeitura de Andorinha, por meio da Secretaria Municipal de Desenvolvimento Rural e Meio Ambiente, realizou reuni\u00f5es nas comunidades de Jabuticaba, Morro Branco e S\u00e3o Jo\u00e3o, para tratar do Projeto de Seguran\u00e7a Alimentar e Nutricional do Governo do Estado. As respectivas comunidades ser\u00e3o beneficiadas com os projetos, atrav\u00e9s do financiamento de R$ 50.000,00 para cada entidade, voltados para apoiar a implanta\u00e7\u00e3o de hortas e avi\u00e1rios comunit\u00e1rios para amplia\u00e7\u00e3o da produ\u00e7\u00e3o de alimentos saud\u00e1veis destinados \u00e0 seguran\u00e7a alimentar e nutricional. Al\u00e9m dessas localidades, Travessa de Pedra tamb\u00e9m est\u00e1 inclu\u00edda no projeto.<\/p>\n\n\n\n<p>O projeto \u00e9 conduzido pela Companhia de Desenvolvimento e A\u00e7\u00e3o Regional (CAR), empresa p\u00fablica vinculada \u00e0 Secretaria de Desenvolvimento Rural (SDR). Al\u00e9m do financiamento do estado, cada comunidade entrar\u00e1 com contrapartida de servi\u00e7os e alguns materiais da pr\u00f3pria localidade, de mais ou menos R$ 5.000,00 (10%), com o objetivo de, em tempos de pandemia da Covid-19, produzirem alimentos saud\u00e1veis e nutricionais.<\/p>\n\n\n\n<p>Com os recursos financeiros disponibilizados, grupos de 20 (vinte) agricultores (as) em cada comunidade, receber\u00e3o incentivos para implanta\u00e7\u00e3o de uma horta comunit\u00e1ria com \u00e1rea aproximada de 600 metros quadrados e avi\u00e1rio, e assim, obterem condi\u00e7\u00f5es de produzirem alimentos saud\u00e1veis e nutricionais, e a oportunidade de melhorarem suas alimenta\u00e7\u00f5es e de suas fam\u00edlias, al\u00e9m das rendas, com as vendas das produ\u00e7\u00f5es excedentes.<\/p>\n\n\n\n<p>A Secretaria de Desenvolvimento Rural e Meio Ambiente \u00e9 parceira nesta importante a\u00e7\u00e3o de produ\u00e7\u00e3o de alimentos e de gera\u00e7\u00e3o de renda, tendo contribu\u00eddo na elabora\u00e7\u00e3o das propostas das entidades associativas do munic\u00edpio, elabora\u00e7\u00e3o e ajustes nos projetos, e com a presta\u00e7\u00e3o de servi\u00e7os de assist\u00eancia t\u00e9cnica e extens\u00e3o rural, antes, durante e ap\u00f3s a implanta\u00e7\u00e3o das hortas e cria\u00e7\u00e3o de aves.<\/p>\n\n\n\n<div class=\"wp-block-image\"><figure class=\"aligncenter size-large\"><a href=\"https:\/\/i0.wp.com\/blogdoeloiltoncajuhy.com.br\/site\/wp-content\/uploads\/2021\/05\/PMA_ProjetosAssociacoes-02.jpeg\"><img data-recalc-dims=\"1\" decoding=\"async\" width=\"800\" height=\"598\" src=\"https:\/\/i0.wp.com\/blogdoeloiltoncajuhy.com.br\/site\/wp-content\/uploads\/2021\/05\/PMA_ProjetosAssociacoes-02.jpeg?resize=800%2C598\" alt=\"\" class=\"wp-image-56247\" srcset=\"https:\/\/i0.wp.com\/blogdoeloiltoncajuhy.com.br\/site\/wp-content\/uploads\/2021\/05\/PMA_ProjetosAssociacoes-02.jpeg?resize=1024%2C765&amp;ssl=1 1024w, https:\/\/i0.wp.com\/blogdoeloiltoncajuhy.com.br\/site\/wp-content\/uploads\/2021\/05\/PMA_ProjetosAssociacoes-02.jpeg?resize=300%2C224&amp;ssl=1 300w, https:\/\/i0.wp.com\/blogdoeloiltoncajuhy.com.br\/site\/wp-content\/uploads\/2021\/05\/PMA_ProjetosAssociacoes-02.jpeg?resize=768%2C574&amp;ssl=1 768w, https:\/\/i0.wp.com\/blogdoeloiltoncajuhy.com.br\/site\/wp-content\/uploads\/2021\/05\/PMA_ProjetosAssociacoes-02.jpeg?w=1080&amp;ssl=1 1080w\" sizes=\"(max-width: 800px) 100vw, 800px\" \/><\/a><\/figure><\/div>\n","protected":false},"excerpt":{"rendered":"<p>Na \u00faltima quinta-feira, 06, a Prefeitura de Andorinha, por meio da Secretaria Municipal de Desenvolvimento Rural e Meio Ambiente, realizou reuni\u00f5es nas comunidades de Jabuticaba, Morro Branco e S\u00e3o Jo\u00e3o, para tratar do Projeto de Seguran\u00e7a Alimentar e Nutricional do Governo do Estado. As respectivas comunidades ser\u00e3o beneficiadas com os projetos, atrav\u00e9s do financiamento de [&hellip;]<\/p>\n","protected":false},"author":2,"featured_media":56246,"comment_status":"open","ping_status":"open","sticky":false,"template":"","format":"standard","meta":{"_acf_changed":false,"_monsterinsights_skip_tracking":false,"_monsterinsights_sitenote_active":false,"_monsterinsights_sitenote_note":"","_monsterinsights_sitenote_category":0,"_jetpack_memberships_contains_paid_content":false,"footnotes":"","jetpack_publicize_message":"","jetpack_publicize_feature_enabled":true,"jetpack_social_post_already_shared":false,"jetpack_social_options":{"image_generator_settings":{"template":"highway","default_image_id":0,"font":"","enabled":false},"version":2}},"categories":[11],"tags":[],"class_list":["post-56245","post","type-post","status-publish","format-standard","has-post-thumbnail","hentry","category-regional"],"acf":[],"jetpack_publicize_connections":[],"jetpack_featured_media_url":"https:\/\/i0.wp.com\/blogdoeloiltoncajuhy.com.br\/site\/wp-content\/uploads\/2021\/05\/PMA_ProjetosAssociacoes-01.jpeg?fit=1280%2C958&ssl=1","jetpack_sharing_enabled":true,"publishpress_future_workflow_manual_trigger":{"enabledWorkflows":[]},"_links":{"self":[{"href":"https:\/\/blogdoeloiltoncajuhy.com.br\/site\/wp-json\/wp\/v2\/posts\/56245","targetHints":{"allow":["GET"]}}],"collection":[{"href":"https:\/\/blogdoeloiltoncajuhy.com.br\/site\/wp-json\/wp\/v2\/posts"}],"about":[{"href":"https:\/\/blogdoeloiltoncajuhy.com.br\/site\/wp-json\/wp\/v2\/types\/post"}],"author":[{"embeddable":true,"href":"https:\/\/blogdoeloiltoncajuhy.com.br\/site\/wp-json\/wp\/v2\/users\/2"}],"replies":[{"embeddable":true,"href":"https:\/\/blogdoeloiltoncajuhy.com.br\/site\/wp-json\/wp\/v2\/comments?post=56245"}],"version-history":[{"count":2,"href":"https:\/\/blogdoeloiltoncajuhy.com.br\/site\/wp-json\/wp\/v2\/posts\/56245\/revisions"}],"predecessor-version":[{"id":56249,"href":"https:\/\/blogdoeloiltoncajuhy.com.br\/site\/wp-json\/wp\/v2\/posts\/56245\/revisions\/56249"}],"wp:featuredmedia":[{"embeddable":true,"href":"https:\/\/blogdoeloiltoncajuhy.com.br\/site\/wp-json\/wp\/v2\/media\/56246"}],"wp:attachment":[{"href":"https:\/\/blogdoeloiltoncajuhy.com.br\/site\/wp-json\/wp\/v2\/media?parent=56245"}],"wp:term":[{"taxonomy":"category","embeddable":true,"href":"https:\/\/blogdoeloiltoncajuhy.com.br\/site\/wp-json\/wp\/v2\/categories?post=56245"},{"taxonomy":"post_tag","embeddable":true,"href":"https:\/\/blogdoeloiltoncajuhy.com.br\/site\/wp-json\/wp\/v2\/tags?post=56245"}],"curies":[{"name":"wp","href":"https:\/\/api.w.org\/{rel}","templated":true}]}}