{"id":56240,"date":"2021-05-08T09:36:41","date_gmt":"2021-05-08T12:36:41","guid":{"rendered":"http:\/\/blogdoeloiltoncajuhy.com.br\/site\/?p=56240"},"modified":"2021-05-08T09:36:42","modified_gmt":"2021-05-08T12:36:42","slug":"seja-abrigo-para-quem-precisa","status":"publish","type":"post","link":"https:\/\/blogdoeloiltoncajuhy.com.br\/site\/seja-abrigo-para-quem-precisa\/","title":{"rendered":"Seja abrigo para quem precisa"},"content":{"rendered":"\n<p>Em tempos de grande crise e aus\u00eancia de relacionamentos, nos quais a dist\u00e2ncia e o futuro geram inseguran\u00e7a, \u00e9 preciso cultivar o acolhimento. Algumas vezes, percebemo-nos irritados e inquietos, ou talvez acabrunhados e escondidos em meio \u00e0 tristeza, por isso, s\u00f3 necessitamos de algu\u00e9m para nos refugiar, ouvir e desabafar. Hoje, o nosso Deus nos convida a ser abrigo para o outro. Sua Palavra nos diz: <em>\u201cS\u00ea para eles um abrigo contra aqueles que os perseguem\u201d<\/em> (Is 16,4). Seja abrigo para quem precisa! Talvez, essa pessoa esteja perto de voc\u00ea, em sua casa, ou longe, delimitada pelo isolamento social; ent\u00e3o, seja para ela um abrigo.<\/p>\n\n\n\n<div class=\"wp-block-image\"><figure class=\"aligncenter size-large\"><a href=\"https:\/\/i0.wp.com\/blogdoeloiltoncajuhy.com.br\/site\/wp-content\/uploads\/2021\/05\/CN_seja-abrigo-para-quem-precisa.jpg\"><img data-recalc-dims=\"1\" fetchpriority=\"high\" decoding=\"async\" width=\"768\" height=\"576\" src=\"https:\/\/i0.wp.com\/blogdoeloiltoncajuhy.com.br\/site\/wp-content\/uploads\/2021\/05\/CN_seja-abrigo-para-quem-precisa.jpg?resize=768%2C576\" alt=\"\" class=\"wp-image-56242\" srcset=\"https:\/\/i0.wp.com\/blogdoeloiltoncajuhy.com.br\/site\/wp-content\/uploads\/2021\/05\/CN_seja-abrigo-para-quem-precisa.jpg?w=768&amp;ssl=1 768w, https:\/\/i0.wp.com\/blogdoeloiltoncajuhy.com.br\/site\/wp-content\/uploads\/2021\/05\/CN_seja-abrigo-para-quem-precisa.jpg?resize=300%2C225&amp;ssl=1 300w\" sizes=\"(max-width: 768px) 100vw, 768px\" \/><\/a><figcaption><sub><em>Foto ilustrativa: Pollyana Ventura by Getty Images<\/em><\/sub><\/figcaption><\/figure><\/div>\n\n\n\n<p>\u00c9 importante o abrigo quando estamos exaustos e cansados! Castigados pelo calor do sol e a secura da vida, encontramos nesse deserto um o\u00e1sis onde podemos nos refrescar, sentar e descansar. Isso \u00e9 algo que precisamos viver por meio de um desabafo, de um telefonema, de um cora\u00e7\u00e3o que acolhe o fardo do outro.<\/p>\n\n\n\n<p>Outras vezes, somos pegos pela tempestade. E que maravilha \u00e9 encontrar um lugar seguro para nos proteger! Chegamos ali encharcados, com calafrios, mas no abrigo encontramos o aconchego e a prote\u00e7\u00e3o de que necessitamos.<\/p>\n\n\n\n<p class=\"has-black-color has-text-color has-medium-font-size\"><strong>Quem \u00e9 o seu abrigo?<\/strong><\/p>\n\n\n\n<p>Quem voc\u00ea precisa abrigar? Hoje \u00e9 o dia prop\u00edcio.<\/p>\n\n\n\n<p>Talvez voc\u00ea pense: <em>\u201cSou eu que preciso desse abrigo, mas n\u00e3o o encontro\u201d<\/em>. Saiba que voc\u00ea n\u00e3o est\u00e1 sozinho! Mesmo se sentindo assim desprotegido e exausto, com frio ou desolado, tome a coragem de pedir abrigo a algu\u00e9m, pe\u00e7a um lugar de repouso em um cora\u00e7\u00e3o amigo. Se, mesmo pedindo, e em meio \u00e0s pessoas voc\u00ea n\u00e3o encontrar, ent\u00e3o poder\u00e1 refugiar-se no Cora\u00e7\u00e3o Sagrado com toda seguran\u00e7a.<\/p>\n\n\n\n<p><em>\u201cAproximemo-nos, ent\u00e3o, seguros e confiantes, do trono da gra\u00e7a, para conseguirmos miseric\u00f3rdia e alcan\u00e7armos a gra\u00e7a do aux\u00edlio no momento oportuno\u201d<\/em> (Hb 4,16). Achegue-se junto ao <a rel=\"noreferrer noopener\" href=\"https:\/\/formacao.cancaonova.com\/espiritualidade\/oracao\/consagracao-ao-sagrado-coracao-de-jesus\/\" target=\"_blank\">Cora\u00e7\u00e3o de Jesus<\/a>. Ele \u00e9 abrigo seguro, lugar aconchegante e acolhedor, prote\u00e7\u00e3o para o frio e para o calor da vida. N\u00e3o tema! Procure abrigo n\u2019Ele e tamb\u00e9m seja abrigo para quem hoje precisa.<\/p>\n\n\n\n<div class=\"wp-block-image\"><figure class=\"alignleft size-large\"><a href=\"https:\/\/i0.wp.com\/blogdoeloiltoncajuhy.com.br\/site\/wp-content\/uploads\/2021\/05\/CN_Rafael-Vito.png\"><img data-recalc-dims=\"1\" decoding=\"async\" width=\"800\" height=\"193\" src=\"https:\/\/i0.wp.com\/blogdoeloiltoncajuhy.com.br\/site\/wp-content\/uploads\/2021\/05\/CN_Rafael-Vito.png?resize=800%2C193\" alt=\"\" class=\"wp-image-56241\" srcset=\"https:\/\/i0.wp.com\/blogdoeloiltoncajuhy.com.br\/site\/wp-content\/uploads\/2021\/05\/CN_Rafael-Vito.png?w=939&amp;ssl=1 939w, https:\/\/i0.wp.com\/blogdoeloiltoncajuhy.com.br\/site\/wp-content\/uploads\/2021\/05\/CN_Rafael-Vito.png?resize=300%2C72&amp;ssl=1 300w, https:\/\/i0.wp.com\/blogdoeloiltoncajuhy.com.br\/site\/wp-content\/uploads\/2021\/05\/CN_Rafael-Vito.png?resize=768%2C185&amp;ssl=1 768w\" sizes=\"(max-width: 800px) 100vw, 800px\" \/><\/a><\/figure><\/div>\n","protected":false},"excerpt":{"rendered":"<p>Em tempos de grande crise e aus\u00eancia de relacionamentos, nos quais a dist\u00e2ncia e o futuro geram inseguran\u00e7a, \u00e9 preciso cultivar o acolhimento. Algumas vezes, percebemo-nos irritados e inquietos, ou talvez acabrunhados e escondidos em meio \u00e0 tristeza, por isso, s\u00f3 necessitamos de algu\u00e9m para nos refugiar, ouvir e desabafar. Hoje, o nosso Deus nos [&hellip;]<\/p>\n","protected":false},"author":2,"featured_media":56242,"comment_status":"open","ping_status":"open","sticky":false,"template":"","format":"standard","meta":{"_acf_changed":false,"_monsterinsights_skip_tracking":false,"_monsterinsights_sitenote_active":false,"_monsterinsights_sitenote_note":"","_monsterinsights_sitenote_category":0,"_jetpack_memberships_contains_paid_content":false,"footnotes":"","jetpack_publicize_message":"","jetpack_publicize_feature_enabled":true,"jetpack_social_post_already_shared":false,"jetpack_social_options":{"image_generator_settings":{"template":"highway","default_image_id":0,"font":"","enabled":false},"version":2}},"categories":[9],"tags":[],"class_list":["post-56240","post","type-post","status-publish","format-standard","has-post-thumbnail","hentry","category-reflexao"],"acf":[],"jetpack_publicize_connections":[],"jetpack_featured_media_url":"https:\/\/i0.wp.com\/blogdoeloiltoncajuhy.com.br\/site\/wp-content\/uploads\/2021\/05\/CN_seja-abrigo-para-quem-precisa.jpg?fit=768%2C576&ssl=1","jetpack_sharing_enabled":true,"publishpress_future_workflow_manual_trigger":{"enabledWorkflows":[]},"_links":{"self":[{"href":"https:\/\/blogdoeloiltoncajuhy.com.br\/site\/wp-json\/wp\/v2\/posts\/56240","targetHints":{"allow":["GET"]}}],"collection":[{"href":"https:\/\/blogdoeloiltoncajuhy.com.br\/site\/wp-json\/wp\/v2\/posts"}],"about":[{"href":"https:\/\/blogdoeloiltoncajuhy.com.br\/site\/wp-json\/wp\/v2\/types\/post"}],"author":[{"embeddable":true,"href":"https:\/\/blogdoeloiltoncajuhy.com.br\/site\/wp-json\/wp\/v2\/users\/2"}],"replies":[{"embeddable":true,"href":"https:\/\/blogdoeloiltoncajuhy.com.br\/site\/wp-json\/wp\/v2\/comments?post=56240"}],"version-history":[{"count":2,"href":"https:\/\/blogdoeloiltoncajuhy.com.br\/site\/wp-json\/wp\/v2\/posts\/56240\/revisions"}],"predecessor-version":[{"id":56244,"href":"https:\/\/blogdoeloiltoncajuhy.com.br\/site\/wp-json\/wp\/v2\/posts\/56240\/revisions\/56244"}],"wp:featuredmedia":[{"embeddable":true,"href":"https:\/\/blogdoeloiltoncajuhy.com.br\/site\/wp-json\/wp\/v2\/media\/56242"}],"wp:attachment":[{"href":"https:\/\/blogdoeloiltoncajuhy.com.br\/site\/wp-json\/wp\/v2\/media?parent=56240"}],"wp:term":[{"taxonomy":"category","embeddable":true,"href":"https:\/\/blogdoeloiltoncajuhy.com.br\/site\/wp-json\/wp\/v2\/categories?post=56240"},{"taxonomy":"post_tag","embeddable":true,"href":"https:\/\/blogdoeloiltoncajuhy.com.br\/site\/wp-json\/wp\/v2\/tags?post=56240"}],"curies":[{"name":"wp","href":"https:\/\/api.w.org\/{rel}","templated":true}]}}