{"id":56234,"date":"2021-05-07T08:43:43","date_gmt":"2021-05-07T11:43:43","guid":{"rendered":"http:\/\/blogdoeloiltoncajuhy.com.br\/site\/?p=56234"},"modified":"2021-05-07T08:47:01","modified_gmt":"2021-05-07T11:47:01","slug":"secretaria-de-educacao-amplia-edital-e-contempla-mais-egressos-da-rede-estadual-em-cursos-de-qualificacao-profissional","status":"publish","type":"post","link":"https:\/\/blogdoeloiltoncajuhy.com.br\/site\/secretaria-de-educacao-amplia-edital-e-contempla-mais-egressos-da-rede-estadual-em-cursos-de-qualificacao-profissional\/","title":{"rendered":"Secretaria de Educa\u00e7\u00e3o amplia edital e contempla mais egressos da rede estadual em cursos de qualifica\u00e7\u00e3o profissional"},"content":{"rendered":"\n<div class=\"wp-block-image\"><figure class=\"aligncenter size-large\"><a href=\"https:\/\/i0.wp.com\/blogdoeloiltoncajuhy.com.br\/site\/wp-content\/uploads\/2021\/05\/Estudantes-Educar-para-Trabalhar.jpg\"><img data-recalc-dims=\"1\" fetchpriority=\"high\" decoding=\"async\" width=\"768\" height=\"511\" src=\"https:\/\/i0.wp.com\/blogdoeloiltoncajuhy.com.br\/site\/wp-content\/uploads\/2021\/05\/Estudantes-Educar-para-Trabalhar.jpg?resize=768%2C511\" alt=\"\" class=\"wp-image-56235\" srcset=\"https:\/\/i0.wp.com\/blogdoeloiltoncajuhy.com.br\/site\/wp-content\/uploads\/2021\/05\/Estudantes-Educar-para-Trabalhar.jpg?w=768&amp;ssl=1 768w, https:\/\/i0.wp.com\/blogdoeloiltoncajuhy.com.br\/site\/wp-content\/uploads\/2021\/05\/Estudantes-Educar-para-Trabalhar.jpg?resize=300%2C200&amp;ssl=1 300w\" sizes=\"(max-width: 768px) 100vw, 768px\" \/><\/a><figcaption><em><sub>Foto: Claudionor J\u00fanior\/Arquivo SEC<\/sub><\/em><\/figcaption><\/figure><\/div>\n\n\n\n<p>A Secretaria da Educa\u00e7\u00e3o do Estado (SEC) ampliou o edital relacionado \u00e0 oferta dos cursos de qualifica\u00e7\u00e3o profissional (Forma\u00e7\u00e3o Inicial e Continuada \u2013 FIC), para beneficiar um maior n\u00famero de estudantes. Com isso, tamb\u00e9m podem se inscrever os egressos do Ensino M\u00e9dio ou de cursos t\u00e9cnicos de n\u00edvel m\u00e9dio (Educa\u00e7\u00e3o Profissional e Tecnol\u00f3gica) da rede estadual de ensino que conclu\u00edram entre os anos de 2016 e 2020. Os cursos ofertados s\u00e3o de Educa\u00e7\u00e3o \u00e0 Dist\u00e2ncia (EAD), do Programa Educar para Trabalhar. As inscri\u00e7\u00f5es podem ser realizadas at\u00e9 19 de maio, <a rel=\"noreferrer noopener\" href=\"http:\/\/escolas.educacao.ba.gov.br\/educarparatrabalhar\/cursos\" target=\"_blank\">neste endere\u00e7o<\/a>.<\/p>\n\n\n\n<p>Os cursos objetivam preparar os jovens e adultos para a inser\u00e7\u00e3o e a reinser\u00e7\u00e3o no mundo do trabalho. As aulas ser\u00e3o iniciadas no dia 31 de maio. S\u00e3o 200 mil vagas, distribu\u00eddas em 10 Eixos Tecnol\u00f3gicos, em um total de 3.567 turmas. Dentre os cursos ofertados, destacam-se: Programador de Dispositivos M\u00f3veis; Programador Web; Desenhista de Produtos Gr\u00e1ficos Web; Auxiliar de Laborat\u00f3rio de Microbiologia; Agente de Informa\u00e7\u00f5es Tur\u00edsticas; Assistente Administrativo; Desenhista da Constru\u00e7\u00e3o Civil; Operador de Processos Qu\u00edmicos Industriais, Agricultor Agroflorestal; Confeiteiro; Padeiro; e outros. A rela\u00e7\u00e3o completa dos cursos pode ser conferida neste endere\u00e7o.<\/p>\n\n\n\n<p>O estudante que est\u00e1 matriculado regularmente no Ensino M\u00e9dio poder\u00e1 escolher qualquer curso do seu interesse para fazer a sua inscri\u00e7\u00e3o. J\u00e1 o estudante matriculado em um curso t\u00e9cnico da rede estadual realizar\u00e1 a inscri\u00e7\u00e3o em um dos cursos FIC (qualifica\u00e7\u00e3o profissional) do mesmo eixo tecnol\u00f3gico do seu curso t\u00e9cnico. A metodologia de ensino utilizada ser\u00e1 de Educa\u00e7\u00e3o \u00e0 Dist\u00e2ncia (EAD), com atividades remotas realizadas com o apoio de monitores, tutores e equipe de apoio para o desenvolvimento das atividades pedag\u00f3gicas e de apoio ao estudante.<\/p>\n\n\n\n<p class=\"has-black-color has-text-color has-medium-font-size\"><strong>Requisitos<\/strong><\/p>\n\n\n\n<p>Entre os requisitos para a inscri\u00e7\u00e3o, o candidato deve ser residente e domiciliado no Estado da Bahia; possuir Cadastro de Pessoas F\u00edsicas (CPF) v\u00e1lido; ser estudante regularmente matriculado no Ensino M\u00e9dio da rede p\u00fablica estadual de ensino no ano letivo de 2020\/2021 e possuir frequ\u00eancia neste ano letivo; ou ser egresso do Ensino M\u00e9dio e do curso da Educa\u00e7\u00e3o Profissional T\u00e9cnica de N\u00edvel M\u00e9dio da rede p\u00fablica estadual, no per\u00edodo de 2016 a 2020.<\/p>\n\n\n\n<p class=\"has-black-color has-text-color has-medium-font-size\"><strong>Sele\u00e7\u00e3o<\/strong><\/p>\n\n\n\n<p>O processo de sele\u00e7\u00e3o dos candidatos inscritos ser\u00e1 feito por sorteio eletr\u00f4nico, no dia 20 de maio. A listagem com o resultado parcial do processo de sele\u00e7\u00e3o com a indica\u00e7\u00e3o dos nomes dos classificados ser\u00e1 divulgada na mesma data do sorteio e o resultado final, no dia 23 de maio, ambos no Portal da Educa\u00e7\u00e3o. A matr\u00edcula ser\u00e1 realizada no per\u00edodo de 23 a 30 de maio, de forma autom\u00e1tica, sem a necessidade da presen\u00e7a do candidato.<\/p>\n","protected":false},"excerpt":{"rendered":"<p>A Secretaria da Educa\u00e7\u00e3o do Estado (SEC) ampliou o edital relacionado \u00e0 oferta dos cursos de qualifica\u00e7\u00e3o profissional (Forma\u00e7\u00e3o Inicial e Continuada \u2013 FIC), para beneficiar um maior n\u00famero de estudantes. Com isso, tamb\u00e9m podem se inscrever os egressos do Ensino M\u00e9dio ou de cursos t\u00e9cnicos de n\u00edvel m\u00e9dio (Educa\u00e7\u00e3o Profissional e Tecnol\u00f3gica) da rede [&hellip;]<\/p>\n","protected":false},"author":2,"featured_media":56235,"comment_status":"open","ping_status":"open","sticky":false,"template":"","format":"standard","meta":{"_acf_changed":false,"_monsterinsights_skip_tracking":false,"_monsterinsights_sitenote_active":false,"_monsterinsights_sitenote_note":"","_monsterinsights_sitenote_category":0,"_jetpack_memberships_contains_paid_content":false,"footnotes":"","jetpack_publicize_message":"","jetpack_publicize_feature_enabled":true,"jetpack_social_post_already_shared":false,"jetpack_social_options":{"image_generator_settings":{"template":"highway","default_image_id":0,"font":"","enabled":false},"version":2}},"categories":[14],"tags":[],"class_list":["post-56234","post","type-post","status-publish","format-standard","has-post-thumbnail","hentry","category-educacao"],"acf":[],"jetpack_publicize_connections":[],"jetpack_featured_media_url":"https:\/\/i0.wp.com\/blogdoeloiltoncajuhy.com.br\/site\/wp-content\/uploads\/2021\/05\/Estudantes-Educar-para-Trabalhar.jpg?fit=768%2C511&ssl=1","jetpack_sharing_enabled":true,"publishpress_future_workflow_manual_trigger":{"enabledWorkflows":[]},"_links":{"self":[{"href":"https:\/\/blogdoeloiltoncajuhy.com.br\/site\/wp-json\/wp\/v2\/posts\/56234","targetHints":{"allow":["GET"]}}],"collection":[{"href":"https:\/\/blogdoeloiltoncajuhy.com.br\/site\/wp-json\/wp\/v2\/posts"}],"about":[{"href":"https:\/\/blogdoeloiltoncajuhy.com.br\/site\/wp-json\/wp\/v2\/types\/post"}],"author":[{"embeddable":true,"href":"https:\/\/blogdoeloiltoncajuhy.com.br\/site\/wp-json\/wp\/v2\/users\/2"}],"replies":[{"embeddable":true,"href":"https:\/\/blogdoeloiltoncajuhy.com.br\/site\/wp-json\/wp\/v2\/comments?post=56234"}],"version-history":[{"count":3,"href":"https:\/\/blogdoeloiltoncajuhy.com.br\/site\/wp-json\/wp\/v2\/posts\/56234\/revisions"}],"predecessor-version":[{"id":56239,"href":"https:\/\/blogdoeloiltoncajuhy.com.br\/site\/wp-json\/wp\/v2\/posts\/56234\/revisions\/56239"}],"wp:featuredmedia":[{"embeddable":true,"href":"https:\/\/blogdoeloiltoncajuhy.com.br\/site\/wp-json\/wp\/v2\/media\/56235"}],"wp:attachment":[{"href":"https:\/\/blogdoeloiltoncajuhy.com.br\/site\/wp-json\/wp\/v2\/media?parent=56234"}],"wp:term":[{"taxonomy":"category","embeddable":true,"href":"https:\/\/blogdoeloiltoncajuhy.com.br\/site\/wp-json\/wp\/v2\/categories?post=56234"},{"taxonomy":"post_tag","embeddable":true,"href":"https:\/\/blogdoeloiltoncajuhy.com.br\/site\/wp-json\/wp\/v2\/tags?post=56234"}],"curies":[{"name":"wp","href":"https:\/\/api.w.org\/{rel}","templated":true}]}}