{"id":56223,"date":"2021-05-07T07:30:16","date_gmt":"2021-05-07T10:30:16","guid":{"rendered":"http:\/\/blogdoeloiltoncajuhy.com.br\/site\/?p=56223"},"modified":"2021-05-07T07:30:17","modified_gmt":"2021-05-07T10:30:17","slug":"policia-nega-execucoes-em-operacao-no-rio-acao-muito-planejada","status":"publish","type":"post","link":"https:\/\/blogdoeloiltoncajuhy.com.br\/site\/policia-nega-execucoes-em-operacao-no-rio-acao-muito-planejada\/","title":{"rendered":"Pol\u00edcia nega execu\u00e7\u00f5es em opera\u00e7\u00e3o no Rio: &#8216;A\u00e7\u00e3o muito planejada&#8217;"},"content":{"rendered":"\n<h5 class=\"has-text-align-center wp-block-heading\"><em>Opera\u00e7\u00e3o foi comunicada ao MP para cumprir exig\u00eancia do STF, que s\u00f3 permite opera\u00e7\u00f5es em casos excepcionais. A\u00e7\u00e3o mais letal da hist\u00f3ria do RJ, com 25 mortos, foi realizada para coibir tr\u00e1fico, que segundo investiga\u00e7\u00e3o alicia menores e controla at\u00e9 namoros<\/em><\/h5>\n\n\n\n<div class=\"wp-block-image\"><figure class=\"aligncenter size-large\"><a href=\"https:\/\/i0.wp.com\/blogdoeloiltoncajuhy.com.br\/site\/wp-content\/uploads\/2021\/05\/RJ_Operacao-01.jpg\"><img data-recalc-dims=\"1\" fetchpriority=\"high\" decoding=\"async\" width=\"800\" height=\"508\" src=\"https:\/\/i0.wp.com\/blogdoeloiltoncajuhy.com.br\/site\/wp-content\/uploads\/2021\/05\/RJ_Operacao-01.jpg?resize=800%2C508\" alt=\"\" class=\"wp-image-56224\" srcset=\"https:\/\/i0.wp.com\/blogdoeloiltoncajuhy.com.br\/site\/wp-content\/uploads\/2021\/05\/RJ_Operacao-01.jpg?w=984&amp;ssl=1 984w, https:\/\/i0.wp.com\/blogdoeloiltoncajuhy.com.br\/site\/wp-content\/uploads\/2021\/05\/RJ_Operacao-01.jpg?resize=300%2C191&amp;ssl=1 300w, https:\/\/i0.wp.com\/blogdoeloiltoncajuhy.com.br\/site\/wp-content\/uploads\/2021\/05\/RJ_Operacao-01.jpg?resize=768%2C488&amp;ssl=1 768w\" sizes=\"(max-width: 800px) 100vw, 800px\" \/><\/a><figcaption><em><sub>Policiais civis durante a opera\u00e7\u00e3o no Jacarezinho, Zona Norte do Rio, na manh\u00e3 desta quinta-feira (6) \u2014 Foto: Ricardo Moraes\/Reuters<\/sub><\/em><\/figcaption><\/figure><\/div>\n\n\n\n<p>Representantes da Pol\u00edcia Civil, que realizou nesta quinta-feira (6) a opera\u00e7\u00e3o mais letal da hist\u00f3ria do Rio de Janeiro, com 25 mortos, disseram durante entrevista coletiva que s\u00f3 houve uma execu\u00e7\u00e3o no Jacarezinho, a do policial civil Andr\u00e9 Farias, baleado na cabe\u00e7a quando retirava uma barricada.<\/p>\n\n\n\n<p>De acordo com os policiais, os outros 24 eram criminosos. Moradores relatam excessos e execu\u00e7\u00f5es.<\/p>\n\n\n\n<p>Delegados disseram que o tr\u00e1fico da regi\u00e3o aliciava menores para o crime e que at\u00e9 proibiam namoros. E que a opera\u00e7\u00e3o cumpriu todos os protocolos exigidos por decis\u00e3o do Supremo Tribunal Federal (STF) restringindo opera\u00e7\u00f5es em favelas durante a pandemia a casos excepcionais \u2013 o Minist\u00e9rio P\u00fablico confirmou que foi avisado.<\/p>\n\n\n\n<figure class=\"wp-block-pullquote\"><blockquote><p><strong><em>&#8220;Decis\u00e3o do STF n\u00e3o impede a pol\u00edcia de fazer o dever de casa. Ela coloca protocolos e a Pol\u00edcia Civil cumpre todos&#8221;, disse o delegado Rodrigo Oliveira. &#8220;N\u00e3o sei se as grandes opera\u00e7\u00f5es d\u00e3o resultado. O que eu sei \u00e9 que a falta de opera\u00e7\u00e3o d\u00e1 um p\u00e9ssimo resultado&#8221;.<\/em><\/strong><\/p><\/blockquote><\/figure>\n\n\n\n<p>Sem citar nomes ou entidades, o delegado Oliveira, que \u00e9 subsecret\u00e1rio operacional da Pol\u00edcia Civil, criticou o que chamou de <em>&#8220;ativismo judicial&#8221;<\/em>, que segundo ele vai contra o trabalho policial.<\/p>\n\n\n\n<figure class=\"wp-block-pullquote\"><blockquote><p><strong><em>\u201cPseudo entendidos de seguran\u00e7a p\u00fablica criaram uma l\u00f3gica de que, quanto mais intelig\u00eancia, menor o confronto. Isso n\u00e3o funciona assim. Quanto mais precisa a informa\u00e7\u00e3o, maior \u00e9 a resist\u00eancia do tr\u00e1fico (\u2026) A Pol\u00edcia Civil n\u00e3o age na emo\u00e7\u00e3o. A opera\u00e7\u00e3o foi muito planejada, com todos os protocolos e em cima de 10 meses de investiga\u00e7\u00e3o&#8221;.<\/em><\/strong><\/p><\/blockquote><\/figure>\n\n\n\n<div class=\"wp-block-image\"><figure class=\"aligncenter size-large\"><a href=\"https:\/\/i0.wp.com\/blogdoeloiltoncajuhy.com.br\/site\/wp-content\/uploads\/2021\/05\/RJ_Operacao-02.jpg\"><img data-recalc-dims=\"1\" decoding=\"async\" width=\"800\" height=\"809\" src=\"https:\/\/i0.wp.com\/blogdoeloiltoncajuhy.com.br\/site\/wp-content\/uploads\/2021\/05\/RJ_Operacao-02.jpg?resize=800%2C809\" alt=\"\" class=\"wp-image-56225\" srcset=\"https:\/\/i0.wp.com\/blogdoeloiltoncajuhy.com.br\/site\/wp-content\/uploads\/2021\/05\/RJ_Operacao-02.jpg?w=984&amp;ssl=1 984w, https:\/\/i0.wp.com\/blogdoeloiltoncajuhy.com.br\/site\/wp-content\/uploads\/2021\/05\/RJ_Operacao-02.jpg?resize=297%2C300&amp;ssl=1 297w, https:\/\/i0.wp.com\/blogdoeloiltoncajuhy.com.br\/site\/wp-content\/uploads\/2021\/05\/RJ_Operacao-02.jpg?resize=768%2C777&amp;ssl=1 768w\" sizes=\"(max-width: 800px) 100vw, 800px\" \/><\/a><figcaption><em><sub>Policial civil Andr\u00e9 Frias, morto na opera\u00e7\u00e3o desta manh\u00e3 de quinta-feira (6), no Jacarezinho, Zona Norte do Rio \u2014 Foto: Reprodu\u00e7\u00e3o<\/sub><\/em><\/figcaption><\/figure><\/div>\n\n\n\n<p>O delegado tamb\u00e9m disse n\u00e3o considerar que houve erros ou excessos na opera\u00e7\u00e3o, mas que o resultado n\u00e3o \u00e9 para ser comemorado. <em>&#8220;N\u00e3o estamos comemorando (\u2026) Por outro lado, a Pol\u00edcia Civil n\u00e3o vai se furtar de fazer com que a sociedade de bem tenha seu direito de ir e vir garantido&#8221;<\/em>, afirmou Oliveira.<\/p>\n\n\n\n<p>Segundo ele, os criminosos <em>&#8220;acabam aliciando os filhos dos trabalhadores&#8221;<\/em>. <em>&#8220;Isso, no nosso entendimento, \u00e9 mais do que uma excepcionalidade&#8221;<\/em>, completou, se referindo \u00e0 decis\u00e3o do Supremo.<\/p>\n\n\n\n<figure class=\"wp-block-pullquote\"><blockquote><p><em><strong>&#8220;As pessoas n\u00e3o t\u00eam direito de namorar quem elas querem namorar. Se por algum motivo o tr\u00e1fico achar que o cidad\u00e3o &#8220;A&#8221; n\u00e3o pode namorar o cidad\u00e3o &#8220;B&#8221;, essa pessoa pode at\u00e9 perder a vida&#8221;<\/strong><\/em><strong>, afirmou.<\/strong><\/p><\/blockquote><\/figure>\n\n\n\n<p>J\u00e1 a Defensoria P\u00fablica do estado classificou a opera\u00e7\u00e3o desta quinta (6) como <em>&#8220;um grande absurdo&#8221;<\/em> , <em>&#8220;desastre&#8221;<\/em> e <em>&#8220;terror generalizado&#8221;<\/em>. <em>&#8220;Em nenhum lugar do planeta uma opera\u00e7\u00e3o com 25 mortes pode ser considerada bem-sucedida. Podemos dizer desastre, porque tantas mortes intencionais foram causadas, e isso n\u00e3o foi por acidente&#8221;<\/em>, afirmou Daniel Lozoya, subcoordenador do N\u00facleo de Defesa dos Direitos Humanos da Defensoria.<\/p>\n\n\n\n<p>A defensora p\u00fablica Maria Julia Miranda tamb\u00e9m rebateu uma afirma\u00e7\u00e3o do delegado Rodrigo Oliveira sobre ativismo judicial frisando que <em>&#8220;quem tem sangue nas m\u00e3os \u00e9 a pol\u00edcia&#8221;<\/em>.<\/p>\n\n\n\n<figure class=\"wp-block-pullquote\"><blockquote><p><strong><em>&#8220;N\u00e3o tem ativismo do STF. Nesse caso, a pol\u00edtica de seguran\u00e7a p\u00fablica do Rio \u00e9 muito clara e o que se questiona \u00e9 uma pol\u00edtica que viola os direitos dessa popula\u00e7\u00e3o. (\u2026) O subsecret\u00e1rio \u00e9 quem est\u00e1 errado em sua afirma\u00e7\u00e3o. Quem tem sangue nas m\u00e3os \u00e9 a pol\u00edcia do Rio de Janeiro&#8221;, destacou.<\/em><\/strong><\/p><\/blockquote><\/figure>\n\n\n\n<p class=\"has-black-color has-text-color has-medium-font-size\"><strong>Aliciamento de menores e outros crimes<\/strong><\/p>\n\n\n\n<div class=\"wp-block-image\"><figure class=\"aligncenter size-large\"><a href=\"https:\/\/i0.wp.com\/blogdoeloiltoncajuhy.com.br\/site\/wp-content\/uploads\/2021\/05\/RJ_Operacao-03.jpg\"><img data-recalc-dims=\"1\" decoding=\"async\" width=\"800\" height=\"533\" src=\"https:\/\/i0.wp.com\/blogdoeloiltoncajuhy.com.br\/site\/wp-content\/uploads\/2021\/05\/RJ_Operacao-03.jpg?resize=800%2C533\" alt=\"\" class=\"wp-image-56226\" srcset=\"https:\/\/i0.wp.com\/blogdoeloiltoncajuhy.com.br\/site\/wp-content\/uploads\/2021\/05\/RJ_Operacao-03.jpg?w=984&amp;ssl=1 984w, https:\/\/i0.wp.com\/blogdoeloiltoncajuhy.com.br\/site\/wp-content\/uploads\/2021\/05\/RJ_Operacao-03.jpg?resize=300%2C200&amp;ssl=1 300w, https:\/\/i0.wp.com\/blogdoeloiltoncajuhy.com.br\/site\/wp-content\/uploads\/2021\/05\/RJ_Operacao-03.jpg?resize=768%2C512&amp;ssl=1 768w\" sizes=\"(max-width: 800px) 100vw, 800px\" \/><\/a><figcaption><em><sub>Policiais civis durante opera\u00e7\u00e3o na manh\u00e3 desta quinta-feira (6) no Jacarezinho, no Rio de Janeiro \u2014 Foto: Ricardo Moraes\/Reuters<\/sub><\/em><\/figcaption><\/figure><\/div>\n\n\n\n<p>O delegado Felipe Curi, chefe do Departamento-Geral de Pol\u00edcia Especializada (DGPE), afirmou que a investiga\u00e7\u00e3o da pol\u00edcia tinha<em> &#8220;registro do aliciamento de menores para atuar no tr\u00e1fico&#8221;<\/em> e outros crimes. <em>&#8220;[Tamb\u00e9m] Sequestro de composi\u00e7\u00e3o de tr\u00eas da Supervia, sequestro rel\u00e2mpago, mortes e sumi\u00e7o de corpos feitos pelo tribunal do tr\u00e1fico&#8221;<\/em>, afirmou.<\/p>\n\n\n\n<p>Curi considera que a ida da pol\u00edcia \u00e0 favela foi para <em>&#8220;garantir o direito das pessoas que estavam sob a ditadura do tr\u00e1fico [de drogas]&#8221;<\/em>.<\/p>\n\n\n\n<p>Na entrevista os delegados afirmaram ainda que a pol\u00edcia n\u00e3o tem a pretens\u00e3o de achar que a opera\u00e7\u00e3o desta quinta vai por fim ao tr\u00e1fico de drogas e ao aliciamento de menores. Segundo eles, a investiga\u00e7\u00e3o continua e outras opera\u00e7\u00f5es ir\u00e3o acontecer para evitar que os menores sejam cooptados pelo tr\u00e1fico de drogas.<\/p>\n\n\n\n<p>Felipe Curi disse que houve necessidade real de revide:<\/p>\n\n\n\n<figure class=\"wp-block-pullquote\"><blockquote><p><strong><em>&#8220;Quem n\u00e3o reagiu, foi preso ou fugiu&#8221; , disse o delegado Antonio Ricardo Lima Nunes.<\/em><\/strong><\/p><\/blockquote><\/figure>\n\n\n\n<p class=\"has-black-color has-text-color has-medium-font-size\"><strong>Apreens\u00f5es:<\/strong><\/p>\n\n\n\n<ul class=\"wp-block-list\"><li>16 pistolas<br><\/li><\/ul>\n\n\n\n<ul class=\"wp-block-list\"><li>6 fuzis<br><\/li><\/ul>\n\n\n\n<ul class=\"wp-block-list\"><li>1 sub metralhadora<br><\/li><\/ul>\n\n\n\n<ul class=\"wp-block-list\"><li>12 granadas<br><\/li><\/ul>\n\n\n\n<ul class=\"wp-block-list\"><li>1 calibre 12 escopeta<br><\/li><\/ul>\n\n\n\n<ul class=\"wp-block-list\"><li>1 muni\u00e7\u00e3o antia\u00e9rea ativa (arma de guerra)<\/li><\/ul>\n","protected":false},"excerpt":{"rendered":"<p>Opera\u00e7\u00e3o foi comunicada ao MP para cumprir exig\u00eancia do STF, que s\u00f3 permite opera\u00e7\u00f5es em casos excepcionais. A\u00e7\u00e3o mais letal da hist\u00f3ria do RJ, com 25 mortos, foi realizada para coibir tr\u00e1fico, que segundo investiga\u00e7\u00e3o alicia menores e controla at\u00e9 namoros Representantes da Pol\u00edcia Civil, que realizou nesta quinta-feira (6) a opera\u00e7\u00e3o mais letal da [&hellip;]<\/p>\n","protected":false},"author":2,"featured_media":56226,"comment_status":"open","ping_status":"open","sticky":false,"template":"","format":"standard","meta":{"_acf_changed":false,"_monsterinsights_skip_tracking":false,"_monsterinsights_sitenote_active":false,"_monsterinsights_sitenote_note":"","_monsterinsights_sitenote_category":0,"_jetpack_memberships_contains_paid_content":false,"footnotes":"","jetpack_publicize_message":"","jetpack_publicize_feature_enabled":true,"jetpack_social_post_already_shared":false,"jetpack_social_options":{"image_generator_settings":{"template":"highway","default_image_id":0,"font":"","enabled":false},"version":2}},"categories":[15],"tags":[],"class_list":["post-56223","post","type-post","status-publish","format-standard","has-post-thumbnail","hentry","category-policia"],"acf":[],"jetpack_publicize_connections":[],"jetpack_featured_media_url":"https:\/\/i0.wp.com\/blogdoeloiltoncajuhy.com.br\/site\/wp-content\/uploads\/2021\/05\/RJ_Operacao-03.jpg?fit=984%2C656&ssl=1","jetpack_sharing_enabled":true,"publishpress_future_workflow_manual_trigger":{"enabledWorkflows":[]},"_links":{"self":[{"href":"https:\/\/blogdoeloiltoncajuhy.com.br\/site\/wp-json\/wp\/v2\/posts\/56223","targetHints":{"allow":["GET"]}}],"collection":[{"href":"https:\/\/blogdoeloiltoncajuhy.com.br\/site\/wp-json\/wp\/v2\/posts"}],"about":[{"href":"https:\/\/blogdoeloiltoncajuhy.com.br\/site\/wp-json\/wp\/v2\/types\/post"}],"author":[{"embeddable":true,"href":"https:\/\/blogdoeloiltoncajuhy.com.br\/site\/wp-json\/wp\/v2\/users\/2"}],"replies":[{"embeddable":true,"href":"https:\/\/blogdoeloiltoncajuhy.com.br\/site\/wp-json\/wp\/v2\/comments?post=56223"}],"version-history":[{"count":2,"href":"https:\/\/blogdoeloiltoncajuhy.com.br\/site\/wp-json\/wp\/v2\/posts\/56223\/revisions"}],"predecessor-version":[{"id":56228,"href":"https:\/\/blogdoeloiltoncajuhy.com.br\/site\/wp-json\/wp\/v2\/posts\/56223\/revisions\/56228"}],"wp:featuredmedia":[{"embeddable":true,"href":"https:\/\/blogdoeloiltoncajuhy.com.br\/site\/wp-json\/wp\/v2\/media\/56226"}],"wp:attachment":[{"href":"https:\/\/blogdoeloiltoncajuhy.com.br\/site\/wp-json\/wp\/v2\/media?parent=56223"}],"wp:term":[{"taxonomy":"category","embeddable":true,"href":"https:\/\/blogdoeloiltoncajuhy.com.br\/site\/wp-json\/wp\/v2\/categories?post=56223"},{"taxonomy":"post_tag","embeddable":true,"href":"https:\/\/blogdoeloiltoncajuhy.com.br\/site\/wp-json\/wp\/v2\/tags?post=56223"}],"curies":[{"name":"wp","href":"https:\/\/api.w.org\/{rel}","templated":true}]}}