{"id":56208,"date":"2021-05-06T18:28:42","date_gmt":"2021-05-06T21:28:42","guid":{"rendered":"http:\/\/blogdoeloiltoncajuhy.com.br\/site\/?p=56208"},"modified":"2021-05-06T18:47:42","modified_gmt":"2021-05-06T21:47:42","slug":"madeira-serrada-transportada-irregularmente-e-apreendida-pela-prf-em-senhor-do-bonfim","status":"publish","type":"post","link":"https:\/\/blogdoeloiltoncajuhy.com.br\/site\/madeira-serrada-transportada-irregularmente-e-apreendida-pela-prf-em-senhor-do-bonfim\/","title":{"rendered":"Madeira serrada transportada irregularmente \u00e9 apreendida pela PRF em Senhor do Bonfim"},"content":{"rendered":"\n<h5 class=\"has-text-align-center wp-block-heading\"><em>Na noite do \u00faltimo dia 04, a Pol\u00edcia Rodovi\u00e1ria Federal (PRF) flagrou mais um transporte irregular de madeira. Dessa vez, o fato foi registrado no KM 117 da BR 407, em Senhor do Bonfim (BA)<\/em><\/h5>\n\n\n\n<div class=\"wp-block-group\"><div class=\"wp-block-group__inner-container is-layout-flow wp-block-group-is-layout-flow\">\n<div class=\"wp-block-group\"><div class=\"wp-block-group__inner-container is-layout-flow wp-block-group-is-layout-flow\">\n<div class=\"wp-block-image\"><figure class=\"aligncenter size-large is-resized\"><a href=\"https:\/\/i0.wp.com\/blogdoeloiltoncajuhy.com.br\/site\/wp-content\/uploads\/2021\/05\/PRF_ApreensaoMadeiraIlegalBonfim.jpeg\"><img data-recalc-dims=\"1\" fetchpriority=\"high\" decoding=\"async\" src=\"https:\/\/i0.wp.com\/blogdoeloiltoncajuhy.com.br\/site\/wp-content\/uploads\/2021\/05\/PRF_ApreensaoMadeiraIlegalBonfim.jpeg?resize=432%2C768\" alt=\"\" class=\"wp-image-56209\" width=\"432\" height=\"768\" srcset=\"https:\/\/i0.wp.com\/blogdoeloiltoncajuhy.com.br\/site\/wp-content\/uploads\/2021\/05\/PRF_ApreensaoMadeiraIlegalBonfim.jpeg?w=432&amp;ssl=1 432w, https:\/\/i0.wp.com\/blogdoeloiltoncajuhy.com.br\/site\/wp-content\/uploads\/2021\/05\/PRF_ApreensaoMadeiraIlegalBonfim.jpeg?resize=169%2C300&amp;ssl=1 169w\" sizes=\"(max-width: 432px) 100vw, 432px\" \/><\/a><\/figure><\/div>\n<\/div><\/div>\n<\/div><\/div>\n\n\n\n<p>Durante fiscaliza\u00e7\u00e3o no trecho, os PRFs abordaram um ve\u00edculo de carga para verifica\u00e7\u00e3o e constataram que a hist\u00f3ria narrada pelo condutor e a documenta\u00e7\u00e3o apresentada referente ao material, divergiam da realidade.<\/p>\n\n\n\n<p>Posteriormente, a equipe constatou que a carga de madeira n\u00e3o poderia ser considerada oriunda de reflorestamento e n\u00e3o possu\u00eda licen\u00e7a ambiental para transporte.<\/p>\n\n\n\n<p>Diante dos fatos, o crime de transporte ilegal de madeira foi encaminhado ao \u00f3rg\u00e3o ambiental local para ado\u00e7\u00e3o das medidas cab\u00edveis.<\/p>\n","protected":false},"excerpt":{"rendered":"<p>Na noite do \u00faltimo dia 04, a Pol\u00edcia Rodovi\u00e1ria Federal (PRF) flagrou mais um transporte irregular de madeira. Dessa vez, o fato foi registrado no KM 117 da BR 407, em Senhor do Bonfim (BA) Durante fiscaliza\u00e7\u00e3o no trecho, os PRFs abordaram um ve\u00edculo de carga para verifica\u00e7\u00e3o e constataram que a hist\u00f3ria narrada pelo [&hellip;]<\/p>\n","protected":false},"author":2,"featured_media":56209,"comment_status":"open","ping_status":"open","sticky":false,"template":"","format":"standard","meta":{"_acf_changed":false,"_monsterinsights_skip_tracking":false,"_monsterinsights_sitenote_active":false,"_monsterinsights_sitenote_note":"","_monsterinsights_sitenote_category":0,"_jetpack_memberships_contains_paid_content":false,"footnotes":"","jetpack_publicize_message":"","jetpack_publicize_feature_enabled":true,"jetpack_social_post_already_shared":true,"jetpack_social_options":{"image_generator_settings":{"template":"highway","default_image_id":0,"font":"","enabled":false},"version":2}},"categories":[15],"tags":[],"class_list":["post-56208","post","type-post","status-publish","format-standard","has-post-thumbnail","hentry","category-policia"],"acf":[],"jetpack_publicize_connections":[],"jetpack_featured_media_url":"https:\/\/i0.wp.com\/blogdoeloiltoncajuhy.com.br\/site\/wp-content\/uploads\/2021\/05\/PRF_ApreensaoMadeiraIlegalBonfim.jpeg?fit=432%2C768&ssl=1","jetpack_sharing_enabled":true,"publishpress_future_workflow_manual_trigger":{"enabledWorkflows":[]},"_links":{"self":[{"href":"https:\/\/blogdoeloiltoncajuhy.com.br\/site\/wp-json\/wp\/v2\/posts\/56208","targetHints":{"allow":["GET"]}}],"collection":[{"href":"https:\/\/blogdoeloiltoncajuhy.com.br\/site\/wp-json\/wp\/v2\/posts"}],"about":[{"href":"https:\/\/blogdoeloiltoncajuhy.com.br\/site\/wp-json\/wp\/v2\/types\/post"}],"author":[{"embeddable":true,"href":"https:\/\/blogdoeloiltoncajuhy.com.br\/site\/wp-json\/wp\/v2\/users\/2"}],"replies":[{"embeddable":true,"href":"https:\/\/blogdoeloiltoncajuhy.com.br\/site\/wp-json\/wp\/v2\/comments?post=56208"}],"version-history":[{"count":5,"href":"https:\/\/blogdoeloiltoncajuhy.com.br\/site\/wp-json\/wp\/v2\/posts\/56208\/revisions"}],"predecessor-version":[{"id":56214,"href":"https:\/\/blogdoeloiltoncajuhy.com.br\/site\/wp-json\/wp\/v2\/posts\/56208\/revisions\/56214"}],"wp:featuredmedia":[{"embeddable":true,"href":"https:\/\/blogdoeloiltoncajuhy.com.br\/site\/wp-json\/wp\/v2\/media\/56209"}],"wp:attachment":[{"href":"https:\/\/blogdoeloiltoncajuhy.com.br\/site\/wp-json\/wp\/v2\/media?parent=56208"}],"wp:term":[{"taxonomy":"category","embeddable":true,"href":"https:\/\/blogdoeloiltoncajuhy.com.br\/site\/wp-json\/wp\/v2\/categories?post=56208"},{"taxonomy":"post_tag","embeddable":true,"href":"https:\/\/blogdoeloiltoncajuhy.com.br\/site\/wp-json\/wp\/v2\/tags?post=56208"}],"curies":[{"name":"wp","href":"https:\/\/api.w.org\/{rel}","templated":true}]}}