{"id":56199,"date":"2021-05-06T18:07:00","date_gmt":"2021-05-06T21:07:00","guid":{"rendered":"http:\/\/blogdoeloiltoncajuhy.com.br\/site\/?p=56199"},"modified":"2021-05-06T20:41:00","modified_gmt":"2021-05-06T23:41:00","slug":"homem-e-preso-em-senhor-do-bonfim-por-sequestrar-as-duas-filhas","status":"publish","type":"post","link":"https:\/\/blogdoeloiltoncajuhy.com.br\/site\/homem-e-preso-em-senhor-do-bonfim-por-sequestrar-as-duas-filhas\/","title":{"rendered":"Homem \u00e9 preso em Senhor do Bonfim por sequestrar as duas filhas"},"content":{"rendered":"\n<h5 class=\"has-text-align-center wp-block-heading\"><em>Foragido do Cear\u00e1, foi localizado em Senhor do Bonfim, com uma pistola calibre 22, um rev\u00f3lver 38 e R$ 12 mil<\/em><\/h5>\n\n\n\n<div class=\"wp-block-image\"><figure class=\"aligncenter size-full is-resized\"><a href=\"https:\/\/i0.wp.com\/blogdoeloiltoncajuhy.com.br\/site\/wp-content\/uploads\/2020\/10\/POLICIA-CIVIL-1.jpg\"><img data-recalc-dims=\"1\" fetchpriority=\"high\" decoding=\"async\" src=\"https:\/\/i0.wp.com\/blogdoeloiltoncajuhy.com.br\/site\/wp-content\/uploads\/2020\/10\/POLICIA-CIVIL-1.jpg?resize=464%2C480\" alt=\"\" class=\"wp-image-50480\" width=\"464\" height=\"480\" srcset=\"https:\/\/i0.wp.com\/blogdoeloiltoncajuhy.com.br\/site\/wp-content\/uploads\/2020\/10\/POLICIA-CIVIL-1.jpg?w=619&amp;ssl=1 619w, https:\/\/i0.wp.com\/blogdoeloiltoncajuhy.com.br\/site\/wp-content\/uploads\/2020\/10\/POLICIA-CIVIL-1.jpg?resize=290%2C300&amp;ssl=1 290w\" sizes=\"(max-width: 464px) 100vw, 464px\" \/><\/a><\/figure><\/div>\n\n\n\n<p>Uma a\u00e7\u00e3o conjunta da 19a Coordenadoria Regional de Pol\u00edcia do Interior (Coorpin\/Senhor do Bonfim) com a Pol\u00edcia Civil do Cear\u00e1 resultou, na quarta-feira (5), na pris\u00e3o de um homem suspeito de sequestrar as filhas de 3 e 4 anos.<\/p>\n\n\n\n<p>De acordo com o coordenador da 19a Coorpin, delegado Felipe N\u00e9ri, o crime ocorreu na cidade de Jijoca de Jericoacoara. <em>&#8220;Com a suspeita de que o homem poderia estar escondido em Senhor do Bonfim, a PC do Cear\u00e1 nos acionou para dar apoio na localiza\u00e7\u00e3o dele e das filhas&#8221;<\/em>, acrescentou.<\/p>\n\n\n\n<p>O homem teve o mandado de pris\u00e3o cumprido e as crian\u00e7as ser\u00e3o devolvidas para a m\u00e3e. Uma pistola calibre 22, um rev\u00f3lver 38 e a quantia de R$ 12 mil foram apreendidos com o suspeito, que est\u00e1 \u00e0 disposi\u00e7\u00e3o da Justi\u00e7a.<\/p>\n","protected":false},"excerpt":{"rendered":"<p>Foragido do Cear\u00e1, foi localizado em Senhor do Bonfim, com uma pistola calibre 22, um rev\u00f3lver 38 e R$ 12 mil Uma a\u00e7\u00e3o conjunta da 19a Coordenadoria Regional de Pol\u00edcia do Interior (Coorpin\/Senhor do Bonfim) com a Pol\u00edcia Civil do Cear\u00e1 resultou, na quarta-feira (5), na pris\u00e3o de um homem suspeito de sequestrar as filhas [&hellip;]<\/p>\n","protected":false},"author":2,"featured_media":50472,"comment_status":"open","ping_status":"open","sticky":false,"template":"","format":"standard","meta":{"_acf_changed":false,"_monsterinsights_skip_tracking":false,"_monsterinsights_sitenote_active":false,"_monsterinsights_sitenote_note":"","_monsterinsights_sitenote_category":0,"_jetpack_memberships_contains_paid_content":false,"footnotes":"","jetpack_publicize_message":"","jetpack_publicize_feature_enabled":true,"jetpack_social_post_already_shared":true,"jetpack_social_options":{"image_generator_settings":{"template":"highway","default_image_id":0,"font":"","enabled":false},"version":2}},"categories":[15],"tags":[],"class_list":["post-56199","post","type-post","status-publish","format-standard","has-post-thumbnail","hentry","category-policia"],"acf":[],"jetpack_publicize_connections":[],"jetpack_featured_media_url":"https:\/\/i0.wp.com\/blogdoeloiltoncajuhy.com.br\/site\/wp-content\/uploads\/2020\/10\/POLICIA-CIVIL.jpg?fit=619%2C640&ssl=1","jetpack_sharing_enabled":true,"publishpress_future_workflow_manual_trigger":{"enabledWorkflows":[]},"_links":{"self":[{"href":"https:\/\/blogdoeloiltoncajuhy.com.br\/site\/wp-json\/wp\/v2\/posts\/56199","targetHints":{"allow":["GET"]}}],"collection":[{"href":"https:\/\/blogdoeloiltoncajuhy.com.br\/site\/wp-json\/wp\/v2\/posts"}],"about":[{"href":"https:\/\/blogdoeloiltoncajuhy.com.br\/site\/wp-json\/wp\/v2\/types\/post"}],"author":[{"embeddable":true,"href":"https:\/\/blogdoeloiltoncajuhy.com.br\/site\/wp-json\/wp\/v2\/users\/2"}],"replies":[{"embeddable":true,"href":"https:\/\/blogdoeloiltoncajuhy.com.br\/site\/wp-json\/wp\/v2\/comments?post=56199"}],"version-history":[{"count":4,"href":"https:\/\/blogdoeloiltoncajuhy.com.br\/site\/wp-json\/wp\/v2\/posts\/56199\/revisions"}],"predecessor-version":[{"id":56217,"href":"https:\/\/blogdoeloiltoncajuhy.com.br\/site\/wp-json\/wp\/v2\/posts\/56199\/revisions\/56217"}],"wp:featuredmedia":[{"embeddable":true,"href":"https:\/\/blogdoeloiltoncajuhy.com.br\/site\/wp-json\/wp\/v2\/media\/50472"}],"wp:attachment":[{"href":"https:\/\/blogdoeloiltoncajuhy.com.br\/site\/wp-json\/wp\/v2\/media?parent=56199"}],"wp:term":[{"taxonomy":"category","embeddable":true,"href":"https:\/\/blogdoeloiltoncajuhy.com.br\/site\/wp-json\/wp\/v2\/categories?post=56199"},{"taxonomy":"post_tag","embeddable":true,"href":"https:\/\/blogdoeloiltoncajuhy.com.br\/site\/wp-json\/wp\/v2\/tags?post=56199"}],"curies":[{"name":"wp","href":"https:\/\/api.w.org\/{rel}","templated":true}]}}